[{"@context":"https:\/\/schema.org\/","@type":"NewsArticle","@id":"https:\/\/www.bachhausen.de\/5-minuten-queer-feminismus-im-dialog-erster-schau-raeume-salon-in-villach\/#NewsArticle","mainEntityOfPage":"https:\/\/www.bachhausen.de\/5-minuten-queer-feminismus-im-dialog-erster-schau-raeume-salon-in-villach\/","headline":"5 Minuten: Queer-Feminismus im Dialog &#8211; Erster schau.R\u00e4ume Salon in Villach","name":"5 Minuten: Queer-Feminismus im Dialog &#8211; Erster schau.R\u00e4ume Salon in Villach","description":"Am Samstag fand die erste Veranstaltung der schau.R\u00e4ume Salons statt. Mehr als 50 Personen tauschten sich \u00fcber queer-feministische Perspektiven und gesellschaftliche Fragen aus. Direktlink","datePublished":"2025-03-12","dateModified":"2025-03-12","author":{"@type":"Person","@id":"##Person","name":"Redaktion","url":"#","identifier":19,"image":{"@type":"ImageObject","@id":"https:\/\/secure.gravatar.com\/avatar\/?s=96&d=monsterid&r=g","url":"https:\/\/secure.gravatar.com\/avatar\/?s=96&d=monsterid&r=g","height":96,"width":96}},"publisher":{"@type":"Person","name":"Dirk Bachhausen","image":{"@type":"ImageObject","@id":"https:\/\/www.bachhausen.de\/wp-content\/uploads\/2019\/07\/dirk_profil-300x300.jpg","url":"https:\/\/www.bachhausen.de\/wp-content\/uploads\/2019\/07\/dirk_profil-300x300.jpg","width":600,"height":60}},"image":{"@type":"ImageObject","@id":"https:\/\/www.bachhausen.de\/wp-content\/uploads\/2023\/09\/Zeitungsleser.webp","url":"https:\/\/www.bachhausen.de\/wp-content\/uploads\/2023\/09\/Zeitungsleser.webp","height":534,"width":800},"url":"https:\/\/www.bachhausen.de\/5-minuten-queer-feminismus-im-dialog-erster-schau-raeume-salon-in-villach\/","about":["Allgemein"],"wordCount":25,"keywords":["dialog","erster","feminismus","minuten","queer","raume","schau"],"articleBody":"Am Samstag fand die erste Veranstaltung der schau.R\u00e4ume Salons statt. Mehr als 50 Personen tauschten sich \u00fcber queer-feministische Perspektiven und gesellschaftliche Fragen aus. Direktlink"},{"@context":"https:\/\/schema.org\/","@type":"BreadcrumbList","itemListElement":[{"@type":"ListItem","position":1,"name":"5 Minuten: Queer-Feminismus im Dialog &#8211; Erster schau.R\u00e4ume Salon in Villach","item":"https:\/\/www.bachhausen.de\/5-minuten-queer-feminismus-im-dialog-erster-schau-raeume-salon-in-villach\/#breadcrumbitem"}]}]