{"@context":"https:\/\/schema.org\/","@type":"CollectionPage","@id":"https:\/\/www.bachhausen.de\/Thema\/allgemein\/lindweiler\/#CollectionPage","headline":"Lindweiler Category","description":"<p>Category Added in a WPeMatico Campaign<\/p>\n","url":"https:\/\/www.bachhausen.de\/Thema\/allgemein\/lindweiler\/","hasPart":[{"@type":"NewsArticle","@id":"https:\/\/www.bachhausen.de\/herzliche-einladung-ins-veedel-das-veedelsscafe-oeffnet-seine-tueren\/","headline":"Herzliche Einladung ins Veedel: Das VEEDELSSCAF\u00c9 \u00f6ffnet seine T\u00fcren!","url":"https:\/\/www.bachhausen.de\/herzliche-einladung-ins-veedel-das-veedelsscafe-oeffnet-seine-tueren\/","datePublished":"2025-06-13","dateModified":"2025-06-13","mainEntityOfPage":"https:\/\/www.bachhausen.de\/herzliche-einladung-ins-veedel-das-veedelsscafe-oeffnet-seine-tueren\/","author":{"@type":"Person","@id":"##Person","name":"Dirk Bachhausen","url":"#","identifier":22,"image":{"@type":"ImageObject","@id":"https:\/\/secure.gravatar.com\/avatar\/93ae70f78458966061adb399322453e29dbd2355588a233ff1df8b839ed01f72?s=96&d=monsterid&r=g","url":"https:\/\/secure.gravatar.com\/avatar\/93ae70f78458966061adb399322453e29dbd2355588a233ff1df8b839ed01f72?s=96&d=monsterid&r=g","height":96,"width":96}},"publisher":{"@type":"Person","name":"Dirk Bachhausen","image":{"@type":"ImageObject","@id":"https:\/\/www.bachhausen.de\/wp-content\/uploads\/2019\/07\/dirk_profil-300x300.jpg","url":"https:\/\/www.bachhausen.de\/wp-content\/uploads\/2019\/07\/dirk_profil-300x300.jpg","width":600,"height":60}},"image":{"@type":"ImageObject","@id":"https:\/\/www.bachhausen.de\/wp-content\/uploads\/2025\/06\/fruehstueck-e1749800697793.webp","url":"https:\/\/www.bachhausen.de\/wp-content\/uploads\/2025\/06\/fruehstueck-e1749800697793.webp","height":600,"width":424},"keywords":["einladung","herzliche","offnet","seine","turen","veedel","veedelsscafe"]},{"@type":"NewsArticle","@id":"https:\/\/www.bachhausen.de\/impressionen-vom-pol-fruehstueck-am-25-5-2025\/","headline":"Impressionen vom pol. Fr\u00fchst\u00fcck am 25.5.2025","url":"https:\/\/www.bachhausen.de\/impressionen-vom-pol-fruehstueck-am-25-5-2025\/","datePublished":"2025-06-11","dateModified":"2025-06-11","mainEntityOfPage":"https:\/\/www.bachhausen.de\/impressionen-vom-pol-fruehstueck-am-25-5-2025\/","author":{"@type":"Person","@id":"##Person","name":"Dirk Bachhausen","url":"#","identifier":22,"image":{"@type":"ImageObject","@id":"https:\/\/secure.gravatar.com\/avatar\/93ae70f78458966061adb399322453e29dbd2355588a233ff1df8b839ed01f72?s=96&d=monsterid&r=g","url":"https:\/\/secure.gravatar.com\/avatar\/93ae70f78458966061adb399322453e29dbd2355588a233ff1df8b839ed01f72?s=96&d=monsterid&r=g","height":96,"width":96}},"publisher":{"@type":"Person","name":"Dirk Bachhausen","image":{"@type":"ImageObject","@id":"https:\/\/www.bachhausen.de\/wp-content\/uploads\/2019\/07\/dirk_profil-300x300.jpg","url":"https:\/\/www.bachhausen.de\/wp-content\/uploads\/2019\/07\/dirk_profil-300x300.jpg","width":600,"height":60}},"image":{"@type":"ImageObject","@id":"https:\/\/www.bachhausen.de\/wp-content\/uploads\/2025\/06\/bv-lindweiler.jpg","url":"https:\/\/www.bachhausen.de\/wp-content\/uploads\/2025\/06\/bv-lindweiler.jpg","height":87,"width":100},"keywords":["fruhstuck","impressionen"]},{"@type":"NewsArticle","@id":"https:\/\/www.bachhausen.de\/veedelsbeirat-lindweiler-28-11-2024-1400-sitzung-vbl-0016-2024\/","headline":"Veedelsbeirat Lindweiler | 28.11.2024 &#8211; 14:00 (Sitzung VBL\/0016\/2024)","url":"https:\/\/www.bachhausen.de\/veedelsbeirat-lindweiler-28-11-2024-1400-sitzung-vbl-0016-2024\/","datePublished":"2024-11-07","dateModified":"2024-11-07","mainEntityOfPage":"https:\/\/www.bachhausen.de\/veedelsbeirat-lindweiler-28-11-2024-1400-sitzung-vbl-0016-2024\/","author":{"@type":"Person","@id":"##Person","name":"","url":"#","identifier":"","image":{"@type":"ImageObject","@id":"https:\/\/secure.gravatar.com\/avatar\/?s=96&d=monsterid&r=g","url":"https:\/\/secure.gravatar.com\/avatar\/?s=96&d=monsterid&r=g","height":96,"width":96}},"publisher":{"@type":"Person","name":"Dirk Bachhausen","image":{"@type":"ImageObject","@id":"https:\/\/www.bachhausen.de\/wp-content\/uploads\/2019\/07\/dirk_profil-300x300.jpg","url":"https:\/\/www.bachhausen.de\/wp-content\/uploads\/2019\/07\/dirk_profil-300x300.jpg","width":600,"height":60}},"image":{"@type":"ImageObject","@id":"https:\/\/www.bachhausen.de\/wp-content\/uploads\/2023\/09\/Zeitungsleser.webp","url":"https:\/\/www.bachhausen.de\/wp-content\/uploads\/2023\/09\/Zeitungsleser.webp","height":534,"width":800},"keywords":["lindweiler","sitzung","veedelsbeirat"]}]}