{"@context":"https:\/\/schema.org\/","@type":"CollectionPage","@id":"https:\/\/www.bachhausen.de\/Thema\/politik\/koeln\/#CollectionPage","headline":"K\u00f6ln Category","description":"","url":"https:\/\/www.bachhausen.de\/Thema\/politik\/koeln\/","hasPart":[{"@type":"NewsArticle","@id":"https:\/\/www.bachhausen.de\/zivilcourage-in-koeln-esch-enkel-stellt-falschen-polizisten-und-uebergibt-ihn-der-polizei\/","headline":"Zivilcourage in K\u00f6ln-Esch: Enkel stellt falschen Polizisten und \u00fcbergibt ihn der Polizei","url":"https:\/\/www.bachhausen.de\/zivilcourage-in-koeln-esch-enkel-stellt-falschen-polizisten-und-uebergibt-ihn-der-polizei\/","datePublished":"2026-04-30","dateModified":"2026-04-30","mainEntityOfPage":"https:\/\/www.bachhausen.de\/zivilcourage-in-koeln-esch-enkel-stellt-falschen-polizisten-und-uebergibt-ihn-der-polizei\/","author":{"@type":"Person","@id":"##Person","name":"K\u00f6lner Stadtanzeiger","url":"#","identifier":3,"description":"Der K\u00f6lner Stadtanzeiger","image":{"@type":"ImageObject","@id":"https:\/\/secure.gravatar.com\/avatar\/a3f43e8250594c4ed8be9e86201eefa6cc06ef89c032788db696432ac7e77173?s=96&d=monsterid&r=g","url":"https:\/\/secure.gravatar.com\/avatar\/a3f43e8250594c4ed8be9e86201eefa6cc06ef89c032788db696432ac7e77173?s=96&d=monsterid&r=g","height":96,"width":96}},"publisher":{"@type":"Person","name":"Dirk Bachhausen","image":{"@type":"ImageObject","@id":"https:\/\/www.bachhausen.de\/wp-content\/uploads\/2019\/07\/dirk_profil-300x300.jpg","url":"https:\/\/www.bachhausen.de\/wp-content\/uploads\/2019\/07\/dirk_profil-300x300.jpg","width":600,"height":60}},"image":{"@type":"ImageObject","@id":"https:\/\/www.bachhausen.de\/wp-content\/uploads\/2019\/07\/dirk_profil-300x300.jpg","url":"https:\/\/www.bachhausen.de\/wp-content\/uploads\/2019\/07\/dirk_profil-300x300.jpg","width":100,"height":100},"keywords":null},{"@type":"NewsArticle","@id":"https:\/\/www.bachhausen.de\/koeln-merkenich-startsignal-fuer-den-bau-der-klaerschlammverbrennungsanlage\/","headline":"K\u00f6ln-Merkenich: Startsignal f\u00fcr den Bau der Kl\u00e4rschlammverbrennungsanlage","url":"https:\/\/www.bachhausen.de\/koeln-merkenich-startsignal-fuer-den-bau-der-klaerschlammverbrennungsanlage\/","datePublished":"2026-04-29","dateModified":"2026-04-29","mainEntityOfPage":"https:\/\/www.bachhausen.de\/koeln-merkenich-startsignal-fuer-den-bau-der-klaerschlammverbrennungsanlage\/","author":{"@type":"Person","@id":"##Person","name":"K\u00f6lner Stadtanzeiger","url":"#","identifier":3,"description":"Der K\u00f6lner Stadtanzeiger","image":{"@type":"ImageObject","@id":"https:\/\/secure.gravatar.com\/avatar\/a3f43e8250594c4ed8be9e86201eefa6cc06ef89c032788db696432ac7e77173?s=96&d=monsterid&r=g","url":"https:\/\/secure.gravatar.com\/avatar\/a3f43e8250594c4ed8be9e86201eefa6cc06ef89c032788db696432ac7e77173?s=96&d=monsterid&r=g","height":96,"width":96}},"publisher":{"@type":"Person","name":"Dirk Bachhausen","image":{"@type":"ImageObject","@id":"https:\/\/www.bachhausen.de\/wp-content\/uploads\/2019\/07\/dirk_profil-300x300.jpg","url":"https:\/\/www.bachhausen.de\/wp-content\/uploads\/2019\/07\/dirk_profil-300x300.jpg","width":600,"height":60}},"image":{"@type":"ImageObject","@id":"https:\/\/www.bachhausen.de\/wp-content\/uploads\/2019\/07\/dirk_profil-300x300.jpg","url":"https:\/\/www.bachhausen.de\/wp-content\/uploads\/2019\/07\/dirk_profil-300x300.jpg","width":100,"height":100},"keywords":null},{"@type":"NewsArticle","@id":"https:\/\/www.bachhausen.de\/koeln-chorweiler-buerger-kuendigen-klage-gegen-geplante-klaerschlammverbrennung-in-merkenich-an\/","headline":"K\u00f6ln-Chorweiler: B\u00fcrger k\u00fcndigen Klage gegen geplante Kl\u00e4rschlammverbrennung in Merkenich an","url":"https:\/\/www.bachhausen.de\/koeln-chorweiler-buerger-kuendigen-klage-gegen-geplante-klaerschlammverbrennung-in-merkenich-an\/","datePublished":"2026-04-26","dateModified":"2026-04-26","mainEntityOfPage":"https:\/\/www.bachhausen.de\/koeln-chorweiler-buerger-kuendigen-klage-gegen-geplante-klaerschlammverbrennung-in-merkenich-an\/","author":{"@type":"Person","@id":"##Person","name":"K\u00f6lner Stadtanzeiger","url":"#","identifier":3,"description":"Der K\u00f6lner Stadtanzeiger","image":{"@type":"ImageObject","@id":"https:\/\/secure.gravatar.com\/avatar\/a3f43e8250594c4ed8be9e86201eefa6cc06ef89c032788db696432ac7e77173?s=96&d=monsterid&r=g","url":"https:\/\/secure.gravatar.com\/avatar\/a3f43e8250594c4ed8be9e86201eefa6cc06ef89c032788db696432ac7e77173?s=96&d=monsterid&r=g","height":96,"width":96}},"publisher":{"@type":"Person","name":"Dirk Bachhausen","image":{"@type":"ImageObject","@id":"https:\/\/www.bachhausen.de\/wp-content\/uploads\/2019\/07\/dirk_profil-300x300.jpg","url":"https:\/\/www.bachhausen.de\/wp-content\/uploads\/2019\/07\/dirk_profil-300x300.jpg","width":600,"height":60}},"image":{"@type":"ImageObject","@id":"https:\/\/www.bachhausen.de\/wp-content\/uploads\/2019\/07\/dirk_profil-300x300.jpg","url":"https:\/\/www.bachhausen.de\/wp-content\/uploads\/2019\/07\/dirk_profil-300x300.jpg","width":100,"height":100},"keywords":null},{"@type":"NewsArticle","@id":"https:\/\/www.bachhausen.de\/muenchen-hat-doch-eine-bessere-beteiligung-anmerkungen-zu-olympia-buergerentscheid-in-nrw\/","headline":"M\u00fcnchen hat doch eine bessere Beteiligung: Anmerkungen zu Olympia-B\u00fcrgerentscheid in NRW","url":"https:\/\/www.bachhausen.de\/muenchen-hat-doch-eine-bessere-beteiligung-anmerkungen-zu-olympia-buergerentscheid-in-nrw\/","datePublished":"2026-04-24","dateModified":"2026-04-24","mainEntityOfPage":"https:\/\/www.bachhausen.de\/muenchen-hat-doch-eine-bessere-beteiligung-anmerkungen-zu-olympia-buergerentscheid-in-nrw\/","author":{"@type":"Person","@id":"##Person","name":"Redaktion","url":"#","identifier":19,"image":{"@type":"ImageObject","@id":"https:\/\/secure.gravatar.com\/avatar\/?s=96&d=monsterid&r=g","url":"https:\/\/secure.gravatar.com\/avatar\/?s=96&d=monsterid&r=g","height":96,"width":96}},"publisher":{"@type":"Person","name":"Dirk Bachhausen","image":{"@type":"ImageObject","@id":"https:\/\/www.bachhausen.de\/wp-content\/uploads\/2019\/07\/dirk_profil-300x300.jpg","url":"https:\/\/www.bachhausen.de\/wp-content\/uploads\/2019\/07\/dirk_profil-300x300.jpg","width":600,"height":60}},"image":{"@type":"ImageObject","@id":"https:\/\/www.bachhausen.de\/wp-content\/uploads\/2026\/04\/2026-04-19Olympia_Abstimmung-NRW_Endergebnis-678x381.jpg","url":"https:\/\/www.bachhausen.de\/wp-content\/uploads\/2026\/04\/2026-04-19Olympia_Abstimmung-NRW_Endergebnis-678x381.jpg","height":381,"width":678},"keywords":null},{"@type":"NewsArticle","@id":"https:\/\/www.bachhausen.de\/gegen-das-neutralitaetsgebot-verstossen-25-euro-nachtzuschlag-ein-hohn\/","headline":"Gegen das Neutralit\u00e4tsgebot versto\u00dfen! 25 Euro Nachtzuschlag ein Hohn!","url":"https:\/\/www.bachhausen.de\/gegen-das-neutralitaetsgebot-verstossen-25-euro-nachtzuschlag-ein-hohn\/","datePublished":"2026-04-22","dateModified":"2026-04-22","mainEntityOfPage":"https:\/\/www.bachhausen.de\/gegen-das-neutralitaetsgebot-verstossen-25-euro-nachtzuschlag-ein-hohn\/","author":{"@type":"Person","@id":"##Person","name":"Redaktion","url":"#","identifier":19,"image":{"@type":"ImageObject","@id":"https:\/\/secure.gravatar.com\/avatar\/?s=96&d=monsterid&r=g","url":"https:\/\/secure.gravatar.com\/avatar\/?s=96&d=monsterid&r=g","height":96,"width":96}},"publisher":{"@type":"Person","name":"Dirk Bachhausen","image":{"@type":"ImageObject","@id":"https:\/\/www.bachhausen.de\/wp-content\/uploads\/2019\/07\/dirk_profil-300x300.jpg","url":"https:\/\/www.bachhausen.de\/wp-content\/uploads\/2019\/07\/dirk_profil-300x300.jpg","width":600,"height":60}},"image":{"@type":"ImageObject","@id":"https:\/\/www.bachhausen.de\/wp-content\/uploads\/2026\/04\/2026-0419_Wahlauszaehlung_Olympia-Koeln-678x381.jpg","url":"https:\/\/www.bachhausen.de\/wp-content\/uploads\/2026\/04\/2026-0419_Wahlauszaehlung_Olympia-Koeln-678x381.jpg","height":381,"width":678},"keywords":null},{"@type":"NewsArticle","@id":"https:\/\/www.bachhausen.de\/gemeinschaftsprojekt-im-stadtteil-garten-der-generationen-oeffnet-in-koeln-chorweiler\/","headline":"Gemeinschaftsprojekt im Stadtteil: Garten der Generationen \u00f6ffnet in K\u00f6ln-Chorweiler","url":"https:\/\/www.bachhausen.de\/gemeinschaftsprojekt-im-stadtteil-garten-der-generationen-oeffnet-in-koeln-chorweiler\/","datePublished":"2026-04-22","dateModified":"2026-04-22","mainEntityOfPage":"https:\/\/www.bachhausen.de\/gemeinschaftsprojekt-im-stadtteil-garten-der-generationen-oeffnet-in-koeln-chorweiler\/","author":{"@type":"Person","@id":"##Person","name":"K\u00f6lner Stadtanzeiger","url":"#","identifier":3,"description":"Der K\u00f6lner Stadtanzeiger","image":{"@type":"ImageObject","@id":"https:\/\/secure.gravatar.com\/avatar\/a3f43e8250594c4ed8be9e86201eefa6cc06ef89c032788db696432ac7e77173?s=96&d=monsterid&r=g","url":"https:\/\/secure.gravatar.com\/avatar\/a3f43e8250594c4ed8be9e86201eefa6cc06ef89c032788db696432ac7e77173?s=96&d=monsterid&r=g","height":96,"width":96}},"publisher":{"@type":"Person","name":"Dirk Bachhausen","image":{"@type":"ImageObject","@id":"https:\/\/www.bachhausen.de\/wp-content\/uploads\/2019\/07\/dirk_profil-300x300.jpg","url":"https:\/\/www.bachhausen.de\/wp-content\/uploads\/2019\/07\/dirk_profil-300x300.jpg","width":600,"height":60}},"image":{"@type":"ImageObject","@id":"https:\/\/www.bachhausen.de\/wp-content\/uploads\/2019\/07\/dirk_profil-300x300.jpg","url":"https:\/\/www.bachhausen.de\/wp-content\/uploads\/2019\/07\/dirk_profil-300x300.jpg","width":100,"height":100},"keywords":null},{"@type":"NewsArticle","@id":"https:\/\/www.bachhausen.de\/nolympia-in-koeln-zeigt-wirkung\/","headline":"NOlympia in K\u00f6ln zeigt Wirkung","url":"https:\/\/www.bachhausen.de\/nolympia-in-koeln-zeigt-wirkung\/","datePublished":"2026-04-20","dateModified":"2026-04-20","mainEntityOfPage":"https:\/\/www.bachhausen.de\/nolympia-in-koeln-zeigt-wirkung\/","author":{"@type":"Person","@id":"##Person","name":"Redaktion","url":"#","identifier":19,"image":{"@type":"ImageObject","@id":"https:\/\/secure.gravatar.com\/avatar\/?s=96&d=monsterid&r=g","url":"https:\/\/secure.gravatar.com\/avatar\/?s=96&d=monsterid&r=g","height":96,"width":96}},"publisher":{"@type":"Person","name":"Dirk Bachhausen","image":{"@type":"ImageObject","@id":"https:\/\/www.bachhausen.de\/wp-content\/uploads\/2019\/07\/dirk_profil-300x300.jpg","url":"https:\/\/www.bachhausen.de\/wp-content\/uploads\/2019\/07\/dirk_profil-300x300.jpg","width":600,"height":60}},"image":{"@type":"ImageObject","@id":"https:\/\/www.bachhausen.de\/wp-content\/uploads\/2026\/04\/24032026_BRO_5903-678x381.jpg","url":"https:\/\/www.bachhausen.de\/wp-content\/uploads\/2026\/04\/24032026_BRO_5903-678x381.jpg","height":381,"width":678},"keywords":null},{"@type":"NewsArticle","@id":"https:\/\/www.bachhausen.de\/ist-dabei-sein-alles\/","headline":"Ist dabei sein alles?","url":"https:\/\/www.bachhausen.de\/ist-dabei-sein-alles\/","datePublished":"2026-04-20","dateModified":"2026-04-20","mainEntityOfPage":"https:\/\/www.bachhausen.de\/ist-dabei-sein-alles\/","author":{"@type":"Person","@id":"##Person","name":"Redaktion","url":"#","identifier":19,"image":{"@type":"ImageObject","@id":"https:\/\/secure.gravatar.com\/avatar\/?s=96&d=monsterid&r=g","url":"https:\/\/secure.gravatar.com\/avatar\/?s=96&d=monsterid&r=g","height":96,"width":96}},"publisher":{"@type":"Person","name":"Dirk Bachhausen","image":{"@type":"ImageObject","@id":"https:\/\/www.bachhausen.de\/wp-content\/uploads\/2019\/07\/dirk_profil-300x300.jpg","url":"https:\/\/www.bachhausen.de\/wp-content\/uploads\/2019\/07\/dirk_profil-300x300.jpg","width":600,"height":60}},"image":{"@type":"ImageObject","@id":"https:\/\/www.bachhausen.de\/wp-content\/uploads\/2026\/04\/PHOTO-2026-02-21-14-30-46rgb-678x381.jpg","url":"https:\/\/www.bachhausen.de\/wp-content\/uploads\/2026\/04\/PHOTO-2026-02-21-14-30-46rgb-678x381.jpg","height":381,"width":678},"keywords":null},{"@type":"NewsArticle","@id":"https:\/\/www.bachhausen.de\/dritter-fall-in-fuenf-tagen-erneut-zigarettenautomat-in-koeln-chorweiler-gesprengt\/","headline":"Dritter Fall in f\u00fcnf Tagen: Erneut Zigarettenautomat in K\u00f6ln-Chorweiler gesprengt","url":"https:\/\/www.bachhausen.de\/dritter-fall-in-fuenf-tagen-erneut-zigarettenautomat-in-koeln-chorweiler-gesprengt\/","datePublished":"2026-04-17","dateModified":"2026-04-17","mainEntityOfPage":"https:\/\/www.bachhausen.de\/dritter-fall-in-fuenf-tagen-erneut-zigarettenautomat-in-koeln-chorweiler-gesprengt\/","author":{"@type":"Person","@id":"##Person","name":"K\u00f6lner Stadtanzeiger","url":"#","identifier":3,"description":"Der K\u00f6lner Stadtanzeiger","image":{"@type":"ImageObject","@id":"https:\/\/secure.gravatar.com\/avatar\/a3f43e8250594c4ed8be9e86201eefa6cc06ef89c032788db696432ac7e77173?s=96&d=monsterid&r=g","url":"https:\/\/secure.gravatar.com\/avatar\/a3f43e8250594c4ed8be9e86201eefa6cc06ef89c032788db696432ac7e77173?s=96&d=monsterid&r=g","height":96,"width":96}},"publisher":{"@type":"Person","name":"Dirk Bachhausen","image":{"@type":"ImageObject","@id":"https:\/\/www.bachhausen.de\/wp-content\/uploads\/2019\/07\/dirk_profil-300x300.jpg","url":"https:\/\/www.bachhausen.de\/wp-content\/uploads\/2019\/07\/dirk_profil-300x300.jpg","width":600,"height":60}},"image":{"@type":"ImageObject","@id":"https:\/\/www.bachhausen.de\/wp-content\/uploads\/2019\/07\/dirk_profil-300x300.jpg","url":"https:\/\/www.bachhausen.de\/wp-content\/uploads\/2019\/07\/dirk_profil-300x300.jpg","width":100,"height":100},"keywords":null},{"@type":"NewsArticle","@id":"https:\/\/www.bachhausen.de\/sportschau-hinterfragt-bedeutung-vom-spitzensport\/","headline":"Sportschau hinterfragt Bedeutung vom Spitzensport","url":"https:\/\/www.bachhausen.de\/sportschau-hinterfragt-bedeutung-vom-spitzensport\/","datePublished":"2026-04-14","dateModified":"2026-04-14","mainEntityOfPage":"https:\/\/www.bachhausen.de\/sportschau-hinterfragt-bedeutung-vom-spitzensport\/","author":{"@type":"Person","@id":"##Person","name":"Redaktion","url":"#","identifier":19,"image":{"@type":"ImageObject","@id":"https:\/\/secure.gravatar.com\/avatar\/?s=96&d=monsterid&r=g","url":"https:\/\/secure.gravatar.com\/avatar\/?s=96&d=monsterid&r=g","height":96,"width":96}},"publisher":{"@type":"Person","name":"Dirk Bachhausen","image":{"@type":"ImageObject","@id":"https:\/\/www.bachhausen.de\/wp-content\/uploads\/2019\/07\/dirk_profil-300x300.jpg","url":"https:\/\/www.bachhausen.de\/wp-content\/uploads\/2019\/07\/dirk_profil-300x300.jpg","width":600,"height":60}},"image":{"@type":"ImageObject","@id":"https:\/\/nolympia-colonia.de\/wp-content\/uploads\/2026\/04\/VA_Essen-678x381.jpg","url":"https:\/\/nolympia-colonia.de\/wp-content\/uploads\/2026\/04\/VA_Essen-678x381.jpg","height":"","width":""},"keywords":null}]}