{"@context":"https:\/\/schema.org\/","@type":"CollectionPage","@id":"https:\/\/www.bachhausen.de\/Thema\/politik\/koeln\/#CollectionPage","headline":"K\u00f6ln Category","description":"","url":"https:\/\/www.bachhausen.de\/Thema\/politik\/koeln\/","hasPart":[{"@type":"NewsArticle","@id":"https:\/\/www.bachhausen.de\/st-martin-2025-in-koeln-hier-ziehen-martinsumzuege-durch-koeln-chorweiler\/","headline":"St. Martin 2025 in K\u00f6ln: Hier ziehen Martinsumz\u00fcge durch K\u00f6ln-Chorweiler","url":"https:\/\/www.bachhausen.de\/st-martin-2025-in-koeln-hier-ziehen-martinsumzuege-durch-koeln-chorweiler\/","datePublished":"2025-10-31","dateModified":"2025-10-31","mainEntityOfPage":"https:\/\/www.bachhausen.de\/st-martin-2025-in-koeln-hier-ziehen-martinsumzuege-durch-koeln-chorweiler\/","author":{"@type":"Person","@id":"##Person","name":"K\u00f6lner Stadtanzeiger","url":"#","identifier":3,"description":"Der K\u00f6lner Stadtanzeiger","image":{"@type":"ImageObject","@id":"https:\/\/secure.gravatar.com\/avatar\/a3f43e8250594c4ed8be9e86201eefa6cc06ef89c032788db696432ac7e77173?s=96&d=monsterid&r=g","url":"https:\/\/secure.gravatar.com\/avatar\/a3f43e8250594c4ed8be9e86201eefa6cc06ef89c032788db696432ac7e77173?s=96&d=monsterid&r=g","height":96,"width":96}},"publisher":{"@type":"Person","name":"Dirk Bachhausen","image":{"@type":"ImageObject","@id":"https:\/\/www.bachhausen.de\/wp-content\/uploads\/2019\/07\/dirk_profil-300x300.jpg","url":"https:\/\/www.bachhausen.de\/wp-content\/uploads\/2019\/07\/dirk_profil-300x300.jpg","width":600,"height":60}},"image":{"@type":"ImageObject","@id":"https:\/\/www.bachhausen.de\/wp-content\/uploads\/2019\/07\/dirk_profil-300x300.jpg","url":"https:\/\/www.bachhausen.de\/wp-content\/uploads\/2019\/07\/dirk_profil-300x300.jpg","width":100,"height":100},"keywords":null},{"@type":"NewsArticle","@id":"https:\/\/www.bachhausen.de\/seit-50-jahren-ein-jahr-lang-feierte-das-heinrich-mann-gymnasium\/","headline":"Seit 50 Jahren: Ein Jahr lang feierte das Heinrich-Mann-Gymnasium","url":"https:\/\/www.bachhausen.de\/seit-50-jahren-ein-jahr-lang-feierte-das-heinrich-mann-gymnasium\/","datePublished":"2025-10-26","dateModified":"2025-10-26","mainEntityOfPage":"https:\/\/www.bachhausen.de\/seit-50-jahren-ein-jahr-lang-feierte-das-heinrich-mann-gymnasium\/","author":{"@type":"Person","@id":"##Person","name":"K\u00f6lner Stadtanzeiger","url":"#","identifier":3,"description":"Der K\u00f6lner Stadtanzeiger","image":{"@type":"ImageObject","@id":"https:\/\/secure.gravatar.com\/avatar\/a3f43e8250594c4ed8be9e86201eefa6cc06ef89c032788db696432ac7e77173?s=96&d=monsterid&r=g","url":"https:\/\/secure.gravatar.com\/avatar\/a3f43e8250594c4ed8be9e86201eefa6cc06ef89c032788db696432ac7e77173?s=96&d=monsterid&r=g","height":96,"width":96}},"publisher":{"@type":"Person","name":"Dirk Bachhausen","image":{"@type":"ImageObject","@id":"https:\/\/www.bachhausen.de\/wp-content\/uploads\/2019\/07\/dirk_profil-300x300.jpg","url":"https:\/\/www.bachhausen.de\/wp-content\/uploads\/2019\/07\/dirk_profil-300x300.jpg","width":600,"height":60}},"image":{"@type":"ImageObject","@id":"https:\/\/www.bachhausen.de\/wp-content\/uploads\/2019\/07\/dirk_profil-300x300.jpg","url":"https:\/\/www.bachhausen.de\/wp-content\/uploads\/2019\/07\/dirk_profil-300x300.jpg","width":100,"height":100},"keywords":null},{"@type":"NewsArticle","@id":"https:\/\/www.bachhausen.de\/streit-ums-parken-politiker-stimmen-kurzzeitzone-am-friedhof-in-weiler-zu\/","headline":"Streit ums Parken: Politiker stimmen Kurzzeitzone am Friedhof in Weiler zu","url":"https:\/\/www.bachhausen.de\/streit-ums-parken-politiker-stimmen-kurzzeitzone-am-friedhof-in-weiler-zu\/","datePublished":"2025-10-13","dateModified":"2025-10-13","mainEntityOfPage":"https:\/\/www.bachhausen.de\/streit-ums-parken-politiker-stimmen-kurzzeitzone-am-friedhof-in-weiler-zu\/","author":{"@type":"Person","@id":"##Person","name":"K\u00f6lner Stadtanzeiger","url":"#","identifier":3,"description":"Der K\u00f6lner Stadtanzeiger","image":{"@type":"ImageObject","@id":"https:\/\/secure.gravatar.com\/avatar\/a3f43e8250594c4ed8be9e86201eefa6cc06ef89c032788db696432ac7e77173?s=96&d=monsterid&r=g","url":"https:\/\/secure.gravatar.com\/avatar\/a3f43e8250594c4ed8be9e86201eefa6cc06ef89c032788db696432ac7e77173?s=96&d=monsterid&r=g","height":96,"width":96}},"publisher":{"@type":"Person","name":"Dirk Bachhausen","image":{"@type":"ImageObject","@id":"https:\/\/www.bachhausen.de\/wp-content\/uploads\/2019\/07\/dirk_profil-300x300.jpg","url":"https:\/\/www.bachhausen.de\/wp-content\/uploads\/2019\/07\/dirk_profil-300x300.jpg","width":600,"height":60}},"image":{"@type":"ImageObject","@id":"https:\/\/www.bachhausen.de\/wp-content\/uploads\/2019\/07\/dirk_profil-300x300.jpg","url":"https:\/\/www.bachhausen.de\/wp-content\/uploads\/2019\/07\/dirk_profil-300x300.jpg","width":100,"height":100},"keywords":null},{"@type":"NewsArticle","@id":"https:\/\/www.bachhausen.de\/koeln-chorweiler-freifallrutsche-und-sandtheke-fuer-spielplatz-beschlossen\/","headline":"K\u00f6ln-Chorweiler: Freifallrutsche und Sandtheke f\u00fcr Spielplatz beschlossen","url":"https:\/\/www.bachhausen.de\/koeln-chorweiler-freifallrutsche-und-sandtheke-fuer-spielplatz-beschlossen\/","datePublished":"2025-10-12","dateModified":"2025-10-12","mainEntityOfPage":"https:\/\/www.bachhausen.de\/koeln-chorweiler-freifallrutsche-und-sandtheke-fuer-spielplatz-beschlossen\/","author":{"@type":"Person","@id":"##Person","name":"K\u00f6lner Stadtanzeiger","url":"#","identifier":3,"description":"Der K\u00f6lner Stadtanzeiger","image":{"@type":"ImageObject","@id":"https:\/\/secure.gravatar.com\/avatar\/a3f43e8250594c4ed8be9e86201eefa6cc06ef89c032788db696432ac7e77173?s=96&d=monsterid&r=g","url":"https:\/\/secure.gravatar.com\/avatar\/a3f43e8250594c4ed8be9e86201eefa6cc06ef89c032788db696432ac7e77173?s=96&d=monsterid&r=g","height":96,"width":96}},"publisher":{"@type":"Person","name":"Dirk Bachhausen","image":{"@type":"ImageObject","@id":"https:\/\/www.bachhausen.de\/wp-content\/uploads\/2019\/07\/dirk_profil-300x300.jpg","url":"https:\/\/www.bachhausen.de\/wp-content\/uploads\/2019\/07\/dirk_profil-300x300.jpg","width":600,"height":60}},"image":{"@type":"ImageObject","@id":"https:\/\/www.bachhausen.de\/wp-content\/uploads\/2019\/07\/dirk_profil-300x300.jpg","url":"https:\/\/www.bachhausen.de\/wp-content\/uploads\/2019\/07\/dirk_profil-300x300.jpg","width":100,"height":100},"keywords":null},{"@type":"NewsArticle","@id":"https:\/\/www.bachhausen.de\/grosseinsatz-im-koelner-norden-feuer-an-koelner-hochhaus-brandursache-unklar\/","headline":"Gro\u00dfeinsatz im K\u00f6lner Norden: Feuer an K\u00f6lner Hochhaus \u2013 Brandursache unklar","url":"https:\/\/www.bachhausen.de\/grosseinsatz-im-koelner-norden-feuer-an-koelner-hochhaus-brandursache-unklar\/","datePublished":"2025-10-03","dateModified":"2025-10-03","mainEntityOfPage":"https:\/\/www.bachhausen.de\/grosseinsatz-im-koelner-norden-feuer-an-koelner-hochhaus-brandursache-unklar\/","author":{"@type":"Person","@id":"##Person","name":"K\u00f6lner Stadtanzeiger","url":"#","identifier":3,"description":"Der K\u00f6lner Stadtanzeiger","image":{"@type":"ImageObject","@id":"https:\/\/secure.gravatar.com\/avatar\/a3f43e8250594c4ed8be9e86201eefa6cc06ef89c032788db696432ac7e77173?s=96&d=monsterid&r=g","url":"https:\/\/secure.gravatar.com\/avatar\/a3f43e8250594c4ed8be9e86201eefa6cc06ef89c032788db696432ac7e77173?s=96&d=monsterid&r=g","height":96,"width":96}},"publisher":{"@type":"Person","name":"Dirk Bachhausen","image":{"@type":"ImageObject","@id":"https:\/\/www.bachhausen.de\/wp-content\/uploads\/2019\/07\/dirk_profil-300x300.jpg","url":"https:\/\/www.bachhausen.de\/wp-content\/uploads\/2019\/07\/dirk_profil-300x300.jpg","width":600,"height":60}},"image":{"@type":"ImageObject","@id":"https:\/\/www.bachhausen.de\/wp-content\/uploads\/2019\/07\/dirk_profil-300x300.jpg","url":"https:\/\/www.bachhausen.de\/wp-content\/uploads\/2019\/07\/dirk_profil-300x300.jpg","width":100,"height":100},"keywords":null},{"@type":"NewsArticle","@id":"https:\/\/www.bachhausen.de\/autos-fliegen-zu-tief-politiker-fordern-seitenlinienradar-in-koeln-fuehlingen\/","headline":"\u201eAutos fliegen zu tief\u201c: Politiker fordern \u201eSeitenlinienradar\u201c in K\u00f6ln-F\u00fchlingen","url":"https:\/\/www.bachhausen.de\/autos-fliegen-zu-tief-politiker-fordern-seitenlinienradar-in-koeln-fuehlingen\/","datePublished":"2025-10-02","dateModified":"2025-10-02","mainEntityOfPage":"https:\/\/www.bachhausen.de\/autos-fliegen-zu-tief-politiker-fordern-seitenlinienradar-in-koeln-fuehlingen\/","author":{"@type":"Person","@id":"##Person","name":"K\u00f6lner Stadtanzeiger","url":"#","identifier":3,"description":"Der K\u00f6lner Stadtanzeiger","image":{"@type":"ImageObject","@id":"https:\/\/secure.gravatar.com\/avatar\/a3f43e8250594c4ed8be9e86201eefa6cc06ef89c032788db696432ac7e77173?s=96&d=monsterid&r=g","url":"https:\/\/secure.gravatar.com\/avatar\/a3f43e8250594c4ed8be9e86201eefa6cc06ef89c032788db696432ac7e77173?s=96&d=monsterid&r=g","height":96,"width":96}},"publisher":{"@type":"Person","name":"Dirk Bachhausen","image":{"@type":"ImageObject","@id":"https:\/\/www.bachhausen.de\/wp-content\/uploads\/2019\/07\/dirk_profil-300x300.jpg","url":"https:\/\/www.bachhausen.de\/wp-content\/uploads\/2019\/07\/dirk_profil-300x300.jpg","width":600,"height":60}},"image":{"@type":"ImageObject","@id":"https:\/\/www.bachhausen.de\/wp-content\/uploads\/2019\/07\/dirk_profil-300x300.jpg","url":"https:\/\/www.bachhausen.de\/wp-content\/uploads\/2019\/07\/dirk_profil-300x300.jpg","width":100,"height":100},"keywords":null},{"@type":"NewsArticle","@id":"https:\/\/www.bachhausen.de\/unfall-in-worringen-autofahrer-fluechtet-nach-kollision-mit-fussgaengerin\/","headline":"Unfall in Worringen: Autofahrer fl\u00fcchtet nach Kollision mit Fu\u00dfg\u00e4ngerin","url":"https:\/\/www.bachhausen.de\/unfall-in-worringen-autofahrer-fluechtet-nach-kollision-mit-fussgaengerin\/","datePublished":"2025-10-01","dateModified":"2025-10-01","mainEntityOfPage":"https:\/\/www.bachhausen.de\/unfall-in-worringen-autofahrer-fluechtet-nach-kollision-mit-fussgaengerin\/","author":{"@type":"Person","@id":"##Person","name":"K\u00f6lner Stadtanzeiger","url":"#","identifier":3,"description":"Der K\u00f6lner Stadtanzeiger","image":{"@type":"ImageObject","@id":"https:\/\/secure.gravatar.com\/avatar\/a3f43e8250594c4ed8be9e86201eefa6cc06ef89c032788db696432ac7e77173?s=96&d=monsterid&r=g","url":"https:\/\/secure.gravatar.com\/avatar\/a3f43e8250594c4ed8be9e86201eefa6cc06ef89c032788db696432ac7e77173?s=96&d=monsterid&r=g","height":96,"width":96}},"publisher":{"@type":"Person","name":"Dirk Bachhausen","image":{"@type":"ImageObject","@id":"https:\/\/www.bachhausen.de\/wp-content\/uploads\/2019\/07\/dirk_profil-300x300.jpg","url":"https:\/\/www.bachhausen.de\/wp-content\/uploads\/2019\/07\/dirk_profil-300x300.jpg","width":600,"height":60}},"image":{"@type":"ImageObject","@id":"https:\/\/www.bachhausen.de\/wp-content\/uploads\/2019\/07\/dirk_profil-300x300.jpg","url":"https:\/\/www.bachhausen.de\/wp-content\/uploads\/2019\/07\/dirk_profil-300x300.jpg","width":100,"height":100},"keywords":null},{"@type":"NewsArticle","@id":"https:\/\/www.bachhausen.de\/kommunalwahl-2025-ergebnisse-zur-ob-wahl-in-koeln-so-hat-der-bezirk-chorweiler-gewaehlt\/","headline":"Kommunalwahl 2025: Ergebnisse zur OB-Wahl in K\u00f6ln \u2013 So hat der Bezirk Chorweiler gew\u00e4hlt","url":"https:\/\/www.bachhausen.de\/kommunalwahl-2025-ergebnisse-zur-ob-wahl-in-koeln-so-hat-der-bezirk-chorweiler-gewaehlt\/","datePublished":"2025-09-14","dateModified":"2025-09-14","mainEntityOfPage":"https:\/\/www.bachhausen.de\/kommunalwahl-2025-ergebnisse-zur-ob-wahl-in-koeln-so-hat-der-bezirk-chorweiler-gewaehlt\/","author":{"@type":"Person","@id":"##Person","name":"K\u00f6lner Stadtanzeiger","url":"#","identifier":3,"description":"Der K\u00f6lner Stadtanzeiger","image":{"@type":"ImageObject","@id":"https:\/\/secure.gravatar.com\/avatar\/a3f43e8250594c4ed8be9e86201eefa6cc06ef89c032788db696432ac7e77173?s=96&d=monsterid&r=g","url":"https:\/\/secure.gravatar.com\/avatar\/a3f43e8250594c4ed8be9e86201eefa6cc06ef89c032788db696432ac7e77173?s=96&d=monsterid&r=g","height":96,"width":96}},"publisher":{"@type":"Person","name":"Dirk Bachhausen","image":{"@type":"ImageObject","@id":"https:\/\/www.bachhausen.de\/wp-content\/uploads\/2019\/07\/dirk_profil-300x300.jpg","url":"https:\/\/www.bachhausen.de\/wp-content\/uploads\/2019\/07\/dirk_profil-300x300.jpg","width":600,"height":60}},"image":{"@type":"ImageObject","@id":"https:\/\/www.bachhausen.de\/wp-content\/uploads\/2019\/07\/dirk_profil-300x300.jpg","url":"https:\/\/www.bachhausen.de\/wp-content\/uploads\/2019\/07\/dirk_profil-300x300.jpg","width":100,"height":100},"keywords":null},{"@type":"NewsArticle","@id":"https:\/\/www.bachhausen.de\/kommunalwahl-2025-live-ergebnisse-zur-ob-wahl-in-koeln-so-waehlt-der-bezirk-rodenkirchen\/","headline":"Kommunalwahl 2025: Live-Ergebnisse zur OB-Wahl in K\u00f6ln \u2013 So w\u00e4hlt der Bezirk Rodenkirchen","url":"https:\/\/www.bachhausen.de\/kommunalwahl-2025-live-ergebnisse-zur-ob-wahl-in-koeln-so-waehlt-der-bezirk-rodenkirchen\/","datePublished":"2025-09-12","dateModified":"2025-09-12","mainEntityOfPage":"https:\/\/www.bachhausen.de\/kommunalwahl-2025-live-ergebnisse-zur-ob-wahl-in-koeln-so-waehlt-der-bezirk-rodenkirchen\/","author":{"@type":"Person","@id":"##Person","name":"K\u00f6lner Stadtanzeiger","url":"#","identifier":3,"description":"Der K\u00f6lner Stadtanzeiger","image":{"@type":"ImageObject","@id":"https:\/\/secure.gravatar.com\/avatar\/a3f43e8250594c4ed8be9e86201eefa6cc06ef89c032788db696432ac7e77173?s=96&d=monsterid&r=g","url":"https:\/\/secure.gravatar.com\/avatar\/a3f43e8250594c4ed8be9e86201eefa6cc06ef89c032788db696432ac7e77173?s=96&d=monsterid&r=g","height":96,"width":96}},"publisher":{"@type":"Person","name":"Dirk Bachhausen","image":{"@type":"ImageObject","@id":"https:\/\/www.bachhausen.de\/wp-content\/uploads\/2019\/07\/dirk_profil-300x300.jpg","url":"https:\/\/www.bachhausen.de\/wp-content\/uploads\/2019\/07\/dirk_profil-300x300.jpg","width":600,"height":60}},"image":{"@type":"ImageObject","@id":"https:\/\/www.bachhausen.de\/wp-content\/uploads\/2019\/07\/dirk_profil-300x300.jpg","url":"https:\/\/www.bachhausen.de\/wp-content\/uploads\/2019\/07\/dirk_profil-300x300.jpg","width":100,"height":100},"keywords":null},{"@type":"NewsArticle","@id":"https:\/\/www.bachhausen.de\/elf-jahre-einsatz-chorweilers-bezirksbuergermeister-zoellner-verabschiedet-sich\/","headline":"Elf Jahre Einsatz: Chorweilers Bezirksb\u00fcrgermeister Z\u00f6llner verabschiedet sich","url":"https:\/\/www.bachhausen.de\/elf-jahre-einsatz-chorweilers-bezirksbuergermeister-zoellner-verabschiedet-sich\/","datePublished":"2025-09-12","dateModified":"2025-09-12","mainEntityOfPage":"https:\/\/www.bachhausen.de\/elf-jahre-einsatz-chorweilers-bezirksbuergermeister-zoellner-verabschiedet-sich\/","author":{"@type":"Person","@id":"##Person","name":"K\u00f6lner Stadtanzeiger","url":"#","identifier":3,"description":"Der K\u00f6lner Stadtanzeiger","image":{"@type":"ImageObject","@id":"https:\/\/secure.gravatar.com\/avatar\/a3f43e8250594c4ed8be9e86201eefa6cc06ef89c032788db696432ac7e77173?s=96&d=monsterid&r=g","url":"https:\/\/secure.gravatar.com\/avatar\/a3f43e8250594c4ed8be9e86201eefa6cc06ef89c032788db696432ac7e77173?s=96&d=monsterid&r=g","height":96,"width":96}},"publisher":{"@type":"Person","name":"Dirk Bachhausen","image":{"@type":"ImageObject","@id":"https:\/\/www.bachhausen.de\/wp-content\/uploads\/2019\/07\/dirk_profil-300x300.jpg","url":"https:\/\/www.bachhausen.de\/wp-content\/uploads\/2019\/07\/dirk_profil-300x300.jpg","width":600,"height":60}},"image":{"@type":"ImageObject","@id":"https:\/\/static.ksta.de\/__images\/2022\/11\/15\/3c534b33-41bb-4959-8f16-07483f8f2b12.jpeg?q=75&q=70&rect=0,114,2256,1269&w=2000&h=1326&fm=jpeg&s=93ecf33f1db87738c402f2cd286be35f","url":"https:\/\/static.ksta.de\/__images\/2022\/11\/15\/3c534b33-41bb-4959-8f16-07483f8f2b12.jpeg?q=75&q=70&rect=0,114,2256,1269&w=2000&h=1326&fm=jpeg&s=93ecf33f1db87738c402f2cd286be35f","height":"","width":""},"keywords":null}]}