{"@context":"https:\/\/schema.org\/","@type":"CollectionPage","@id":"https:\/\/www.bachhausen.de\/Thema\/politik\/koeln\/#CollectionPage","headline":"K\u00f6ln Category","description":"","url":"https:\/\/www.bachhausen.de\/Thema\/politik\/koeln\/","hasPart":[{"@type":"NewsArticle","@id":"https:\/\/www.bachhausen.de\/chorweiler-radler-im-koelner-norden-sollen-schneller-von-einem-stadtteil-zum-anderen-kommen\/","headline":"Chorweiler: Radler im K\u00f6lner Norden sollen schneller von einem Stadtteil zum anderen kommen","url":"https:\/\/www.bachhausen.de\/chorweiler-radler-im-koelner-norden-sollen-schneller-von-einem-stadtteil-zum-anderen-kommen\/","datePublished":"2025-08-16","dateModified":"2025-08-16","mainEntityOfPage":"https:\/\/www.bachhausen.de\/chorweiler-radler-im-koelner-norden-sollen-schneller-von-einem-stadtteil-zum-anderen-kommen\/","author":{"@type":"Person","@id":"##Person","name":"K\u00f6lner Stadtanzeiger","url":"#","identifier":3,"description":"Der K\u00f6lner Stadtanzeiger","image":{"@type":"ImageObject","@id":"https:\/\/secure.gravatar.com\/avatar\/a3f43e8250594c4ed8be9e86201eefa6cc06ef89c032788db696432ac7e77173?s=96&d=monsterid&r=g","url":"https:\/\/secure.gravatar.com\/avatar\/a3f43e8250594c4ed8be9e86201eefa6cc06ef89c032788db696432ac7e77173?s=96&d=monsterid&r=g","height":96,"width":96}},"publisher":{"@type":"Person","name":"Dirk Bachhausen","image":{"@type":"ImageObject","@id":"https:\/\/www.bachhausen.de\/wp-content\/uploads\/2019\/07\/dirk_profil-300x300.jpg","url":"https:\/\/www.bachhausen.de\/wp-content\/uploads\/2019\/07\/dirk_profil-300x300.jpg","width":600,"height":60}},"image":{"@type":"ImageObject","@id":"https:\/\/www.bachhausen.de\/wp-content\/uploads\/2019\/07\/dirk_profil-300x300.jpg","url":"https:\/\/www.bachhausen.de\/wp-content\/uploads\/2019\/07\/dirk_profil-300x300.jpg","width":100,"height":100},"keywords":null},{"@type":"NewsArticle","@id":"https:\/\/www.bachhausen.de\/ueberfall-in-seeberg-64-jaehriger-in-koeln-auf-offener-strasse-mit-pistole-bedroht-und-ausgeraubt\/","headline":"\u00dcberfall in Seeberg: 64-J\u00e4hriger in K\u00f6ln auf offener Stra\u00dfe mit Pistole bedroht und ausgeraubt","url":"https:\/\/www.bachhausen.de\/ueberfall-in-seeberg-64-jaehriger-in-koeln-auf-offener-strasse-mit-pistole-bedroht-und-ausgeraubt\/","datePublished":"2025-08-14","dateModified":"2025-08-14","mainEntityOfPage":"https:\/\/www.bachhausen.de\/ueberfall-in-seeberg-64-jaehriger-in-koeln-auf-offener-strasse-mit-pistole-bedroht-und-ausgeraubt\/","author":{"@type":"Person","@id":"##Person","name":"K\u00f6lner Stadtanzeiger","url":"#","identifier":3,"description":"Der K\u00f6lner Stadtanzeiger","image":{"@type":"ImageObject","@id":"https:\/\/secure.gravatar.com\/avatar\/a3f43e8250594c4ed8be9e86201eefa6cc06ef89c032788db696432ac7e77173?s=96&d=monsterid&r=g","url":"https:\/\/secure.gravatar.com\/avatar\/a3f43e8250594c4ed8be9e86201eefa6cc06ef89c032788db696432ac7e77173?s=96&d=monsterid&r=g","height":96,"width":96}},"publisher":{"@type":"Person","name":"Dirk Bachhausen","image":{"@type":"ImageObject","@id":"https:\/\/www.bachhausen.de\/wp-content\/uploads\/2019\/07\/dirk_profil-300x300.jpg","url":"https:\/\/www.bachhausen.de\/wp-content\/uploads\/2019\/07\/dirk_profil-300x300.jpg","width":600,"height":60}},"image":{"@type":"ImageObject","@id":"https:\/\/www.bachhausen.de\/wp-content\/uploads\/2019\/07\/dirk_profil-300x300.jpg","url":"https:\/\/www.bachhausen.de\/wp-content\/uploads\/2019\/07\/dirk_profil-300x300.jpg","width":100,"height":100},"keywords":null},{"@type":"NewsArticle","@id":"https:\/\/www.bachhausen.de\/nach-chlorgasaustritt-mit-28-verletzten-koelner-aqualand-aeussert-sich-zum-vorfall-und-betrieb\/","headline":"Nach Chlorgasaustritt mit 28 Verletzten: K\u00f6lner Aqualand \u00e4u\u00dfert sich zum Vorfall und Betrieb","url":"https:\/\/www.bachhausen.de\/nach-chlorgasaustritt-mit-28-verletzten-koelner-aqualand-aeussert-sich-zum-vorfall-und-betrieb\/","datePublished":"2025-08-07","dateModified":"2025-08-07","mainEntityOfPage":"https:\/\/www.bachhausen.de\/nach-chlorgasaustritt-mit-28-verletzten-koelner-aqualand-aeussert-sich-zum-vorfall-und-betrieb\/","author":{"@type":"Person","@id":"##Person","name":"K\u00f6lner Stadtanzeiger","url":"#","identifier":3,"description":"Der K\u00f6lner Stadtanzeiger","image":{"@type":"ImageObject","@id":"https:\/\/secure.gravatar.com\/avatar\/a3f43e8250594c4ed8be9e86201eefa6cc06ef89c032788db696432ac7e77173?s=96&d=monsterid&r=g","url":"https:\/\/secure.gravatar.com\/avatar\/a3f43e8250594c4ed8be9e86201eefa6cc06ef89c032788db696432ac7e77173?s=96&d=monsterid&r=g","height":96,"width":96}},"publisher":{"@type":"Person","name":"Dirk Bachhausen","image":{"@type":"ImageObject","@id":"https:\/\/www.bachhausen.de\/wp-content\/uploads\/2019\/07\/dirk_profil-300x300.jpg","url":"https:\/\/www.bachhausen.de\/wp-content\/uploads\/2019\/07\/dirk_profil-300x300.jpg","width":600,"height":60}},"image":{"@type":"ImageObject","@id":"https:\/\/www.bachhausen.de\/wp-content\/uploads\/2019\/07\/dirk_profil-300x300.jpg","url":"https:\/\/www.bachhausen.de\/wp-content\/uploads\/2019\/07\/dirk_profil-300x300.jpg","width":100,"height":100},"keywords":null},{"@type":"NewsArticle","@id":"https:\/\/www.bachhausen.de\/debatte-um-jugendpflege-zwei-stellen-im-koelner-norden-bleiben-unbesetzt\/","headline":"Debatte um Jugendpflege: Zwei Stellen im K\u00f6lner Norden bleiben unbesetzt","url":"https:\/\/www.bachhausen.de\/debatte-um-jugendpflege-zwei-stellen-im-koelner-norden-bleiben-unbesetzt\/","datePublished":"2025-08-07","dateModified":"2025-08-07","mainEntityOfPage":"https:\/\/www.bachhausen.de\/debatte-um-jugendpflege-zwei-stellen-im-koelner-norden-bleiben-unbesetzt\/","author":{"@type":"Person","@id":"##Person","name":"K\u00f6lner Stadtanzeiger","url":"#","identifier":3,"description":"Der K\u00f6lner Stadtanzeiger","image":{"@type":"ImageObject","@id":"https:\/\/secure.gravatar.com\/avatar\/a3f43e8250594c4ed8be9e86201eefa6cc06ef89c032788db696432ac7e77173?s=96&d=monsterid&r=g","url":"https:\/\/secure.gravatar.com\/avatar\/a3f43e8250594c4ed8be9e86201eefa6cc06ef89c032788db696432ac7e77173?s=96&d=monsterid&r=g","height":96,"width":96}},"publisher":{"@type":"Person","name":"Dirk Bachhausen","image":{"@type":"ImageObject","@id":"https:\/\/www.bachhausen.de\/wp-content\/uploads\/2019\/07\/dirk_profil-300x300.jpg","url":"https:\/\/www.bachhausen.de\/wp-content\/uploads\/2019\/07\/dirk_profil-300x300.jpg","width":600,"height":60}},"image":{"@type":"ImageObject","@id":"https:\/\/www.bachhausen.de\/wp-content\/uploads\/2019\/07\/dirk_profil-300x300.jpg","url":"https:\/\/www.bachhausen.de\/wp-content\/uploads\/2019\/07\/dirk_profil-300x300.jpg","width":100,"height":100},"keywords":null},{"@type":"NewsArticle","@id":"https:\/\/www.bachhausen.de\/bmw-vollstaendig-ausgebrannt-polizei-sucht-zwei-unbekannte-nach-brandstiftung-in-koeln-roggendorf\/","headline":"BMW vollst\u00e4ndig ausgebrannt: Polizei sucht zwei Unbekannte nach Brandstiftung in K\u00f6ln-Roggendorf","url":"https:\/\/www.bachhausen.de\/bmw-vollstaendig-ausgebrannt-polizei-sucht-zwei-unbekannte-nach-brandstiftung-in-koeln-roggendorf\/","datePublished":"2025-08-04","dateModified":"2025-08-04","mainEntityOfPage":"https:\/\/www.bachhausen.de\/bmw-vollstaendig-ausgebrannt-polizei-sucht-zwei-unbekannte-nach-brandstiftung-in-koeln-roggendorf\/","author":{"@type":"Person","@id":"##Person","name":"K\u00f6lner Stadtanzeiger","url":"#","identifier":3,"description":"Der K\u00f6lner Stadtanzeiger","image":{"@type":"ImageObject","@id":"https:\/\/secure.gravatar.com\/avatar\/a3f43e8250594c4ed8be9e86201eefa6cc06ef89c032788db696432ac7e77173?s=96&d=monsterid&r=g","url":"https:\/\/secure.gravatar.com\/avatar\/a3f43e8250594c4ed8be9e86201eefa6cc06ef89c032788db696432ac7e77173?s=96&d=monsterid&r=g","height":96,"width":96}},"publisher":{"@type":"Person","name":"Dirk Bachhausen","image":{"@type":"ImageObject","@id":"https:\/\/www.bachhausen.de\/wp-content\/uploads\/2019\/07\/dirk_profil-300x300.jpg","url":"https:\/\/www.bachhausen.de\/wp-content\/uploads\/2019\/07\/dirk_profil-300x300.jpg","width":600,"height":60}},"image":{"@type":"ImageObject","@id":"https:\/\/www.bachhausen.de\/wp-content\/uploads\/2025\/06\/news-e1749672185204.jpg","url":"https:\/\/www.bachhausen.de\/wp-content\/uploads\/2025\/06\/news-e1749672185204.jpg","height":582,"width":1280},"keywords":["ausgebrannt","brandstiftung","polizei","roggendorf","sucht","unbekannte","vollstandig"]},{"@type":"NewsArticle","@id":"https:\/\/www.bachhausen.de\/koeln-chorweiler-bezirksvertretung-macht-druck-fuer-kita-bau-in-merkenich\/","headline":"K\u00f6ln-Chorweiler: Bezirksvertretung macht Druck f\u00fcr Kita-Bau in Merkenich","url":"https:\/\/www.bachhausen.de\/koeln-chorweiler-bezirksvertretung-macht-druck-fuer-kita-bau-in-merkenich\/","datePublished":"2025-08-01","dateModified":"2025-08-01","mainEntityOfPage":"https:\/\/www.bachhausen.de\/koeln-chorweiler-bezirksvertretung-macht-druck-fuer-kita-bau-in-merkenich\/","author":{"@type":"Person","@id":"##Person","name":"K\u00f6lner Stadtanzeiger","url":"#","identifier":3,"description":"Der K\u00f6lner Stadtanzeiger","image":{"@type":"ImageObject","@id":"https:\/\/secure.gravatar.com\/avatar\/a3f43e8250594c4ed8be9e86201eefa6cc06ef89c032788db696432ac7e77173?s=96&d=monsterid&r=g","url":"https:\/\/secure.gravatar.com\/avatar\/a3f43e8250594c4ed8be9e86201eefa6cc06ef89c032788db696432ac7e77173?s=96&d=monsterid&r=g","height":96,"width":96}},"publisher":{"@type":"Person","name":"Dirk Bachhausen","image":{"@type":"ImageObject","@id":"https:\/\/www.bachhausen.de\/wp-content\/uploads\/2019\/07\/dirk_profil-300x300.jpg","url":"https:\/\/www.bachhausen.de\/wp-content\/uploads\/2019\/07\/dirk_profil-300x300.jpg","width":600,"height":60}},"image":{"@type":"ImageObject","@id":"https:\/\/www.bachhausen.de\/wp-content\/uploads\/2025\/06\/news-e1749672185204.jpg","url":"https:\/\/www.bachhausen.de\/wp-content\/uploads\/2025\/06\/news-e1749672185204.jpg","height":582,"width":1280},"keywords":["bezirksvertretung","chorweiler","druck","macht","merkenich"]},{"@type":"NewsArticle","@id":"https:\/\/www.bachhausen.de\/ferienprogramm-fuer-kinder-zweiter-talent-campus-in-chorweiler\/","headline":"Ferienprogramm f\u00fcr Kinder: Zweiter \u201eTalent-Campus\u201c in Chorweiler","url":"https:\/\/www.bachhausen.de\/ferienprogramm-fuer-kinder-zweiter-talent-campus-in-chorweiler\/","datePublished":"2025-07-25","dateModified":"2025-07-25","mainEntityOfPage":"https:\/\/www.bachhausen.de\/ferienprogramm-fuer-kinder-zweiter-talent-campus-in-chorweiler\/","author":{"@type":"Person","@id":"##Person","name":"K\u00f6lner Stadtanzeiger","url":"#","identifier":3,"description":"Der K\u00f6lner Stadtanzeiger","image":{"@type":"ImageObject","@id":"https:\/\/secure.gravatar.com\/avatar\/a3f43e8250594c4ed8be9e86201eefa6cc06ef89c032788db696432ac7e77173?s=96&d=monsterid&r=g","url":"https:\/\/secure.gravatar.com\/avatar\/a3f43e8250594c4ed8be9e86201eefa6cc06ef89c032788db696432ac7e77173?s=96&d=monsterid&r=g","height":96,"width":96}},"publisher":{"@type":"Person","name":"Dirk Bachhausen","image":{"@type":"ImageObject","@id":"https:\/\/www.bachhausen.de\/wp-content\/uploads\/2019\/07\/dirk_profil-300x300.jpg","url":"https:\/\/www.bachhausen.de\/wp-content\/uploads\/2019\/07\/dirk_profil-300x300.jpg","width":600,"height":60}},"image":{"@type":"ImageObject","@id":"https:\/\/www.bachhausen.de\/wp-content\/uploads\/2025\/06\/news-e1749672185204.jpg","url":"https:\/\/www.bachhausen.de\/wp-content\/uploads\/2025\/06\/news-e1749672185204.jpg","height":582,"width":1280},"keywords":["campus","chorweiler","ferienprogramm","kinder","talent","zweiter"]},{"@type":"NewsArticle","@id":"https:\/\/www.bachhausen.de\/verhaertete-fronten-von-kanal-ueberschwemmung-betroffene-koelner-fuehlen-sich-abgefertigt\/","headline":"Verh\u00e4rtete Fronten: Von Kanal-\u00dcberschwemmung betroffene K\u00f6lner f\u00fchlen sich \u201eabgefertigt\u201c","url":"https:\/\/www.bachhausen.de\/verhaertete-fronten-von-kanal-ueberschwemmung-betroffene-koelner-fuehlen-sich-abgefertigt\/","datePublished":"2025-07-25","dateModified":"2025-07-25","mainEntityOfPage":"https:\/\/www.bachhausen.de\/verhaertete-fronten-von-kanal-ueberschwemmung-betroffene-koelner-fuehlen-sich-abgefertigt\/","author":{"@type":"Person","@id":"##Person","name":"K\u00f6lner Stadtanzeiger","url":"#","identifier":3,"description":"Der K\u00f6lner Stadtanzeiger","image":{"@type":"ImageObject","@id":"https:\/\/secure.gravatar.com\/avatar\/a3f43e8250594c4ed8be9e86201eefa6cc06ef89c032788db696432ac7e77173?s=96&d=monsterid&r=g","url":"https:\/\/secure.gravatar.com\/avatar\/a3f43e8250594c4ed8be9e86201eefa6cc06ef89c032788db696432ac7e77173?s=96&d=monsterid&r=g","height":96,"width":96}},"publisher":{"@type":"Person","name":"Dirk Bachhausen","image":{"@type":"ImageObject","@id":"https:\/\/www.bachhausen.de\/wp-content\/uploads\/2019\/07\/dirk_profil-300x300.jpg","url":"https:\/\/www.bachhausen.de\/wp-content\/uploads\/2019\/07\/dirk_profil-300x300.jpg","width":600,"height":60}},"image":{"@type":"ImageObject","@id":"https:\/\/www.bachhausen.de\/wp-content\/uploads\/2025\/06\/news-e1749672185204.jpg","url":"https:\/\/www.bachhausen.de\/wp-content\/uploads\/2025\/06\/news-e1749672185204.jpg","height":582,"width":1280},"keywords":["betroffene","fronten","fuhlen","kanal","kolner","uberschwemmung","verhartete"]},{"@type":"NewsArticle","@id":"https:\/\/www.bachhausen.de\/verhaertete-fronten-von-kanal-ueberschwemmung-betroffene-koelner-fuehlen-sich-von-stadt-abgefertigt\/","headline":"Verh\u00e4rtete Fronten: Von Kanal-\u00dcberschwemmung betroffene K\u00f6lner f\u00fchlen sich von Stadt \u201eabgefertigt\u201c","url":"https:\/\/www.bachhausen.de\/verhaertete-fronten-von-kanal-ueberschwemmung-betroffene-koelner-fuehlen-sich-von-stadt-abgefertigt\/","datePublished":"2025-07-23","dateModified":"2025-07-23","mainEntityOfPage":"https:\/\/www.bachhausen.de\/verhaertete-fronten-von-kanal-ueberschwemmung-betroffene-koelner-fuehlen-sich-von-stadt-abgefertigt\/","author":{"@type":"Person","@id":"##Person","name":"K\u00f6lner Stadtanzeiger","url":"#","identifier":3,"description":"Der K\u00f6lner Stadtanzeiger","image":{"@type":"ImageObject","@id":"https:\/\/secure.gravatar.com\/avatar\/a3f43e8250594c4ed8be9e86201eefa6cc06ef89c032788db696432ac7e77173?s=96&d=monsterid&r=g","url":"https:\/\/secure.gravatar.com\/avatar\/a3f43e8250594c4ed8be9e86201eefa6cc06ef89c032788db696432ac7e77173?s=96&d=monsterid&r=g","height":96,"width":96}},"publisher":{"@type":"Person","name":"Dirk Bachhausen","image":{"@type":"ImageObject","@id":"https:\/\/www.bachhausen.de\/wp-content\/uploads\/2019\/07\/dirk_profil-300x300.jpg","url":"https:\/\/www.bachhausen.de\/wp-content\/uploads\/2019\/07\/dirk_profil-300x300.jpg","width":600,"height":60}},"image":{"@type":"ImageObject","@id":"https:\/\/www.bachhausen.de\/wp-content\/uploads\/2025\/06\/news-e1749672185204.jpg","url":"https:\/\/www.bachhausen.de\/wp-content\/uploads\/2025\/06\/news-e1749672185204.jpg","height":582,"width":1280},"keywords":["betroffene","fronten","fuhlen","kanal","kolner","uberschwemmung","verhartete"]},{"@type":"NewsArticle","@id":"https:\/\/www.bachhausen.de\/streit-um-beachclub-am-escher-see-betreiber-von-monkeys-island-oeffnet-trotz-fehlender-genehmigung\/","headline":"Streit um Beachclub am Escher See: Betreiber von \u201eMonkey\u2019s Island\u201c \u00f6ffnet trotz fehlender Genehmigung","url":"https:\/\/www.bachhausen.de\/streit-um-beachclub-am-escher-see-betreiber-von-monkeys-island-oeffnet-trotz-fehlender-genehmigung\/","datePublished":"2025-07-21","dateModified":"2025-07-21","mainEntityOfPage":"https:\/\/www.bachhausen.de\/streit-um-beachclub-am-escher-see-betreiber-von-monkeys-island-oeffnet-trotz-fehlender-genehmigung\/","author":{"@type":"Person","@id":"##Person","name":"K\u00f6lner Stadtanzeiger","url":"#","identifier":3,"description":"Der K\u00f6lner Stadtanzeiger","image":{"@type":"ImageObject","@id":"https:\/\/secure.gravatar.com\/avatar\/a3f43e8250594c4ed8be9e86201eefa6cc06ef89c032788db696432ac7e77173?s=96&d=monsterid&r=g","url":"https:\/\/secure.gravatar.com\/avatar\/a3f43e8250594c4ed8be9e86201eefa6cc06ef89c032788db696432ac7e77173?s=96&d=monsterid&r=g","height":96,"width":96}},"publisher":{"@type":"Person","name":"Dirk Bachhausen","image":{"@type":"ImageObject","@id":"https:\/\/www.bachhausen.de\/wp-content\/uploads\/2019\/07\/dirk_profil-300x300.jpg","url":"https:\/\/www.bachhausen.de\/wp-content\/uploads\/2019\/07\/dirk_profil-300x300.jpg","width":600,"height":60}},"image":{"@type":"ImageObject","@id":"https:\/\/www.bachhausen.de\/wp-content\/uploads\/2025\/06\/news-e1749672185204.jpg","url":"https:\/\/www.bachhausen.de\/wp-content\/uploads\/2025\/06\/news-e1749672185204.jpg","height":582,"width":1280},"keywords":["beachclub","betreiber","escher","island","monkey","offnet","streit"]}]}