{"@context":"https:\/\/schema.org\/","@type":"CollectionPage","@id":"https:\/\/www.bachhausen.de\/Thema\/politik\/koeln\/#CollectionPage","headline":"K\u00f6ln Category","description":"","url":"https:\/\/www.bachhausen.de\/Thema\/politik\/koeln\/","hasPart":[{"@type":"NewsArticle","@id":"https:\/\/www.bachhausen.de\/seeberg-kleingaerten-erhalten-nach-langem-warten-neue-wasserleitungen\/","headline":"Seeberg: Kleing\u00e4rten erhalten nach langem Warten neue Wasserleitungen","url":"https:\/\/www.bachhausen.de\/seeberg-kleingaerten-erhalten-nach-langem-warten-neue-wasserleitungen\/","datePublished":"2025-06-25","dateModified":"2025-06-25","mainEntityOfPage":"https:\/\/www.bachhausen.de\/seeberg-kleingaerten-erhalten-nach-langem-warten-neue-wasserleitungen\/","author":{"@type":"Person","@id":"##Person","name":"K\u00f6lner Stadtanzeiger","url":"#","identifier":3,"description":"Der K\u00f6lner Stadtanzeiger","image":{"@type":"ImageObject","@id":"https:\/\/secure.gravatar.com\/avatar\/a3f43e8250594c4ed8be9e86201eefa6cc06ef89c032788db696432ac7e77173?s=96&d=monsterid&r=g","url":"https:\/\/secure.gravatar.com\/avatar\/a3f43e8250594c4ed8be9e86201eefa6cc06ef89c032788db696432ac7e77173?s=96&d=monsterid&r=g","height":96,"width":96}},"publisher":{"@type":"Person","name":"Dirk Bachhausen","image":{"@type":"ImageObject","@id":"https:\/\/www.bachhausen.de\/wp-content\/uploads\/2019\/07\/dirk_profil-300x300.jpg","url":"https:\/\/www.bachhausen.de\/wp-content\/uploads\/2019\/07\/dirk_profil-300x300.jpg","width":600,"height":60}},"image":{"@type":"ImageObject","@id":"https:\/\/www.bachhausen.de\/wp-content\/uploads\/2025\/06\/news-e1749672185204.jpg","url":"https:\/\/www.bachhausen.de\/wp-content\/uploads\/2025\/06\/news-e1749672185204.jpg","height":582,"width":1280},"keywords":["erhalten","kleingarten","langem","seeberg","warten","wasserleitungen"]},{"@type":"NewsArticle","@id":"https:\/\/www.bachhausen.de\/fluchtversuch-mit-nicht-zugelassenem-motorrad-20-jaehriger-nach-verfolgungsfahrt-in-koeln-gestellt\/","headline":"Fluchtversuch mit nicht zugelassenem Motorrad: 20-J\u00e4hriger nach Verfolgungsfahrt in K\u00f6ln gestellt","url":"https:\/\/www.bachhausen.de\/fluchtversuch-mit-nicht-zugelassenem-motorrad-20-jaehriger-nach-verfolgungsfahrt-in-koeln-gestellt\/","datePublished":"2025-06-24","dateModified":"2025-06-24","mainEntityOfPage":"https:\/\/www.bachhausen.de\/fluchtversuch-mit-nicht-zugelassenem-motorrad-20-jaehriger-nach-verfolgungsfahrt-in-koeln-gestellt\/","author":{"@type":"Person","@id":"##Person","name":"K\u00f6lner Stadtanzeiger","url":"#","identifier":3,"description":"Der K\u00f6lner Stadtanzeiger","image":{"@type":"ImageObject","@id":"https:\/\/secure.gravatar.com\/avatar\/a3f43e8250594c4ed8be9e86201eefa6cc06ef89c032788db696432ac7e77173?s=96&d=monsterid&r=g","url":"https:\/\/secure.gravatar.com\/avatar\/a3f43e8250594c4ed8be9e86201eefa6cc06ef89c032788db696432ac7e77173?s=96&d=monsterid&r=g","height":96,"width":96}},"publisher":{"@type":"Person","name":"Dirk Bachhausen","image":{"@type":"ImageObject","@id":"https:\/\/www.bachhausen.de\/wp-content\/uploads\/2019\/07\/dirk_profil-300x300.jpg","url":"https:\/\/www.bachhausen.de\/wp-content\/uploads\/2019\/07\/dirk_profil-300x300.jpg","width":600,"height":60}},"image":{"@type":"ImageObject","@id":"https:\/\/www.bachhausen.de\/wp-content\/uploads\/2025\/06\/news-e1749672185204.jpg","url":"https:\/\/www.bachhausen.de\/wp-content\/uploads\/2025\/06\/news-e1749672185204.jpg","height":582,"width":1280},"keywords":["fluchtversuch","gestellt","jahriger","motorrad","nicht","verfolgungsfahrt","zugelassenem"]},{"@type":"NewsArticle","@id":"https:\/\/www.bachhausen.de\/buergerzentrum-chorweiler-demos-gegen-neue-afd-versammlung-in-koeln-angemeldet\/","headline":"B\u00fcrgerzentrum Chorweiler: Demos gegen neue AfD-Versammlung in K\u00f6ln angemeldet","url":"https:\/\/www.bachhausen.de\/buergerzentrum-chorweiler-demos-gegen-neue-afd-versammlung-in-koeln-angemeldet\/","datePublished":"2025-06-17","dateModified":"2025-06-17","mainEntityOfPage":"https:\/\/www.bachhausen.de\/buergerzentrum-chorweiler-demos-gegen-neue-afd-versammlung-in-koeln-angemeldet\/","author":{"@type":"Person","@id":"##Person","name":"K\u00f6lner Stadtanzeiger","url":"#","identifier":3,"description":"Der K\u00f6lner Stadtanzeiger","image":{"@type":"ImageObject","@id":"https:\/\/secure.gravatar.com\/avatar\/a3f43e8250594c4ed8be9e86201eefa6cc06ef89c032788db696432ac7e77173?s=96&d=monsterid&r=g","url":"https:\/\/secure.gravatar.com\/avatar\/a3f43e8250594c4ed8be9e86201eefa6cc06ef89c032788db696432ac7e77173?s=96&d=monsterid&r=g","height":96,"width":96}},"publisher":{"@type":"Person","name":"Dirk Bachhausen","image":{"@type":"ImageObject","@id":"https:\/\/www.bachhausen.de\/wp-content\/uploads\/2019\/07\/dirk_profil-300x300.jpg","url":"https:\/\/www.bachhausen.de\/wp-content\/uploads\/2019\/07\/dirk_profil-300x300.jpg","width":600,"height":60}},"image":{"@type":"ImageObject","@id":"https:\/\/www.bachhausen.de\/wp-content\/uploads\/2025\/06\/news-e1749672185204.jpg","url":"https:\/\/www.bachhausen.de\/wp-content\/uploads\/2025\/06\/news-e1749672185204.jpg","height":582,"width":1280},"keywords":["angemeldet","burgerzentrum","chorweiler","demos","gegen","versammlung"]},{"@type":"NewsArticle","@id":"https:\/\/www.bachhausen.de\/buntes-treiben-fest-der-kulturen-in-chorweiler-feiert-internationale-vielfalt\/","headline":"Buntes Treiben: Fest der Kulturen in Chorweiler feiert internationale Vielfalt","url":"https:\/\/www.bachhausen.de\/buntes-treiben-fest-der-kulturen-in-chorweiler-feiert-internationale-vielfalt\/","datePublished":"2025-06-13","dateModified":"2025-06-13","mainEntityOfPage":"https:\/\/www.bachhausen.de\/buntes-treiben-fest-der-kulturen-in-chorweiler-feiert-internationale-vielfalt\/","author":{"@type":"Person","@id":"##Person","name":"K\u00f6lner Stadtanzeiger","url":"#","identifier":3,"description":"Der K\u00f6lner Stadtanzeiger","image":{"@type":"ImageObject","@id":"https:\/\/secure.gravatar.com\/avatar\/a3f43e8250594c4ed8be9e86201eefa6cc06ef89c032788db696432ac7e77173?s=96&d=monsterid&r=g","url":"https:\/\/secure.gravatar.com\/avatar\/a3f43e8250594c4ed8be9e86201eefa6cc06ef89c032788db696432ac7e77173?s=96&d=monsterid&r=g","height":96,"width":96}},"publisher":{"@type":"Person","name":"Dirk Bachhausen","image":{"@type":"ImageObject","@id":"https:\/\/www.bachhausen.de\/wp-content\/uploads\/2019\/07\/dirk_profil-300x300.jpg","url":"https:\/\/www.bachhausen.de\/wp-content\/uploads\/2019\/07\/dirk_profil-300x300.jpg","width":600,"height":60}},"image":{"@type":"ImageObject","@id":"https:\/\/www.bachhausen.de\/wp-content\/uploads\/2025\/06\/news-e1749672185204.jpg","url":"https:\/\/www.bachhausen.de\/wp-content\/uploads\/2025\/06\/news-e1749672185204.jpg","height":582,"width":1280},"keywords":["buntes","chorweiler","feiert","internationale","kulturen","treiben","vielfalt"]},{"@type":"NewsArticle","@id":"https:\/\/www.bachhausen.de\/50-jaehriges-jubilaeum-wie-die-jugendfeuerwehr-worringen-die-zukunft-der-loeschgruppe-sichert\/","headline":"50-j\u00e4hriges Jubil\u00e4um: Wie die Jugendfeuerwehr Worringen die Zukunft der L\u00f6schgruppe sichert","url":"https:\/\/www.bachhausen.de\/50-jaehriges-jubilaeum-wie-die-jugendfeuerwehr-worringen-die-zukunft-der-loeschgruppe-sichert\/","datePublished":"2025-06-12","dateModified":"2025-06-12","mainEntityOfPage":"https:\/\/www.bachhausen.de\/50-jaehriges-jubilaeum-wie-die-jugendfeuerwehr-worringen-die-zukunft-der-loeschgruppe-sichert\/","author":{"@type":"Person","@id":"##Person","name":"K\u00f6lner Stadtanzeiger","url":"#","identifier":3,"description":"Der K\u00f6lner Stadtanzeiger","image":{"@type":"ImageObject","@id":"https:\/\/secure.gravatar.com\/avatar\/a3f43e8250594c4ed8be9e86201eefa6cc06ef89c032788db696432ac7e77173?s=96&d=monsterid&r=g","url":"https:\/\/secure.gravatar.com\/avatar\/a3f43e8250594c4ed8be9e86201eefa6cc06ef89c032788db696432ac7e77173?s=96&d=monsterid&r=g","height":96,"width":96}},"publisher":{"@type":"Person","name":"Dirk Bachhausen","image":{"@type":"ImageObject","@id":"https:\/\/www.bachhausen.de\/wp-content\/uploads\/2019\/07\/dirk_profil-300x300.jpg","url":"https:\/\/www.bachhausen.de\/wp-content\/uploads\/2019\/07\/dirk_profil-300x300.jpg","width":600,"height":60}},"image":{"@type":"ImageObject","@id":"https:\/\/www.bachhausen.de\/wp-content\/uploads\/2025\/06\/news-e1749672185204.jpg","url":"https:\/\/www.bachhausen.de\/wp-content\/uploads\/2025\/06\/news-e1749672185204.jpg","height":582,"width":1280},"keywords":["jahriges","jubilaum","jugendfeuerwehr","loschgruppe","sichert","worringen","zukunft"]},{"@type":"NewsArticle","@id":"https:\/\/www.bachhausen.de\/an-welchen-tagen-werden-in-koeln-die-meisten-babys-geboren-geburtenkalender\/","headline":"An welchen Tagen werden in K\u00f6ln die meisten Babys geboren? \u2013 Geburtenkalender","url":"https:\/\/www.bachhausen.de\/an-welchen-tagen-werden-in-koeln-die-meisten-babys-geboren-geburtenkalender\/","datePublished":"2025-06-10","dateModified":"2025-06-10","mainEntityOfPage":"https:\/\/www.bachhausen.de\/an-welchen-tagen-werden-in-koeln-die-meisten-babys-geboren-geburtenkalender\/","author":{"@type":"Person","@id":"##Person","name":"Report K","url":"#","identifier":20,"image":{"@type":"ImageObject","@id":"https:\/\/secure.gravatar.com\/avatar\/36af2c4c1f6de1245282e2f6d3e4483d8c1fb911663df347a69e69f7ff897aac?s=96&d=monsterid&r=g","url":"https:\/\/secure.gravatar.com\/avatar\/36af2c4c1f6de1245282e2f6d3e4483d8c1fb911663df347a69e69f7ff897aac?s=96&d=monsterid&r=g","height":96,"width":96}},"publisher":{"@type":"Person","name":"Dirk Bachhausen","image":{"@type":"ImageObject","@id":"https:\/\/www.bachhausen.de\/wp-content\/uploads\/2019\/07\/dirk_profil-300x300.jpg","url":"https:\/\/www.bachhausen.de\/wp-content\/uploads\/2019\/07\/dirk_profil-300x300.jpg","width":600,"height":60}},"image":{"@type":"ImageObject","@id":"https:\/\/www.bachhausen.de\/wp-content\/uploads\/2025\/06\/kbonnentin_transparent_mtypo-2-300x15-12.png","url":"https:\/\/www.bachhausen.de\/wp-content\/uploads\/2025\/06\/kbonnentin_transparent_mtypo-2-300x15-12.png","height":154,"width":300},"keywords":["babys","geboren","geburtenkalender","meisten","tagen","welchen","werden"]},{"@type":"NewsArticle","@id":"https:\/\/www.bachhausen.de\/nagelbombenanschlag-koelner-keupstrasse-kranzniederlegung\/","headline":"Nagelbombenanschlag K\u00f6lner Keupstra\u00dfe: Kranzniederlegung","url":"https:\/\/www.bachhausen.de\/nagelbombenanschlag-koelner-keupstrasse-kranzniederlegung\/","datePublished":"2025-06-10","dateModified":"2025-06-10","mainEntityOfPage":"https:\/\/www.bachhausen.de\/nagelbombenanschlag-koelner-keupstrasse-kranzniederlegung\/","author":{"@type":"Person","@id":"##Person","name":"Report K","url":"#","identifier":20,"image":{"@type":"ImageObject","@id":"https:\/\/secure.gravatar.com\/avatar\/36af2c4c1f6de1245282e2f6d3e4483d8c1fb911663df347a69e69f7ff897aac?s=96&d=monsterid&r=g","url":"https:\/\/secure.gravatar.com\/avatar\/36af2c4c1f6de1245282e2f6d3e4483d8c1fb911663df347a69e69f7ff897aac?s=96&d=monsterid&r=g","height":96,"width":96}},"publisher":{"@type":"Person","name":"Dirk Bachhausen","image":{"@type":"ImageObject","@id":"https:\/\/www.bachhausen.de\/wp-content\/uploads\/2019\/07\/dirk_profil-300x300.jpg","url":"https:\/\/www.bachhausen.de\/wp-content\/uploads\/2019\/07\/dirk_profil-300x300.jpg","width":600,"height":60}},"image":{"@type":"ImageObject","@id":"https:\/\/www.bachhausen.de\/wp-content\/uploads\/2023\/09\/Zeitungsleser.webp","url":"https:\/\/www.bachhausen.de\/wp-content\/uploads\/2023\/09\/Zeitungsleser.webp","height":534,"width":800},"keywords":["keupstra","kolner","kranzniederlegung","nagelbombenanschlag"]},{"@type":"NewsArticle","@id":"https:\/\/www.bachhausen.de\/gruenderin-des-vereins-blau-gelbes-kreuz-linda-mai-in-kyiv-ausgezeichnet\/","headline":"Gr\u00fcnderin des Vereins Blau-Gelbes Kreuz Linda Mai in Kyiv ausgezeichnet","url":"https:\/\/www.bachhausen.de\/gruenderin-des-vereins-blau-gelbes-kreuz-linda-mai-in-kyiv-ausgezeichnet\/","datePublished":"2025-06-09","dateModified":"2025-06-09","mainEntityOfPage":"https:\/\/www.bachhausen.de\/gruenderin-des-vereins-blau-gelbes-kreuz-linda-mai-in-kyiv-ausgezeichnet\/","author":{"@type":"Person","@id":"##Person","name":"Report K","url":"#","identifier":20,"image":{"@type":"ImageObject","@id":"https:\/\/secure.gravatar.com\/avatar\/36af2c4c1f6de1245282e2f6d3e4483d8c1fb911663df347a69e69f7ff897aac?s=96&d=monsterid&r=g","url":"https:\/\/secure.gravatar.com\/avatar\/36af2c4c1f6de1245282e2f6d3e4483d8c1fb911663df347a69e69f7ff897aac?s=96&d=monsterid&r=g","height":96,"width":96}},"publisher":{"@type":"Person","name":"Dirk Bachhausen","image":{"@type":"ImageObject","@id":"https:\/\/www.bachhausen.de\/wp-content\/uploads\/2019\/07\/dirk_profil-300x300.jpg","url":"https:\/\/www.bachhausen.de\/wp-content\/uploads\/2019\/07\/dirk_profil-300x300.jpg","width":600,"height":60}},"image":{"@type":"ImageObject","@id":"https:\/\/www.bachhausen.de\/wp-content\/uploads\/2025\/06\/kbonnentin_transparent_mtypo-2-300x15-10.png","url":"https:\/\/www.bachhausen.de\/wp-content\/uploads\/2025\/06\/kbonnentin_transparent_mtypo-2-300x15-10.png","height":154,"width":300},"keywords":["ausgezeichnet","gelbes","grunderin","kreuz","linda","vereins"]},{"@type":"NewsArticle","@id":"https:\/\/www.bachhausen.de\/vor-80-jahren-gruendung-der-rheinischen-christlich-demokratischen-union-cdu-in-koeln\/","headline":"Vor 80 Jahren: Gr\u00fcndung der rheinischen Christlich Demokratischen Union (CDU) in K\u00f6ln","url":"https:\/\/www.bachhausen.de\/vor-80-jahren-gruendung-der-rheinischen-christlich-demokratischen-union-cdu-in-koeln\/","datePublished":"2025-06-09","dateModified":"2025-06-09","mainEntityOfPage":"https:\/\/www.bachhausen.de\/vor-80-jahren-gruendung-der-rheinischen-christlich-demokratischen-union-cdu-in-koeln\/","author":{"@type":"Person","@id":"##Person","name":"Report K","url":"#","identifier":20,"image":{"@type":"ImageObject","@id":"https:\/\/secure.gravatar.com\/avatar\/36af2c4c1f6de1245282e2f6d3e4483d8c1fb911663df347a69e69f7ff897aac?s=96&d=monsterid&r=g","url":"https:\/\/secure.gravatar.com\/avatar\/36af2c4c1f6de1245282e2f6d3e4483d8c1fb911663df347a69e69f7ff897aac?s=96&d=monsterid&r=g","height":96,"width":96}},"publisher":{"@type":"Person","name":"Dirk Bachhausen","image":{"@type":"ImageObject","@id":"https:\/\/www.bachhausen.de\/wp-content\/uploads\/2019\/07\/dirk_profil-300x300.jpg","url":"https:\/\/www.bachhausen.de\/wp-content\/uploads\/2019\/07\/dirk_profil-300x300.jpg","width":600,"height":60}},"image":{"@type":"ImageObject","@id":"https:\/\/www.bachhausen.de\/wp-content\/uploads\/2025\/06\/kbonnentin_transparent_mtypo-2-300x15-11.png","url":"https:\/\/www.bachhausen.de\/wp-content\/uploads\/2025\/06\/kbonnentin_transparent_mtypo-2-300x15-11.png","height":154,"width":300},"keywords":["christlich","demokratischen","grundung","jahren","rheinischen","union"]},{"@type":"NewsArticle","@id":"https:\/\/www.bachhausen.de\/den-investitionsstau-in-nrw-endlich-aufloesen\/","headline":"Den Investitionsstau in NRW endlich aufl\u00f6sen","url":"https:\/\/www.bachhausen.de\/den-investitionsstau-in-nrw-endlich-aufloesen\/","datePublished":"2025-06-07","dateModified":"2025-06-07","mainEntityOfPage":"https:\/\/www.bachhausen.de\/den-investitionsstau-in-nrw-endlich-aufloesen\/","author":{"@type":"Person","@id":"##Person","name":"SPD K\u00f6ln","url":"#","identifier":4,"image":{"@type":"ImageObject","@id":"https:\/\/secure.gravatar.com\/avatar\/9e275a42f0e2d615e7358ea63859947f3ea63517a2bcb7a2b26010d9ca858396?s=96&d=monsterid&r=g","url":"https:\/\/secure.gravatar.com\/avatar\/9e275a42f0e2d615e7358ea63859947f3ea63517a2bcb7a2b26010d9ca858396?s=96&d=monsterid&r=g","height":96,"width":96}},"publisher":{"@type":"Person","name":"Dirk Bachhausen","image":{"@type":"ImageObject","@id":"https:\/\/www.bachhausen.de\/wp-content\/uploads\/2019\/07\/dirk_profil-300x300.jpg","url":"https:\/\/www.bachhausen.de\/wp-content\/uploads\/2019\/07\/dirk_profil-300x300.jpg","width":600,"height":60}},"image":{"@type":"ImageObject","@id":"https:\/\/www.bachhausen.de\/wp-content\/uploads\/2023\/09\/Zeitungsleser.webp","url":"https:\/\/www.bachhausen.de\/wp-content\/uploads\/2023\/09\/Zeitungsleser.webp","height":534,"width":800},"keywords":["auflosen","endlich","investitionsstau"]}]}