{"@context":"https:\/\/schema.org\/","@type":"CollectionPage","@id":"https:\/\/www.bachhausen.de\/Thema\/politik\/koeln\/#CollectionPage","headline":"K\u00f6ln Category","description":"","url":"https:\/\/www.bachhausen.de\/Thema\/politik\/koeln\/","hasPart":[{"@type":"NewsArticle","@id":"https:\/\/www.bachhausen.de\/probealarm-in-koeln\/","headline":"Probealarm in K\u00f6ln","url":"https:\/\/www.bachhausen.de\/probealarm-in-koeln\/","datePublished":"2025-06-07","dateModified":"2025-06-07","mainEntityOfPage":"https:\/\/www.bachhausen.de\/probealarm-in-koeln\/","author":{"@type":"Person","@id":"##Person","name":"Report K","url":"#","identifier":20,"image":{"@type":"ImageObject","@id":"https:\/\/secure.gravatar.com\/avatar\/36af2c4c1f6de1245282e2f6d3e4483d8c1fb911663df347a69e69f7ff897aac?s=96&d=monsterid&r=g","url":"https:\/\/secure.gravatar.com\/avatar\/36af2c4c1f6de1245282e2f6d3e4483d8c1fb911663df347a69e69f7ff897aac?s=96&d=monsterid&r=g","height":96,"width":96}},"publisher":{"@type":"Person","name":"Dirk Bachhausen","image":{"@type":"ImageObject","@id":"https:\/\/www.bachhausen.de\/wp-content\/uploads\/2019\/07\/dirk_profil-300x300.jpg","url":"https:\/\/www.bachhausen.de\/wp-content\/uploads\/2019\/07\/dirk_profil-300x300.jpg","width":600,"height":60}},"image":{"@type":"ImageObject","@id":"https:\/\/www.bachhausen.de\/wp-content\/uploads\/2025\/06\/kbonnentin_transparent_mtypo-2-300x154-9.png","url":"https:\/\/www.bachhausen.de\/wp-content\/uploads\/2025\/06\/kbonnentin_transparent_mtypo-2-300x154-9.png","height":154,"width":300},"keywords":["probealarm"]},{"@type":"NewsArticle","@id":"https:\/\/www.bachhausen.de\/eine-letzte-debatte-zum-grossmarkt-koeln\/","headline":"Eine letzte Debatte zum Gro\u00dfmarkt K\u00f6ln","url":"https:\/\/www.bachhausen.de\/eine-letzte-debatte-zum-grossmarkt-koeln\/","datePublished":"2025-06-06","dateModified":"2025-06-06","mainEntityOfPage":"https:\/\/www.bachhausen.de\/eine-letzte-debatte-zum-grossmarkt-koeln\/","author":{"@type":"Person","@id":"##Person","name":"Report K","url":"#","identifier":20,"image":{"@type":"ImageObject","@id":"https:\/\/secure.gravatar.com\/avatar\/36af2c4c1f6de1245282e2f6d3e4483d8c1fb911663df347a69e69f7ff897aac?s=96&d=monsterid&r=g","url":"https:\/\/secure.gravatar.com\/avatar\/36af2c4c1f6de1245282e2f6d3e4483d8c1fb911663df347a69e69f7ff897aac?s=96&d=monsterid&r=g","height":96,"width":96}},"publisher":{"@type":"Person","name":"Dirk Bachhausen","image":{"@type":"ImageObject","@id":"https:\/\/www.bachhausen.de\/wp-content\/uploads\/2019\/07\/dirk_profil-300x300.jpg","url":"https:\/\/www.bachhausen.de\/wp-content\/uploads\/2019\/07\/dirk_profil-300x300.jpg","width":600,"height":60}},"image":{"@type":"ImageObject","@id":"https:\/\/www.bachhausen.de\/wp-content\/uploads\/2025\/06\/kbonnentin_transparent_mtypo-2-300x154-8.png","url":"https:\/\/www.bachhausen.de\/wp-content\/uploads\/2025\/06\/kbonnentin_transparent_mtypo-2-300x154-8.png","height":154,"width":300},"keywords":["debatte","letzte","markt"]},{"@type":"NewsArticle","@id":"https:\/\/www.bachhausen.de\/schwarz-gruen-schaut-zu-waehrend-nrw-verfaellt\/","headline":"Schwarz Gr\u00fcn schaut zu, w\u00e4hrend NRW verf\u00e4llt!","url":"https:\/\/www.bachhausen.de\/schwarz-gruen-schaut-zu-waehrend-nrw-verfaellt\/","datePublished":"2025-06-06","dateModified":"2025-06-06","mainEntityOfPage":"https:\/\/www.bachhausen.de\/schwarz-gruen-schaut-zu-waehrend-nrw-verfaellt\/","author":{"@type":"Person","@id":"##Person","name":"SPD K\u00f6ln","url":"#","identifier":4,"image":{"@type":"ImageObject","@id":"https:\/\/secure.gravatar.com\/avatar\/9e275a42f0e2d615e7358ea63859947f3ea63517a2bcb7a2b26010d9ca858396?s=96&d=monsterid&r=g","url":"https:\/\/secure.gravatar.com\/avatar\/9e275a42f0e2d615e7358ea63859947f3ea63517a2bcb7a2b26010d9ca858396?s=96&d=monsterid&r=g","height":96,"width":96}},"publisher":{"@type":"Person","name":"Dirk Bachhausen","image":{"@type":"ImageObject","@id":"https:\/\/www.bachhausen.de\/wp-content\/uploads\/2019\/07\/dirk_profil-300x300.jpg","url":"https:\/\/www.bachhausen.de\/wp-content\/uploads\/2019\/07\/dirk_profil-300x300.jpg","width":600,"height":60}},"image":{"@type":"ImageObject","@id":"https:\/\/www.bachhausen.de\/wp-content\/uploads\/2023\/09\/Zeitungsleser.webp","url":"https:\/\/www.bachhausen.de\/wp-content\/uploads\/2023\/09\/Zeitungsleser.webp","height":534,"width":800},"keywords":["schaut","schwarz","verfallt","wahrend"]},{"@type":"NewsArticle","@id":"https:\/\/www.bachhausen.de\/wo-ist-wuest-wenn-es-wirklich-wichtig-wird-fuer-nrw\/","headline":"Wo ist W\u00fcst, wenn es wirklich wichtig wird f\u00fcr NRW","url":"https:\/\/www.bachhausen.de\/wo-ist-wuest-wenn-es-wirklich-wichtig-wird-fuer-nrw\/","datePublished":"2025-06-06","dateModified":"2025-06-06","mainEntityOfPage":"https:\/\/www.bachhausen.de\/wo-ist-wuest-wenn-es-wirklich-wichtig-wird-fuer-nrw\/","author":{"@type":"Person","@id":"##Person","name":"SPD K\u00f6ln","url":"#","identifier":4,"image":{"@type":"ImageObject","@id":"https:\/\/secure.gravatar.com\/avatar\/9e275a42f0e2d615e7358ea63859947f3ea63517a2bcb7a2b26010d9ca858396?s=96&d=monsterid&r=g","url":"https:\/\/secure.gravatar.com\/avatar\/9e275a42f0e2d615e7358ea63859947f3ea63517a2bcb7a2b26010d9ca858396?s=96&d=monsterid&r=g","height":96,"width":96}},"publisher":{"@type":"Person","name":"Dirk Bachhausen","image":{"@type":"ImageObject","@id":"https:\/\/www.bachhausen.de\/wp-content\/uploads\/2019\/07\/dirk_profil-300x300.jpg","url":"https:\/\/www.bachhausen.de\/wp-content\/uploads\/2019\/07\/dirk_profil-300x300.jpg","width":600,"height":60}},"image":{"@type":"ImageObject","@id":"https:\/\/www.bachhausen.de\/wp-content\/uploads\/2023\/09\/Zeitungsleser.webp","url":"https:\/\/www.bachhausen.de\/wp-content\/uploads\/2023\/09\/Zeitungsleser.webp","height":534,"width":800},"keywords":["wichtig","wirklich"]},{"@type":"NewsArticle","@id":"https:\/\/www.bachhausen.de\/heftige-politische-debatte-um-ehemalige-kaufhofzentrale-kritik-an-cdu-ob-kandidat-greitemann\/","headline":"Heftige politische Debatte um ehemalige Kaufhofzentrale \u2013 Kritik an CDU OB-Kandidat Greitemann","url":"https:\/\/www.bachhausen.de\/heftige-politische-debatte-um-ehemalige-kaufhofzentrale-kritik-an-cdu-ob-kandidat-greitemann\/","datePublished":"2025-06-06","dateModified":"2025-06-06","mainEntityOfPage":"https:\/\/www.bachhausen.de\/heftige-politische-debatte-um-ehemalige-kaufhofzentrale-kritik-an-cdu-ob-kandidat-greitemann\/","author":{"@type":"Person","@id":"##Person","name":"Report K","url":"#","identifier":20,"image":{"@type":"ImageObject","@id":"https:\/\/secure.gravatar.com\/avatar\/36af2c4c1f6de1245282e2f6d3e4483d8c1fb911663df347a69e69f7ff897aac?s=96&d=monsterid&r=g","url":"https:\/\/secure.gravatar.com\/avatar\/36af2c4c1f6de1245282e2f6d3e4483d8c1fb911663df347a69e69f7ff897aac?s=96&d=monsterid&r=g","height":96,"width":96}},"publisher":{"@type":"Person","name":"Dirk Bachhausen","image":{"@type":"ImageObject","@id":"https:\/\/www.bachhausen.de\/wp-content\/uploads\/2019\/07\/dirk_profil-300x300.jpg","url":"https:\/\/www.bachhausen.de\/wp-content\/uploads\/2019\/07\/dirk_profil-300x300.jpg","width":600,"height":60}},"image":{"@type":"ImageObject","@id":"https:\/\/www.bachhausen.de\/wp-content\/uploads\/2025\/06\/kbonnentin_transparent_mtypo-2-300x154-7.png","url":"https:\/\/www.bachhausen.de\/wp-content\/uploads\/2025\/06\/kbonnentin_transparent_mtypo-2-300x154-7.png","height":154,"width":300},"keywords":["debatte","ehemalige","heftige","kandidat","kaufhofzentrale","kritik","politische"]},{"@type":"NewsArticle","@id":"https:\/\/www.bachhausen.de\/windkraftausbau-im-koelner-norden\/","headline":"Windkraftausbau im K\u00f6lner Norden","url":"https:\/\/www.bachhausen.de\/windkraftausbau-im-koelner-norden\/","datePublished":"2025-06-05","dateModified":"2025-06-11","mainEntityOfPage":"https:\/\/www.bachhausen.de\/windkraftausbau-im-koelner-norden\/","author":{"@type":"Person","@id":"##Person","name":"Dirk Bachhausen","url":"#","identifier":22,"image":{"@type":"ImageObject","@id":"https:\/\/secure.gravatar.com\/avatar\/93ae70f78458966061adb399322453e29dbd2355588a233ff1df8b839ed01f72?s=96&d=monsterid&r=g","url":"https:\/\/secure.gravatar.com\/avatar\/93ae70f78458966061adb399322453e29dbd2355588a233ff1df8b839ed01f72?s=96&d=monsterid&r=g","height":96,"width":96}},"publisher":{"@type":"Person","name":"Dirk Bachhausen","image":{"@type":"ImageObject","@id":"https:\/\/www.bachhausen.de\/wp-content\/uploads\/2019\/07\/dirk_profil-300x300.jpg","url":"https:\/\/www.bachhausen.de\/wp-content\/uploads\/2019\/07\/dirk_profil-300x300.jpg","width":600,"height":60}},"image":{"@type":"ImageObject","@id":"https:\/\/www.bachhausen.de\/wp-content\/uploads\/2025\/06\/1upd9lsha.jpg","url":"https:\/\/www.bachhausen.de\/wp-content\/uploads\/2025\/06\/1upd9lsha.jpg","height":1040,"width":1600},"keywords":["kolner","norden","windkraftausbau"]},{"@type":"NewsArticle","@id":"https:\/\/www.bachhausen.de\/die-evakuierung-in-koeln-deutz-3-blindgaenger-entschaerft\/","headline":"Die Evakuierung in K\u00f6ln-Deutz: 3 Blindg\u00e4nger entsch\u00e4rft","url":"https:\/\/www.bachhausen.de\/die-evakuierung-in-koeln-deutz-3-blindgaenger-entschaerft\/","datePublished":"2025-06-05","dateModified":"2025-06-05","mainEntityOfPage":"https:\/\/www.bachhausen.de\/die-evakuierung-in-koeln-deutz-3-blindgaenger-entschaerft\/","author":{"@type":"Person","@id":"##Person","name":"Report K","url":"#","identifier":20,"image":{"@type":"ImageObject","@id":"https:\/\/secure.gravatar.com\/avatar\/36af2c4c1f6de1245282e2f6d3e4483d8c1fb911663df347a69e69f7ff897aac?s=96&d=monsterid&r=g","url":"https:\/\/secure.gravatar.com\/avatar\/36af2c4c1f6de1245282e2f6d3e4483d8c1fb911663df347a69e69f7ff897aac?s=96&d=monsterid&r=g","height":96,"width":96}},"publisher":{"@type":"Person","name":"Dirk Bachhausen","image":{"@type":"ImageObject","@id":"https:\/\/www.bachhausen.de\/wp-content\/uploads\/2019\/07\/dirk_profil-300x300.jpg","url":"https:\/\/www.bachhausen.de\/wp-content\/uploads\/2019\/07\/dirk_profil-300x300.jpg","width":600,"height":60}},"image":{"@type":"ImageObject","@id":"https:\/\/www.bachhausen.de\/wp-content\/uploads\/2025\/06\/kbonnentin_transparent_mtypo-2-300x154-6.png","url":"https:\/\/www.bachhausen.de\/wp-content\/uploads\/2025\/06\/kbonnentin_transparent_mtypo-2-300x154-6.png","height":154,"width":300},"keywords":["blindganger","deutz","entscharft","evakuierung"]},{"@type":"NewsArticle","@id":"https:\/\/www.bachhausen.de\/die-bomben-blindgaengerentschaerfung-in-koeln-deutz\/","headline":"Die Bomben-Blindg\u00e4ngerentsch\u00e4rfung in K\u00f6ln-Deutz","url":"https:\/\/www.bachhausen.de\/die-bomben-blindgaengerentschaerfung-in-koeln-deutz\/","datePublished":"2025-06-04","dateModified":"2025-06-04","mainEntityOfPage":"https:\/\/www.bachhausen.de\/die-bomben-blindgaengerentschaerfung-in-koeln-deutz\/","author":{"@type":"Person","@id":"##Person","name":"Report K","url":"#","identifier":20,"image":{"@type":"ImageObject","@id":"https:\/\/secure.gravatar.com\/avatar\/36af2c4c1f6de1245282e2f6d3e4483d8c1fb911663df347a69e69f7ff897aac?s=96&d=monsterid&r=g","url":"https:\/\/secure.gravatar.com\/avatar\/36af2c4c1f6de1245282e2f6d3e4483d8c1fb911663df347a69e69f7ff897aac?s=96&d=monsterid&r=g","height":96,"width":96}},"publisher":{"@type":"Person","name":"Dirk Bachhausen","image":{"@type":"ImageObject","@id":"https:\/\/www.bachhausen.de\/wp-content\/uploads\/2019\/07\/dirk_profil-300x300.jpg","url":"https:\/\/www.bachhausen.de\/wp-content\/uploads\/2019\/07\/dirk_profil-300x300.jpg","width":600,"height":60}},"image":{"@type":"ImageObject","@id":"https:\/\/www.bachhausen.de\/wp-content\/uploads\/2025\/06\/kbonnentin_transparent_mtypo-2-300x154-5.png","url":"https:\/\/www.bachhausen.de\/wp-content\/uploads\/2025\/06\/kbonnentin_transparent_mtypo-2-300x154-5.png","height":154,"width":300},"keywords":["blindgangerentscharfung","bomben","deutz"]},{"@type":"NewsArticle","@id":"https:\/\/www.bachhausen.de\/wohnungslosenhilfe-fordert-trinkwasserstellen-fuer-obdachlose\/","headline":"Wohnungslosenhilfe fordert Trinkwasserstellen f\u00fcr Obdachlose","url":"https:\/\/www.bachhausen.de\/wohnungslosenhilfe-fordert-trinkwasserstellen-fuer-obdachlose\/","datePublished":"2025-06-03","dateModified":"2025-06-03","mainEntityOfPage":"https:\/\/www.bachhausen.de\/wohnungslosenhilfe-fordert-trinkwasserstellen-fuer-obdachlose\/","author":{"@type":"Person","@id":"##Person","name":"Report K","url":"#","identifier":20,"image":{"@type":"ImageObject","@id":"https:\/\/secure.gravatar.com\/avatar\/36af2c4c1f6de1245282e2f6d3e4483d8c1fb911663df347a69e69f7ff897aac?s=96&d=monsterid&r=g","url":"https:\/\/secure.gravatar.com\/avatar\/36af2c4c1f6de1245282e2f6d3e4483d8c1fb911663df347a69e69f7ff897aac?s=96&d=monsterid&r=g","height":96,"width":96}},"publisher":{"@type":"Person","name":"Dirk Bachhausen","image":{"@type":"ImageObject","@id":"https:\/\/www.bachhausen.de\/wp-content\/uploads\/2019\/07\/dirk_profil-300x300.jpg","url":"https:\/\/www.bachhausen.de\/wp-content\/uploads\/2019\/07\/dirk_profil-300x300.jpg","width":600,"height":60}},"image":{"@type":"ImageObject","@id":"https:\/\/www.bachhausen.de\/wp-content\/uploads\/2025\/06\/kbonnentin_transparent_mtypo-2-300x154-4.png","url":"https:\/\/www.bachhausen.de\/wp-content\/uploads\/2025\/06\/kbonnentin_transparent_mtypo-2-300x154-4.png","height":154,"width":300},"keywords":["fordert","obdachlose","trinkwasserstellen","wohnungslosenhilfe"]},{"@type":"NewsArticle","@id":"https:\/\/www.bachhausen.de\/20-000-menschen-muessen-in-koeln-wegen-bombenblindgaenger-evakuiert-werden\/","headline":"20.000 Menschen m\u00fcssen in K\u00f6ln wegen Bombenblindg\u00e4nger evakuiert werden","url":"https:\/\/www.bachhausen.de\/20-000-menschen-muessen-in-koeln-wegen-bombenblindgaenger-evakuiert-werden\/","datePublished":"2025-06-02","dateModified":"2025-06-02","mainEntityOfPage":"https:\/\/www.bachhausen.de\/20-000-menschen-muessen-in-koeln-wegen-bombenblindgaenger-evakuiert-werden\/","author":{"@type":"Person","@id":"##Person","name":"Report K","url":"#","identifier":20,"image":{"@type":"ImageObject","@id":"https:\/\/secure.gravatar.com\/avatar\/36af2c4c1f6de1245282e2f6d3e4483d8c1fb911663df347a69e69f7ff897aac?s=96&d=monsterid&r=g","url":"https:\/\/secure.gravatar.com\/avatar\/36af2c4c1f6de1245282e2f6d3e4483d8c1fb911663df347a69e69f7ff897aac?s=96&d=monsterid&r=g","height":96,"width":96}},"publisher":{"@type":"Person","name":"Dirk Bachhausen","image":{"@type":"ImageObject","@id":"https:\/\/www.bachhausen.de\/wp-content\/uploads\/2019\/07\/dirk_profil-300x300.jpg","url":"https:\/\/www.bachhausen.de\/wp-content\/uploads\/2019\/07\/dirk_profil-300x300.jpg","width":600,"height":60}},"image":{"@type":"ImageObject","@id":"https:\/\/www.bachhausen.de\/wp-content\/uploads\/2025\/06\/kbonnentin_transparent_mtypo-2-300x154-3.png","url":"https:\/\/www.bachhausen.de\/wp-content\/uploads\/2025\/06\/kbonnentin_transparent_mtypo-2-300x154-3.png","height":154,"width":300},"keywords":["bombenblindganger","evakuiert","menschen","mussen","wegen","werden"]}]}