{"@context":"https:\/\/schema.org\/","@type":"CollectionPage","@id":"https:\/\/www.bachhausen.de\/Thema\/politik\/koeln\/#CollectionPage","headline":"K\u00f6ln Category","description":"","url":"https:\/\/www.bachhausen.de\/Thema\/politik\/koeln\/","hasPart":[{"@type":"NewsArticle","@id":"https:\/\/www.bachhausen.de\/widerspruch-gegen-politik-anwohner-im-koelner-norden-wollen-strasse-nach-diesem-beliebten-buerger-benennen\/","headline":"Widerspruch gegen Politik: Anwohner im K\u00f6lner Norden wollen Stra\u00dfe nach diesem beliebten B\u00fcrger benennen","url":"https:\/\/www.bachhausen.de\/widerspruch-gegen-politik-anwohner-im-koelner-norden-wollen-strasse-nach-diesem-beliebten-buerger-benennen\/","datePublished":"2026-04-12","dateModified":"2026-04-12","mainEntityOfPage":"https:\/\/www.bachhausen.de\/widerspruch-gegen-politik-anwohner-im-koelner-norden-wollen-strasse-nach-diesem-beliebten-buerger-benennen\/","author":{"@type":"Person","@id":"##Person","name":"K\u00f6lner Stadtanzeiger","url":"#","identifier":3,"description":"Der K\u00f6lner Stadtanzeiger","image":{"@type":"ImageObject","@id":"https:\/\/secure.gravatar.com\/avatar\/a3f43e8250594c4ed8be9e86201eefa6cc06ef89c032788db696432ac7e77173?s=96&d=monsterid&r=g","url":"https:\/\/secure.gravatar.com\/avatar\/a3f43e8250594c4ed8be9e86201eefa6cc06ef89c032788db696432ac7e77173?s=96&d=monsterid&r=g","height":96,"width":96}},"publisher":{"@type":"Person","name":"Dirk Bachhausen","image":{"@type":"ImageObject","@id":"https:\/\/www.bachhausen.de\/wp-content\/uploads\/2019\/07\/dirk_profil-300x300.jpg","url":"https:\/\/www.bachhausen.de\/wp-content\/uploads\/2019\/07\/dirk_profil-300x300.jpg","width":600,"height":60}},"image":{"@type":"ImageObject","@id":"https:\/\/www.bachhausen.de\/wp-content\/uploads\/2019\/07\/dirk_profil-300x300.jpg","url":"https:\/\/www.bachhausen.de\/wp-content\/uploads\/2019\/07\/dirk_profil-300x300.jpg","width":100,"height":100},"keywords":null},{"@type":"NewsArticle","@id":"https:\/\/www.bachhausen.de\/250-000-euro-der-koelner-wirtschaft-fuer-ein-ja-olympia\/","headline":"250.000 Euro der K\u00f6lner Wirtschaft f\u00fcr ein Ja-Olympia","url":"https:\/\/www.bachhausen.de\/250-000-euro-der-koelner-wirtschaft-fuer-ein-ja-olympia\/","datePublished":"2026-04-10","dateModified":"2026-04-10","mainEntityOfPage":"https:\/\/www.bachhausen.de\/250-000-euro-der-koelner-wirtschaft-fuer-ein-ja-olympia\/","author":{"@type":"Person","@id":"##Person","name":"Redaktion","url":"#","identifier":19,"image":{"@type":"ImageObject","@id":"https:\/\/secure.gravatar.com\/avatar\/?s=96&d=monsterid&r=g","url":"https:\/\/secure.gravatar.com\/avatar\/?s=96&d=monsterid&r=g","height":96,"width":96}},"publisher":{"@type":"Person","name":"Dirk Bachhausen","image":{"@type":"ImageObject","@id":"https:\/\/www.bachhausen.de\/wp-content\/uploads\/2019\/07\/dirk_profil-300x300.jpg","url":"https:\/\/www.bachhausen.de\/wp-content\/uploads\/2019\/07\/dirk_profil-300x300.jpg","width":600,"height":60}},"image":{"@type":"ImageObject","@id":"https:\/\/nolympia-colonia.de\/wp-content\/uploads\/2026\/01\/2026_Olxmpia_Karri_2_cmyk-678x381.jpg","url":"https:\/\/nolympia-colonia.de\/wp-content\/uploads\/2026\/01\/2026_Olxmpia_Karri_2_cmyk-678x381.jpg","height":"","width":""},"keywords":null},{"@type":"NewsArticle","@id":"https:\/\/www.bachhausen.de\/koelns-geheimer-urwald-hier-leben-kleine-drachen-und-kaum-jemand-weiss-davon\/","headline":"K\u00f6lns geheimer Urwald: Hier leben kleine \u201eDrachen\u201c \u2013 und kaum jemand wei\u00df davon","url":"https:\/\/www.bachhausen.de\/koelns-geheimer-urwald-hier-leben-kleine-drachen-und-kaum-jemand-weiss-davon\/","datePublished":"2026-04-05","dateModified":"2026-04-05","mainEntityOfPage":"https:\/\/www.bachhausen.de\/koelns-geheimer-urwald-hier-leben-kleine-drachen-und-kaum-jemand-weiss-davon\/","author":{"@type":"Person","@id":"##Person","name":"K\u00f6lner Stadtanzeiger","url":"#","identifier":3,"description":"Der K\u00f6lner Stadtanzeiger","image":{"@type":"ImageObject","@id":"https:\/\/secure.gravatar.com\/avatar\/a3f43e8250594c4ed8be9e86201eefa6cc06ef89c032788db696432ac7e77173?s=96&d=monsterid&r=g","url":"https:\/\/secure.gravatar.com\/avatar\/a3f43e8250594c4ed8be9e86201eefa6cc06ef89c032788db696432ac7e77173?s=96&d=monsterid&r=g","height":96,"width":96}},"publisher":{"@type":"Person","name":"Dirk Bachhausen","image":{"@type":"ImageObject","@id":"https:\/\/www.bachhausen.de\/wp-content\/uploads\/2019\/07\/dirk_profil-300x300.jpg","url":"https:\/\/www.bachhausen.de\/wp-content\/uploads\/2019\/07\/dirk_profil-300x300.jpg","width":600,"height":60}},"image":{"@type":"ImageObject","@id":"https:\/\/static.ksta.de\/__images\/2026\/03\/20\/773abe64-b014-4b49-ab6b-70e1dfce447b.jpeg?q=75&q=70&rect=364,541,3636,2045&w=2000&h=1124&fm=jpeg&s=f88e2a7dbf0a432e3156c8390aeefbc6","url":"https:\/\/static.ksta.de\/__images\/2026\/03\/20\/773abe64-b014-4b49-ab6b-70e1dfce447b.jpeg?q=75&q=70&rect=364,541,3636,2045&w=2000&h=1124&fm=jpeg&s=f88e2a7dbf0a432e3156c8390aeefbc6","height":"","width":""},"keywords":null},{"@type":"NewsArticle","@id":"https:\/\/www.bachhausen.de\/kritik-aus-dem-podcast-boehmermann-stellt-sich-gegen-olympia-in-koeln\/","headline":"Kritik aus dem Podcast: B\u00f6hmermann stellt sich gegen Olympia in K\u00f6ln","url":"https:\/\/www.bachhausen.de\/kritik-aus-dem-podcast-boehmermann-stellt-sich-gegen-olympia-in-koeln\/","datePublished":"2026-04-04","dateModified":"2026-04-04","mainEntityOfPage":"https:\/\/www.bachhausen.de\/kritik-aus-dem-podcast-boehmermann-stellt-sich-gegen-olympia-in-koeln\/","author":{"@type":"Person","@id":"##Person","name":"Redaktion","url":"#","identifier":19,"image":{"@type":"ImageObject","@id":"https:\/\/secure.gravatar.com\/avatar\/?s=96&d=monsterid&r=g","url":"https:\/\/secure.gravatar.com\/avatar\/?s=96&d=monsterid&r=g","height":96,"width":96}},"publisher":{"@type":"Person","name":"Dirk Bachhausen","image":{"@type":"ImageObject","@id":"https:\/\/www.bachhausen.de\/wp-content\/uploads\/2019\/07\/dirk_profil-300x300.jpg","url":"https:\/\/www.bachhausen.de\/wp-content\/uploads\/2019\/07\/dirk_profil-300x300.jpg","width":600,"height":60}},"image":{"@type":"ImageObject","@id":"https:\/\/nolympia-colonia.de\/wp-content\/uploads\/2025\/11\/Logo_NOlympia_Colonia-e1763563121431.jpg","url":"https:\/\/nolympia-colonia.de\/wp-content\/uploads\/2025\/11\/Logo_NOlympia_Colonia-e1763563121431.jpg","height":"","width":""},"keywords":null},{"@type":"NewsArticle","@id":"https:\/\/www.bachhausen.de\/chorweiler-buergerplattform-foerdert-gemeinschaftliches-handeln-und-teilhabe-im-koelner-norden\/","headline":"Chorweiler: B\u00fcrgerplattform f\u00f6rdert gemeinschaftliches Handeln und Teilhabe im K\u00f6lner Norden","url":"https:\/\/www.bachhausen.de\/chorweiler-buergerplattform-foerdert-gemeinschaftliches-handeln-und-teilhabe-im-koelner-norden\/","datePublished":"2026-04-02","dateModified":"2026-04-02","mainEntityOfPage":"https:\/\/www.bachhausen.de\/chorweiler-buergerplattform-foerdert-gemeinschaftliches-handeln-und-teilhabe-im-koelner-norden\/","author":{"@type":"Person","@id":"##Person","name":"K\u00f6lner Stadtanzeiger","url":"#","identifier":3,"description":"Der K\u00f6lner Stadtanzeiger","image":{"@type":"ImageObject","@id":"https:\/\/secure.gravatar.com\/avatar\/a3f43e8250594c4ed8be9e86201eefa6cc06ef89c032788db696432ac7e77173?s=96&d=monsterid&r=g","url":"https:\/\/secure.gravatar.com\/avatar\/a3f43e8250594c4ed8be9e86201eefa6cc06ef89c032788db696432ac7e77173?s=96&d=monsterid&r=g","height":96,"width":96}},"publisher":{"@type":"Person","name":"Dirk Bachhausen","image":{"@type":"ImageObject","@id":"https:\/\/www.bachhausen.de\/wp-content\/uploads\/2019\/07\/dirk_profil-300x300.jpg","url":"https:\/\/www.bachhausen.de\/wp-content\/uploads\/2019\/07\/dirk_profil-300x300.jpg","width":600,"height":60}},"image":{"@type":"ImageObject","@id":"https:\/\/www.bachhausen.de\/wp-content\/uploads\/2019\/07\/dirk_profil-300x300.jpg","url":"https:\/\/www.bachhausen.de\/wp-content\/uploads\/2019\/07\/dirk_profil-300x300.jpg","width":100,"height":100},"keywords":null},{"@type":"NewsArticle","@id":"https:\/\/www.bachhausen.de\/nolympia-an-rhein-und-ruhr-erfolgreiche-veranstaltungen-im-ruhrgebiet\/","headline":"NOlympia an Rhein und Ruhr! Erfolgreiche Veranstaltungen im Ruhrgebiet","url":"https:\/\/www.bachhausen.de\/nolympia-an-rhein-und-ruhr-erfolgreiche-veranstaltungen-im-ruhrgebiet\/","datePublished":"2026-04-02","dateModified":"2026-04-02","mainEntityOfPage":"https:\/\/www.bachhausen.de\/nolympia-an-rhein-und-ruhr-erfolgreiche-veranstaltungen-im-ruhrgebiet\/","author":{"@type":"Person","@id":"##Person","name":"Redaktion","url":"#","identifier":19,"image":{"@type":"ImageObject","@id":"https:\/\/secure.gravatar.com\/avatar\/?s=96&d=monsterid&r=g","url":"https:\/\/secure.gravatar.com\/avatar\/?s=96&d=monsterid&r=g","height":96,"width":96}},"publisher":{"@type":"Person","name":"Dirk Bachhausen","image":{"@type":"ImageObject","@id":"https:\/\/www.bachhausen.de\/wp-content\/uploads\/2019\/07\/dirk_profil-300x300.jpg","url":"https:\/\/www.bachhausen.de\/wp-content\/uploads\/2019\/07\/dirk_profil-300x300.jpg","width":600,"height":60}},"image":{"@type":"ImageObject","@id":"https:\/\/nolympia-colonia.de\/wp-content\/uploads\/2026\/04\/Foto1-678x381.jpg","url":"https:\/\/nolympia-colonia.de\/wp-content\/uploads\/2026\/04\/Foto1-678x381.jpg","height":"","width":""},"keywords":null},{"@type":"NewsArticle","@id":"https:\/\/www.bachhausen.de\/warum-die-olympischen-spiele-nach-koeln-gehoeren\/","headline":"Warum die olympischen Spiele nach K\u00f6ln geh\u00f6ren","url":"https:\/\/www.bachhausen.de\/warum-die-olympischen-spiele-nach-koeln-gehoeren\/","datePublished":"2026-03-31","dateModified":"2026-03-31","mainEntityOfPage":"https:\/\/www.bachhausen.de\/warum-die-olympischen-spiele-nach-koeln-gehoeren\/","author":{"@type":"Person","@id":"##Person","name":"Redaktion","url":"#","identifier":19,"image":{"@type":"ImageObject","@id":"https:\/\/secure.gravatar.com\/avatar\/?s=96&d=monsterid&r=g","url":"https:\/\/secure.gravatar.com\/avatar\/?s=96&d=monsterid&r=g","height":96,"width":96}},"publisher":{"@type":"Person","name":"Dirk Bachhausen","image":{"@type":"ImageObject","@id":"https:\/\/www.bachhausen.de\/wp-content\/uploads\/2019\/07\/dirk_profil-300x300.jpg","url":"https:\/\/www.bachhausen.de\/wp-content\/uploads\/2019\/07\/dirk_profil-300x300.jpg","width":600,"height":60}},"image":{"@type":"ImageObject","@id":"https:\/\/nolympia-colonia.de\/wp-content\/uploads\/2025\/12\/20220827_BB_3838-678x381.jpg","url":"https:\/\/nolympia-colonia.de\/wp-content\/uploads\/2025\/12\/20220827_BB_3838-678x381.jpg","height":"","width":""},"keywords":null},{"@type":"NewsArticle","@id":"https:\/\/www.bachhausen.de\/olympia-op-koelsch\/","headline":"Olympia op K\u00f6lsch","url":"https:\/\/www.bachhausen.de\/olympia-op-koelsch\/","datePublished":"2026-03-30","dateModified":"2026-03-30","mainEntityOfPage":"https:\/\/www.bachhausen.de\/olympia-op-koelsch\/","author":{"@type":"Person","@id":"##Person","name":"Redaktion","url":"#","identifier":19,"image":{"@type":"ImageObject","@id":"https:\/\/secure.gravatar.com\/avatar\/?s=96&d=monsterid&r=g","url":"https:\/\/secure.gravatar.com\/avatar\/?s=96&d=monsterid&r=g","height":96,"width":96}},"publisher":{"@type":"Person","name":"Dirk Bachhausen","image":{"@type":"ImageObject","@id":"https:\/\/www.bachhausen.de\/wp-content\/uploads\/2019\/07\/dirk_profil-300x300.jpg","url":"https:\/\/www.bachhausen.de\/wp-content\/uploads\/2019\/07\/dirk_profil-300x300.jpg","width":600,"height":60}},"image":{"@type":"ImageObject","@id":"https:\/\/nolympia-colonia.de\/wp-content\/uploads\/2026\/03\/Broetchen_stadtrevue-678x381.jpg","url":"https:\/\/nolympia-colonia.de\/wp-content\/uploads\/2026\/03\/Broetchen_stadtrevue-678x381.jpg","height":"","width":""},"keywords":null},{"@type":"NewsArticle","@id":"https:\/\/www.bachhausen.de\/chorweiler-wohnblock-in-koeln-seeberg-soll-durch-neubauten-ersetzt-werden\/","headline":"Chorweiler: Wohnblock in K\u00f6ln-Seeberg soll durch Neubauten ersetzt werden","url":"https:\/\/www.bachhausen.de\/chorweiler-wohnblock-in-koeln-seeberg-soll-durch-neubauten-ersetzt-werden\/","datePublished":"2026-03-29","dateModified":"2026-03-29","mainEntityOfPage":"https:\/\/www.bachhausen.de\/chorweiler-wohnblock-in-koeln-seeberg-soll-durch-neubauten-ersetzt-werden\/","author":{"@type":"Person","@id":"##Person","name":"K\u00f6lner Stadtanzeiger","url":"#","identifier":3,"description":"Der K\u00f6lner Stadtanzeiger","image":{"@type":"ImageObject","@id":"https:\/\/secure.gravatar.com\/avatar\/a3f43e8250594c4ed8be9e86201eefa6cc06ef89c032788db696432ac7e77173?s=96&d=monsterid&r=g","url":"https:\/\/secure.gravatar.com\/avatar\/a3f43e8250594c4ed8be9e86201eefa6cc06ef89c032788db696432ac7e77173?s=96&d=monsterid&r=g","height":96,"width":96}},"publisher":{"@type":"Person","name":"Dirk Bachhausen","image":{"@type":"ImageObject","@id":"https:\/\/www.bachhausen.de\/wp-content\/uploads\/2019\/07\/dirk_profil-300x300.jpg","url":"https:\/\/www.bachhausen.de\/wp-content\/uploads\/2019\/07\/dirk_profil-300x300.jpg","width":600,"height":60}},"image":{"@type":"ImageObject","@id":"https:\/\/www.bachhausen.de\/wp-content\/uploads\/2019\/07\/dirk_profil-300x300.jpg","url":"https:\/\/www.bachhausen.de\/wp-content\/uploads\/2019\/07\/dirk_profil-300x300.jpg","width":100,"height":100},"keywords":null},{"@type":"NewsArticle","@id":"https:\/\/www.bachhausen.de\/bezirksvertretung-chorweiler-runder-tisch-soll-mobilitaet-in-den-fokus-ruecken\/","headline":"Bezirksvertretung Chorweiler: Runder Tisch soll Mobilit\u00e4t in den Fokus r\u00fccken","url":"https:\/\/www.bachhausen.de\/bezirksvertretung-chorweiler-runder-tisch-soll-mobilitaet-in-den-fokus-ruecken\/","datePublished":"2026-03-28","dateModified":"2026-03-28","mainEntityOfPage":"https:\/\/www.bachhausen.de\/bezirksvertretung-chorweiler-runder-tisch-soll-mobilitaet-in-den-fokus-ruecken\/","author":{"@type":"Person","@id":"##Person","name":"K\u00f6lner Stadtanzeiger","url":"#","identifier":3,"description":"Der K\u00f6lner Stadtanzeiger","image":{"@type":"ImageObject","@id":"https:\/\/secure.gravatar.com\/avatar\/a3f43e8250594c4ed8be9e86201eefa6cc06ef89c032788db696432ac7e77173?s=96&d=monsterid&r=g","url":"https:\/\/secure.gravatar.com\/avatar\/a3f43e8250594c4ed8be9e86201eefa6cc06ef89c032788db696432ac7e77173?s=96&d=monsterid&r=g","height":96,"width":96}},"publisher":{"@type":"Person","name":"Dirk Bachhausen","image":{"@type":"ImageObject","@id":"https:\/\/www.bachhausen.de\/wp-content\/uploads\/2019\/07\/dirk_profil-300x300.jpg","url":"https:\/\/www.bachhausen.de\/wp-content\/uploads\/2019\/07\/dirk_profil-300x300.jpg","width":600,"height":60}},"image":{"@type":"ImageObject","@id":"https:\/\/www.bachhausen.de\/wp-content\/uploads\/2019\/07\/dirk_profil-300x300.jpg","url":"https:\/\/www.bachhausen.de\/wp-content\/uploads\/2019\/07\/dirk_profil-300x300.jpg","width":100,"height":100},"keywords":null}]}