{"@context":"https:\/\/schema.org\/","@type":"CollectionPage","@id":"https:\/\/www.bachhausen.de\/Thema\/politik\/koeln\/#CollectionPage","headline":"K\u00f6ln Category","description":"","url":"https:\/\/www.bachhausen.de\/Thema\/politik\/koeln\/","hasPart":[{"@type":"NewsArticle","@id":"https:\/\/www.bachhausen.de\/die-briefwahlunterlagen-sind-jetzt-unterwegs\/","headline":"Die Briefwahlunterlagen sind jetzt unterwegs!","url":"https:\/\/www.bachhausen.de\/die-briefwahlunterlagen-sind-jetzt-unterwegs\/","datePublished":"2026-03-23","dateModified":"2026-03-23","mainEntityOfPage":"https:\/\/www.bachhausen.de\/die-briefwahlunterlagen-sind-jetzt-unterwegs\/","author":{"@type":"Person","@id":"##Person","name":"Redaktion","url":"#","identifier":19,"image":{"@type":"ImageObject","@id":"https:\/\/secure.gravatar.com\/avatar\/?s=96&d=monsterid&r=g","url":"https:\/\/secure.gravatar.com\/avatar\/?s=96&d=monsterid&r=g","height":96,"width":96}},"publisher":{"@type":"Person","name":"Dirk Bachhausen","image":{"@type":"ImageObject","@id":"https:\/\/www.bachhausen.de\/wp-content\/uploads\/2019\/07\/dirk_profil-300x300.jpg","url":"https:\/\/www.bachhausen.de\/wp-content\/uploads\/2019\/07\/dirk_profil-300x300.jpg","width":600,"height":60}},"image":{"@type":"ImageObject","@id":"https:\/\/nolympia-colonia.de\/wp-content\/uploads\/2026\/03\/2026_Abstimmungszettel-Koeln_Nein-678x381.jpg","url":"https:\/\/nolympia-colonia.de\/wp-content\/uploads\/2026\/03\/2026_Abstimmungszettel-Koeln_Nein-678x381.jpg","height":"","width":""},"keywords":null},{"@type":"NewsArticle","@id":"https:\/\/www.bachhausen.de\/esch-auweiler-bezirksvertretung-mahnt-laermschutz-am-sportplatz-an\/","headline":"Esch\/Auweiler: Bezirksvertretung mahnt L\u00e4rmschutz am Sportplatz an","url":"https:\/\/www.bachhausen.de\/esch-auweiler-bezirksvertretung-mahnt-laermschutz-am-sportplatz-an\/","datePublished":"2026-03-20","dateModified":"2026-03-20","mainEntityOfPage":"https:\/\/www.bachhausen.de\/esch-auweiler-bezirksvertretung-mahnt-laermschutz-am-sportplatz-an\/","author":{"@type":"Person","@id":"##Person","name":"K\u00f6lner Stadtanzeiger","url":"#","identifier":3,"description":"Der K\u00f6lner Stadtanzeiger","image":{"@type":"ImageObject","@id":"https:\/\/secure.gravatar.com\/avatar\/a3f43e8250594c4ed8be9e86201eefa6cc06ef89c032788db696432ac7e77173?s=96&d=monsterid&r=g","url":"https:\/\/secure.gravatar.com\/avatar\/a3f43e8250594c4ed8be9e86201eefa6cc06ef89c032788db696432ac7e77173?s=96&d=monsterid&r=g","height":96,"width":96}},"publisher":{"@type":"Person","name":"Dirk Bachhausen","image":{"@type":"ImageObject","@id":"https:\/\/www.bachhausen.de\/wp-content\/uploads\/2019\/07\/dirk_profil-300x300.jpg","url":"https:\/\/www.bachhausen.de\/wp-content\/uploads\/2019\/07\/dirk_profil-300x300.jpg","width":600,"height":60}},"image":{"@type":"ImageObject","@id":"https:\/\/www.bachhausen.de\/wp-content\/uploads\/2019\/07\/dirk_profil-300x300.jpg","url":"https:\/\/www.bachhausen.de\/wp-content\/uploads\/2019\/07\/dirk_profil-300x300.jpg","width":100,"height":100},"keywords":null},{"@type":"NewsArticle","@id":"https:\/\/www.bachhausen.de\/als-reaktion-auf-afd-verhalten-koelner-stadtrat-plant-wichtige-aenderung-der-geschaeftsordnung\/","headline":"Als Reaktion auf AfD-Verhalten: K\u00f6lner Stadtrat plant wichtige \u00c4nderung der Gesch\u00e4ftsordnung","url":"https:\/\/www.bachhausen.de\/als-reaktion-auf-afd-verhalten-koelner-stadtrat-plant-wichtige-aenderung-der-geschaeftsordnung\/","datePublished":"2026-03-19","dateModified":"2026-03-19","mainEntityOfPage":"https:\/\/www.bachhausen.de\/als-reaktion-auf-afd-verhalten-koelner-stadtrat-plant-wichtige-aenderung-der-geschaeftsordnung\/","author":{"@type":"Person","@id":"##Person","name":"K\u00f6lner Stadtanzeiger","url":"#","identifier":3,"description":"Der K\u00f6lner Stadtanzeiger","image":{"@type":"ImageObject","@id":"https:\/\/secure.gravatar.com\/avatar\/a3f43e8250594c4ed8be9e86201eefa6cc06ef89c032788db696432ac7e77173?s=96&d=monsterid&r=g","url":"https:\/\/secure.gravatar.com\/avatar\/a3f43e8250594c4ed8be9e86201eefa6cc06ef89c032788db696432ac7e77173?s=96&d=monsterid&r=g","height":96,"width":96}},"publisher":{"@type":"Person","name":"Dirk Bachhausen","image":{"@type":"ImageObject","@id":"https:\/\/www.bachhausen.de\/wp-content\/uploads\/2019\/07\/dirk_profil-300x300.jpg","url":"https:\/\/www.bachhausen.de\/wp-content\/uploads\/2019\/07\/dirk_profil-300x300.jpg","width":600,"height":60}},"image":{"@type":"ImageObject","@id":"https:\/\/www.bachhausen.de\/wp-content\/uploads\/2019\/07\/dirk_profil-300x300.jpg","url":"https:\/\/www.bachhausen.de\/wp-content\/uploads\/2019\/07\/dirk_profil-300x300.jpg","width":100,"height":100},"keywords":null},{"@type":"NewsArticle","@id":"https:\/\/www.bachhausen.de\/koeln-blumenberg-streit-eskaliert-mann-in-mehrfamilienhaus-niedergestochen\/","headline":"K\u00f6ln-Blumenberg: Streit eskaliert \u2013 Mann in Mehrfamilienhaus niedergestochen","url":"https:\/\/www.bachhausen.de\/koeln-blumenberg-streit-eskaliert-mann-in-mehrfamilienhaus-niedergestochen\/","datePublished":"2026-03-17","dateModified":"2026-03-17","mainEntityOfPage":"https:\/\/www.bachhausen.de\/koeln-blumenberg-streit-eskaliert-mann-in-mehrfamilienhaus-niedergestochen\/","author":{"@type":"Person","@id":"##Person","name":"K\u00f6lner Stadtanzeiger","url":"#","identifier":3,"description":"Der K\u00f6lner Stadtanzeiger","image":{"@type":"ImageObject","@id":"https:\/\/secure.gravatar.com\/avatar\/a3f43e8250594c4ed8be9e86201eefa6cc06ef89c032788db696432ac7e77173?s=96&d=monsterid&r=g","url":"https:\/\/secure.gravatar.com\/avatar\/a3f43e8250594c4ed8be9e86201eefa6cc06ef89c032788db696432ac7e77173?s=96&d=monsterid&r=g","height":96,"width":96}},"publisher":{"@type":"Person","name":"Dirk Bachhausen","image":{"@type":"ImageObject","@id":"https:\/\/www.bachhausen.de\/wp-content\/uploads\/2019\/07\/dirk_profil-300x300.jpg","url":"https:\/\/www.bachhausen.de\/wp-content\/uploads\/2019\/07\/dirk_profil-300x300.jpg","width":600,"height":60}},"image":{"@type":"ImageObject","@id":"https:\/\/www.bachhausen.de\/wp-content\/uploads\/2019\/07\/dirk_profil-300x300.jpg","url":"https:\/\/www.bachhausen.de\/wp-content\/uploads\/2019\/07\/dirk_profil-300x300.jpg","width":100,"height":100},"keywords":null},{"@type":"NewsArticle","@id":"https:\/\/www.bachhausen.de\/afd-wollte-jedes-mal-geheime-abstimmung-sitzung-der-bezirksvertretung-koeln-chorweiler-abgebrochen\/","headline":"AfD wollte jedes Mal geheime Abstimmung: Sitzung der Bezirksvertretung K\u00f6ln-Chorweiler abgebrochen","url":"https:\/\/www.bachhausen.de\/afd-wollte-jedes-mal-geheime-abstimmung-sitzung-der-bezirksvertretung-koeln-chorweiler-abgebrochen\/","datePublished":"2026-03-15","dateModified":"2026-03-15","mainEntityOfPage":"https:\/\/www.bachhausen.de\/afd-wollte-jedes-mal-geheime-abstimmung-sitzung-der-bezirksvertretung-koeln-chorweiler-abgebrochen\/","author":{"@type":"Person","@id":"##Person","name":"K\u00f6lner Stadtanzeiger","url":"#","identifier":3,"description":"Der K\u00f6lner Stadtanzeiger","image":{"@type":"ImageObject","@id":"https:\/\/secure.gravatar.com\/avatar\/a3f43e8250594c4ed8be9e86201eefa6cc06ef89c032788db696432ac7e77173?s=96&d=monsterid&r=g","url":"https:\/\/secure.gravatar.com\/avatar\/a3f43e8250594c4ed8be9e86201eefa6cc06ef89c032788db696432ac7e77173?s=96&d=monsterid&r=g","height":96,"width":96}},"publisher":{"@type":"Person","name":"Dirk Bachhausen","image":{"@type":"ImageObject","@id":"https:\/\/www.bachhausen.de\/wp-content\/uploads\/2019\/07\/dirk_profil-300x300.jpg","url":"https:\/\/www.bachhausen.de\/wp-content\/uploads\/2019\/07\/dirk_profil-300x300.jpg","width":600,"height":60}},"image":{"@type":"ImageObject","@id":"https:\/\/static.ksta.de\/__images\/2025\/09\/15\/1ea2d9e7-0fa4-4062-866a-1042056c6f5f.jpeg?crop=bottom&q=70&ar=1:1&w=600&h=414&fm=jpeg&fit=crop&s=88476b15492ae7e68b7513b1981d02e7","url":"https:\/\/static.ksta.de\/__images\/2025\/09\/15\/1ea2d9e7-0fa4-4062-866a-1042056c6f5f.jpeg?crop=bottom&q=70&ar=1:1&w=600&h=414&fm=jpeg&fit=crop&s=88476b15492ae7e68b7513b1981d02e7","height":"","width":""},"keywords":null},{"@type":"NewsArticle","@id":"https:\/\/www.bachhausen.de\/wohnungen-oder-stadion-wie-passt-olympia-in-den-geplanten-stadtteil-kreuzfeld\/","headline":"Wohnungen oder Stadion: Wie passt Olympia in den geplanten Stadtteil Kreuzfeld?","url":"https:\/\/www.bachhausen.de\/wohnungen-oder-stadion-wie-passt-olympia-in-den-geplanten-stadtteil-kreuzfeld\/","datePublished":"2026-03-15","dateModified":"2026-03-15","mainEntityOfPage":"https:\/\/www.bachhausen.de\/wohnungen-oder-stadion-wie-passt-olympia-in-den-geplanten-stadtteil-kreuzfeld\/","author":{"@type":"Person","@id":"##Person","name":"K\u00f6lner Stadtanzeiger","url":"#","identifier":3,"description":"Der K\u00f6lner Stadtanzeiger","image":{"@type":"ImageObject","@id":"https:\/\/secure.gravatar.com\/avatar\/a3f43e8250594c4ed8be9e86201eefa6cc06ef89c032788db696432ac7e77173?s=96&d=monsterid&r=g","url":"https:\/\/secure.gravatar.com\/avatar\/a3f43e8250594c4ed8be9e86201eefa6cc06ef89c032788db696432ac7e77173?s=96&d=monsterid&r=g","height":96,"width":96}},"publisher":{"@type":"Person","name":"Dirk Bachhausen","image":{"@type":"ImageObject","@id":"https:\/\/www.bachhausen.de\/wp-content\/uploads\/2019\/07\/dirk_profil-300x300.jpg","url":"https:\/\/www.bachhausen.de\/wp-content\/uploads\/2019\/07\/dirk_profil-300x300.jpg","width":600,"height":60}},"image":{"@type":"ImageObject","@id":"https:\/\/www.bachhausen.de\/wp-content\/uploads\/2019\/07\/dirk_profil-300x300.jpg","url":"https:\/\/www.bachhausen.de\/wp-content\/uploads\/2019\/07\/dirk_profil-300x300.jpg","width":100,"height":100},"keywords":null},{"@type":"NewsArticle","@id":"https:\/\/www.bachhausen.de\/weil-afd-jedes-mal-geheime-abstimmung-wollte-sitzung-der-bezirksvertretung-koeln-chorweiler-abgebrochen\/","headline":"Weil AfD jedes Mal geheime Abstimmung wollte: Sitzung der Bezirksvertretung K\u00f6ln-Chorweiler abgebrochen","url":"https:\/\/www.bachhausen.de\/weil-afd-jedes-mal-geheime-abstimmung-wollte-sitzung-der-bezirksvertretung-koeln-chorweiler-abgebrochen\/","datePublished":"2026-03-14","dateModified":"2026-03-14","mainEntityOfPage":"https:\/\/www.bachhausen.de\/weil-afd-jedes-mal-geheime-abstimmung-wollte-sitzung-der-bezirksvertretung-koeln-chorweiler-abgebrochen\/","author":{"@type":"Person","@id":"##Person","name":"K\u00f6lner Stadtanzeiger","url":"#","identifier":3,"description":"Der K\u00f6lner Stadtanzeiger","image":{"@type":"ImageObject","@id":"https:\/\/secure.gravatar.com\/avatar\/a3f43e8250594c4ed8be9e86201eefa6cc06ef89c032788db696432ac7e77173?s=96&d=monsterid&r=g","url":"https:\/\/secure.gravatar.com\/avatar\/a3f43e8250594c4ed8be9e86201eefa6cc06ef89c032788db696432ac7e77173?s=96&d=monsterid&r=g","height":96,"width":96}},"publisher":{"@type":"Person","name":"Dirk Bachhausen","image":{"@type":"ImageObject","@id":"https:\/\/www.bachhausen.de\/wp-content\/uploads\/2019\/07\/dirk_profil-300x300.jpg","url":"https:\/\/www.bachhausen.de\/wp-content\/uploads\/2019\/07\/dirk_profil-300x300.jpg","width":600,"height":60}},"image":{"@type":"ImageObject","@id":"https:\/\/static.ksta.de\/__images\/2025\/09\/15\/1ea2d9e7-0fa4-4062-866a-1042056c6f5f.jpeg?crop=bottom&q=70&ar=1:1&w=600&h=414&fm=jpeg&fit=crop&s=88476b15492ae7e68b7513b1981d02e7","url":"https:\/\/static.ksta.de\/__images\/2025\/09\/15\/1ea2d9e7-0fa4-4062-866a-1042056c6f5f.jpeg?crop=bottom&q=70&ar=1:1&w=600&h=414&fm=jpeg&fit=crop&s=88476b15492ae7e68b7513b1981d02e7","height":"","width":""},"keywords":null},{"@type":"NewsArticle","@id":"https:\/\/www.bachhausen.de\/ein-acker-viele-ansprueche-wie-passt-ein-olympia-stadion-in-den-geplanten-stadtteil-kreuzfeld\/","headline":"Ein Acker, viele Anspr\u00fcche: Wie passt ein Olympia-Stadion in den geplanten Stadtteil Kreuzfeld?","url":"https:\/\/www.bachhausen.de\/ein-acker-viele-ansprueche-wie-passt-ein-olympia-stadion-in-den-geplanten-stadtteil-kreuzfeld\/","datePublished":"2026-03-13","dateModified":"2026-03-13","mainEntityOfPage":"https:\/\/www.bachhausen.de\/ein-acker-viele-ansprueche-wie-passt-ein-olympia-stadion-in-den-geplanten-stadtteil-kreuzfeld\/","author":{"@type":"Person","@id":"##Person","name":"K\u00f6lner Stadtanzeiger","url":"#","identifier":3,"description":"Der K\u00f6lner Stadtanzeiger","image":{"@type":"ImageObject","@id":"https:\/\/secure.gravatar.com\/avatar\/a3f43e8250594c4ed8be9e86201eefa6cc06ef89c032788db696432ac7e77173?s=96&d=monsterid&r=g","url":"https:\/\/secure.gravatar.com\/avatar\/a3f43e8250594c4ed8be9e86201eefa6cc06ef89c032788db696432ac7e77173?s=96&d=monsterid&r=g","height":96,"width":96}},"publisher":{"@type":"Person","name":"Dirk Bachhausen","image":{"@type":"ImageObject","@id":"https:\/\/www.bachhausen.de\/wp-content\/uploads\/2019\/07\/dirk_profil-300x300.jpg","url":"https:\/\/www.bachhausen.de\/wp-content\/uploads\/2019\/07\/dirk_profil-300x300.jpg","width":600,"height":60}},"image":{"@type":"ImageObject","@id":"https:\/\/www.bachhausen.de\/wp-content\/uploads\/2019\/07\/dirk_profil-300x300.jpg","url":"https:\/\/www.bachhausen.de\/wp-content\/uploads\/2019\/07\/dirk_profil-300x300.jpg","width":100,"height":100},"keywords":null},{"@type":"NewsArticle","@id":"https:\/\/www.bachhausen.de\/fuehlingen-anwohner-beobachten-wildes-campen-auf-parkplatz-am-see\/","headline":"F\u00fchlingen: Anwohner beobachten wildes Campen auf Parkplatz am See","url":"https:\/\/www.bachhausen.de\/fuehlingen-anwohner-beobachten-wildes-campen-auf-parkplatz-am-see\/","datePublished":"2026-03-12","dateModified":"2026-03-12","mainEntityOfPage":"https:\/\/www.bachhausen.de\/fuehlingen-anwohner-beobachten-wildes-campen-auf-parkplatz-am-see\/","author":{"@type":"Person","@id":"##Person","name":"K\u00f6lner Stadtanzeiger","url":"#","identifier":3,"description":"Der K\u00f6lner Stadtanzeiger","image":{"@type":"ImageObject","@id":"https:\/\/secure.gravatar.com\/avatar\/a3f43e8250594c4ed8be9e86201eefa6cc06ef89c032788db696432ac7e77173?s=96&d=monsterid&r=g","url":"https:\/\/secure.gravatar.com\/avatar\/a3f43e8250594c4ed8be9e86201eefa6cc06ef89c032788db696432ac7e77173?s=96&d=monsterid&r=g","height":96,"width":96}},"publisher":{"@type":"Person","name":"Dirk Bachhausen","image":{"@type":"ImageObject","@id":"https:\/\/www.bachhausen.de\/wp-content\/uploads\/2019\/07\/dirk_profil-300x300.jpg","url":"https:\/\/www.bachhausen.de\/wp-content\/uploads\/2019\/07\/dirk_profil-300x300.jpg","width":600,"height":60}},"image":{"@type":"ImageObject","@id":"https:\/\/www.bachhausen.de\/wp-content\/uploads\/2019\/07\/dirk_profil-300x300.jpg","url":"https:\/\/www.bachhausen.de\/wp-content\/uploads\/2019\/07\/dirk_profil-300x300.jpg","width":100,"height":100},"keywords":null},{"@type":"NewsArticle","@id":"https:\/\/www.bachhausen.de\/koeln-merkenich-bezirksvertreter-fordern-verbesserungen-fuer-linie-12\/","headline":"K\u00f6ln-Merkenich: Bezirksvertreter fordern Verbesserungen f\u00fcr Linie 12","url":"https:\/\/www.bachhausen.de\/koeln-merkenich-bezirksvertreter-fordern-verbesserungen-fuer-linie-12\/","datePublished":"2026-03-06","dateModified":"2026-03-06","mainEntityOfPage":"https:\/\/www.bachhausen.de\/koeln-merkenich-bezirksvertreter-fordern-verbesserungen-fuer-linie-12\/","author":{"@type":"Person","@id":"##Person","name":"K\u00f6lner Stadtanzeiger","url":"#","identifier":3,"description":"Der K\u00f6lner Stadtanzeiger","image":{"@type":"ImageObject","@id":"https:\/\/secure.gravatar.com\/avatar\/a3f43e8250594c4ed8be9e86201eefa6cc06ef89c032788db696432ac7e77173?s=96&d=monsterid&r=g","url":"https:\/\/secure.gravatar.com\/avatar\/a3f43e8250594c4ed8be9e86201eefa6cc06ef89c032788db696432ac7e77173?s=96&d=monsterid&r=g","height":96,"width":96}},"publisher":{"@type":"Person","name":"Dirk Bachhausen","image":{"@type":"ImageObject","@id":"https:\/\/www.bachhausen.de\/wp-content\/uploads\/2019\/07\/dirk_profil-300x300.jpg","url":"https:\/\/www.bachhausen.de\/wp-content\/uploads\/2019\/07\/dirk_profil-300x300.jpg","width":600,"height":60}},"image":{"@type":"ImageObject","@id":"https:\/\/www.bachhausen.de\/wp-content\/uploads\/2019\/07\/dirk_profil-300x300.jpg","url":"https:\/\/www.bachhausen.de\/wp-content\/uploads\/2019\/07\/dirk_profil-300x300.jpg","width":100,"height":100},"keywords":null}]}