{"@context":"https:\/\/schema.org\/","@type":"CollectionPage","@id":"https:\/\/www.bachhausen.de\/Thema\/politik\/koeln\/#CollectionPage","headline":"K\u00f6ln Category","description":"","url":"https:\/\/www.bachhausen.de\/Thema\/politik\/koeln\/","hasPart":[{"@type":"NewsArticle","@id":"https:\/\/www.bachhausen.de\/falscher-autoverkauf-mann-in-koeln-worringen-mit-schusswaffen-ausgeraubt\/","headline":"Falscher Autoverkauf: Mann in K\u00f6ln-Worringen mit Schusswaffen ausgeraubt","url":"https:\/\/www.bachhausen.de\/falscher-autoverkauf-mann-in-koeln-worringen-mit-schusswaffen-ausgeraubt\/","datePublished":"2026-02-25","dateModified":"2026-02-25","mainEntityOfPage":"https:\/\/www.bachhausen.de\/falscher-autoverkauf-mann-in-koeln-worringen-mit-schusswaffen-ausgeraubt\/","author":{"@type":"Person","@id":"##Person","name":"K\u00f6lner Stadtanzeiger","url":"#","identifier":3,"description":"Der K\u00f6lner Stadtanzeiger","image":{"@type":"ImageObject","@id":"https:\/\/secure.gravatar.com\/avatar\/a3f43e8250594c4ed8be9e86201eefa6cc06ef89c032788db696432ac7e77173?s=96&d=monsterid&r=g","url":"https:\/\/secure.gravatar.com\/avatar\/a3f43e8250594c4ed8be9e86201eefa6cc06ef89c032788db696432ac7e77173?s=96&d=monsterid&r=g","height":96,"width":96}},"publisher":{"@type":"Person","name":"Dirk Bachhausen","image":{"@type":"ImageObject","@id":"https:\/\/www.bachhausen.de\/wp-content\/uploads\/2019\/07\/dirk_profil-300x300.jpg","url":"https:\/\/www.bachhausen.de\/wp-content\/uploads\/2019\/07\/dirk_profil-300x300.jpg","width":600,"height":60}},"image":{"@type":"ImageObject","@id":"https:\/\/www.bachhausen.de\/wp-content\/uploads\/2019\/07\/dirk_profil-300x300.jpg","url":"https:\/\/www.bachhausen.de\/wp-content\/uploads\/2019\/07\/dirk_profil-300x300.jpg","width":100,"height":100},"keywords":null},{"@type":"NewsArticle","@id":"https:\/\/www.bachhausen.de\/sportliches-jubilaeum-verein-laedt-zum-10-nachtlauf-am-fuehlinger-see-ein\/","headline":"Sportliches Jubil\u00e4um: Verein l\u00e4dt zum 10. Nachtlauf am F\u00fchlinger See ein","url":"https:\/\/www.bachhausen.de\/sportliches-jubilaeum-verein-laedt-zum-10-nachtlauf-am-fuehlinger-see-ein\/","datePublished":"2026-02-25","dateModified":"2026-02-25","mainEntityOfPage":"https:\/\/www.bachhausen.de\/sportliches-jubilaeum-verein-laedt-zum-10-nachtlauf-am-fuehlinger-see-ein\/","author":{"@type":"Person","@id":"##Person","name":"K\u00f6lner Stadtanzeiger","url":"#","identifier":3,"description":"Der K\u00f6lner Stadtanzeiger","image":{"@type":"ImageObject","@id":"https:\/\/secure.gravatar.com\/avatar\/a3f43e8250594c4ed8be9e86201eefa6cc06ef89c032788db696432ac7e77173?s=96&d=monsterid&r=g","url":"https:\/\/secure.gravatar.com\/avatar\/a3f43e8250594c4ed8be9e86201eefa6cc06ef89c032788db696432ac7e77173?s=96&d=monsterid&r=g","height":96,"width":96}},"publisher":{"@type":"Person","name":"Dirk Bachhausen","image":{"@type":"ImageObject","@id":"https:\/\/www.bachhausen.de\/wp-content\/uploads\/2019\/07\/dirk_profil-300x300.jpg","url":"https:\/\/www.bachhausen.de\/wp-content\/uploads\/2019\/07\/dirk_profil-300x300.jpg","width":600,"height":60}},"image":{"@type":"ImageObject","@id":"https:\/\/www.bachhausen.de\/wp-content\/uploads\/2019\/07\/dirk_profil-300x300.jpg","url":"https:\/\/www.bachhausen.de\/wp-content\/uploads\/2019\/07\/dirk_profil-300x300.jpg","width":100,"height":100},"keywords":null},{"@type":"NewsArticle","@id":"https:\/\/www.bachhausen.de\/grundstueck-im-koelner-norden-mehr-als-eine-halbe-million-euro-fuer-verwilderte-wiese\/","headline":"Grundst\u00fcck im K\u00f6lner Norden: Mehr als eine halbe Million Euro f\u00fcr verwilderte Wiese","url":"https:\/\/www.bachhausen.de\/grundstueck-im-koelner-norden-mehr-als-eine-halbe-million-euro-fuer-verwilderte-wiese\/","datePublished":"2026-02-22","dateModified":"2026-02-22","mainEntityOfPage":"https:\/\/www.bachhausen.de\/grundstueck-im-koelner-norden-mehr-als-eine-halbe-million-euro-fuer-verwilderte-wiese\/","author":{"@type":"Person","@id":"##Person","name":"K\u00f6lner Stadtanzeiger","url":"#","identifier":3,"description":"Der K\u00f6lner Stadtanzeiger","image":{"@type":"ImageObject","@id":"https:\/\/secure.gravatar.com\/avatar\/a3f43e8250594c4ed8be9e86201eefa6cc06ef89c032788db696432ac7e77173?s=96&d=monsterid&r=g","url":"https:\/\/secure.gravatar.com\/avatar\/a3f43e8250594c4ed8be9e86201eefa6cc06ef89c032788db696432ac7e77173?s=96&d=monsterid&r=g","height":96,"width":96}},"publisher":{"@type":"Person","name":"Dirk Bachhausen","image":{"@type":"ImageObject","@id":"https:\/\/www.bachhausen.de\/wp-content\/uploads\/2019\/07\/dirk_profil-300x300.jpg","url":"https:\/\/www.bachhausen.de\/wp-content\/uploads\/2019\/07\/dirk_profil-300x300.jpg","width":600,"height":60}},"image":{"@type":"ImageObject","@id":"https:\/\/www.bachhausen.de\/wp-content\/uploads\/2019\/07\/dirk_profil-300x300.jpg","url":"https:\/\/www.bachhausen.de\/wp-content\/uploads\/2019\/07\/dirk_profil-300x300.jpg","width":100,"height":100},"keywords":null},{"@type":"NewsArticle","@id":"https:\/\/www.bachhausen.de\/zoch-in-worringen-met-humor-op-tour-hiess-es-im-noerdlichsten-veedel\/","headline":"Zoch in Worringen: \u201eMet Humor op Tour\u201c hie\u00df es im n\u00f6rdlichsten Veedel","url":"https:\/\/www.bachhausen.de\/zoch-in-worringen-met-humor-op-tour-hiess-es-im-noerdlichsten-veedel\/","datePublished":"2026-02-16","dateModified":"2026-02-16","mainEntityOfPage":"https:\/\/www.bachhausen.de\/zoch-in-worringen-met-humor-op-tour-hiess-es-im-noerdlichsten-veedel\/","author":{"@type":"Person","@id":"##Person","name":"K\u00f6lner Stadtanzeiger","url":"#","identifier":3,"description":"Der K\u00f6lner Stadtanzeiger","image":{"@type":"ImageObject","@id":"https:\/\/secure.gravatar.com\/avatar\/a3f43e8250594c4ed8be9e86201eefa6cc06ef89c032788db696432ac7e77173?s=96&d=monsterid&r=g","url":"https:\/\/secure.gravatar.com\/avatar\/a3f43e8250594c4ed8be9e86201eefa6cc06ef89c032788db696432ac7e77173?s=96&d=monsterid&r=g","height":96,"width":96}},"publisher":{"@type":"Person","name":"Dirk Bachhausen","image":{"@type":"ImageObject","@id":"https:\/\/www.bachhausen.de\/wp-content\/uploads\/2019\/07\/dirk_profil-300x300.jpg","url":"https:\/\/www.bachhausen.de\/wp-content\/uploads\/2019\/07\/dirk_profil-300x300.jpg","width":600,"height":60}},"image":{"@type":"ImageObject","@id":"https:\/\/www.bachhausen.de\/wp-content\/uploads\/2019\/07\/dirk_profil-300x300.jpg","url":"https:\/\/www.bachhausen.de\/wp-content\/uploads\/2019\/07\/dirk_profil-300x300.jpg","width":100,"height":100},"keywords":null},{"@type":"NewsArticle","@id":"https:\/\/www.bachhausen.de\/karneval-im-koelner-norden-900-jecke-ziehen-von-weiler-nach-heimersdorf\/","headline":"Karneval im K\u00f6lner Norden: 900 Jecke ziehen von Weiler nach Heimersdorf","url":"https:\/\/www.bachhausen.de\/karneval-im-koelner-norden-900-jecke-ziehen-von-weiler-nach-heimersdorf\/","datePublished":"2026-02-16","dateModified":"2026-02-16","mainEntityOfPage":"https:\/\/www.bachhausen.de\/karneval-im-koelner-norden-900-jecke-ziehen-von-weiler-nach-heimersdorf\/","author":{"@type":"Person","@id":"##Person","name":"K\u00f6lner Stadtanzeiger","url":"#","identifier":3,"description":"Der K\u00f6lner Stadtanzeiger","image":{"@type":"ImageObject","@id":"https:\/\/secure.gravatar.com\/avatar\/a3f43e8250594c4ed8be9e86201eefa6cc06ef89c032788db696432ac7e77173?s=96&d=monsterid&r=g","url":"https:\/\/secure.gravatar.com\/avatar\/a3f43e8250594c4ed8be9e86201eefa6cc06ef89c032788db696432ac7e77173?s=96&d=monsterid&r=g","height":96,"width":96}},"publisher":{"@type":"Person","name":"Dirk Bachhausen","image":{"@type":"ImageObject","@id":"https:\/\/www.bachhausen.de\/wp-content\/uploads\/2019\/07\/dirk_profil-300x300.jpg","url":"https:\/\/www.bachhausen.de\/wp-content\/uploads\/2019\/07\/dirk_profil-300x300.jpg","width":600,"height":60}},"image":{"@type":"ImageObject","@id":"https:\/\/www.bachhausen.de\/wp-content\/uploads\/2019\/07\/dirk_profil-300x300.jpg","url":"https:\/\/www.bachhausen.de\/wp-content\/uploads\/2019\/07\/dirk_profil-300x300.jpg","width":100,"height":100},"keywords":null},{"@type":"NewsArticle","@id":"https:\/\/www.bachhausen.de\/nach-erpressung-spezialeinheiten-nehmen-fuenf-maenner-in-koeln-fest\/","headline":"Nach Erpressung: Spezialeinheiten nehmen f\u00fcnf M\u00e4nner in K\u00f6ln fest","url":"https:\/\/www.bachhausen.de\/nach-erpressung-spezialeinheiten-nehmen-fuenf-maenner-in-koeln-fest\/","datePublished":"2026-02-14","dateModified":"2026-02-14","mainEntityOfPage":"https:\/\/www.bachhausen.de\/nach-erpressung-spezialeinheiten-nehmen-fuenf-maenner-in-koeln-fest\/","author":{"@type":"Person","@id":"##Person","name":"K\u00f6lner Stadtanzeiger","url":"#","identifier":3,"description":"Der K\u00f6lner Stadtanzeiger","image":{"@type":"ImageObject","@id":"https:\/\/secure.gravatar.com\/avatar\/a3f43e8250594c4ed8be9e86201eefa6cc06ef89c032788db696432ac7e77173?s=96&d=monsterid&r=g","url":"https:\/\/secure.gravatar.com\/avatar\/a3f43e8250594c4ed8be9e86201eefa6cc06ef89c032788db696432ac7e77173?s=96&d=monsterid&r=g","height":96,"width":96}},"publisher":{"@type":"Person","name":"Dirk Bachhausen","image":{"@type":"ImageObject","@id":"https:\/\/www.bachhausen.de\/wp-content\/uploads\/2019\/07\/dirk_profil-300x300.jpg","url":"https:\/\/www.bachhausen.de\/wp-content\/uploads\/2019\/07\/dirk_profil-300x300.jpg","width":600,"height":60}},"image":{"@type":"ImageObject","@id":"https:\/\/www.bachhausen.de\/wp-content\/uploads\/2019\/07\/dirk_profil-300x300.jpg","url":"https:\/\/www.bachhausen.de\/wp-content\/uploads\/2019\/07\/dirk_profil-300x300.jpg","width":100,"height":100},"keywords":null},{"@type":"NewsArticle","@id":"https:\/\/www.bachhausen.de\/chorweiler-neubaugebiet-am-heinrichhofsweg-in-fuehlingen-ist-beschlossene-sache\/","headline":"Chorweiler: Neubaugebiet am Heinrichhofsweg in F\u00fchlingen ist beschlossene Sache","url":"https:\/\/www.bachhausen.de\/chorweiler-neubaugebiet-am-heinrichhofsweg-in-fuehlingen-ist-beschlossene-sache\/","datePublished":"2026-02-14","dateModified":"2026-02-14","mainEntityOfPage":"https:\/\/www.bachhausen.de\/chorweiler-neubaugebiet-am-heinrichhofsweg-in-fuehlingen-ist-beschlossene-sache\/","author":{"@type":"Person","@id":"##Person","name":"K\u00f6lner Stadtanzeiger","url":"#","identifier":3,"description":"Der K\u00f6lner Stadtanzeiger","image":{"@type":"ImageObject","@id":"https:\/\/secure.gravatar.com\/avatar\/a3f43e8250594c4ed8be9e86201eefa6cc06ef89c032788db696432ac7e77173?s=96&d=monsterid&r=g","url":"https:\/\/secure.gravatar.com\/avatar\/a3f43e8250594c4ed8be9e86201eefa6cc06ef89c032788db696432ac7e77173?s=96&d=monsterid&r=g","height":96,"width":96}},"publisher":{"@type":"Person","name":"Dirk Bachhausen","image":{"@type":"ImageObject","@id":"https:\/\/www.bachhausen.de\/wp-content\/uploads\/2019\/07\/dirk_profil-300x300.jpg","url":"https:\/\/www.bachhausen.de\/wp-content\/uploads\/2019\/07\/dirk_profil-300x300.jpg","width":600,"height":60}},"image":{"@type":"ImageObject","@id":"https:\/\/www.bachhausen.de\/wp-content\/uploads\/2019\/07\/dirk_profil-300x300.jpg","url":"https:\/\/www.bachhausen.de\/wp-content\/uploads\/2019\/07\/dirk_profil-300x300.jpg","width":100,"height":100},"keywords":null},{"@type":"NewsArticle","@id":"https:\/\/www.bachhausen.de\/nach-erpressung-in-koeln-spezialeinheiten-nehmen-fuenf-maenner-in-volkhoven-weiler-fest\/","headline":"Nach Erpressung in K\u00f6ln: Spezialeinheiten nehmen f\u00fcnf M\u00e4nner in Volkhoven\/Weiler fest","url":"https:\/\/www.bachhausen.de\/nach-erpressung-in-koeln-spezialeinheiten-nehmen-fuenf-maenner-in-volkhoven-weiler-fest\/","datePublished":"2026-02-13","dateModified":"2026-02-13","mainEntityOfPage":"https:\/\/www.bachhausen.de\/nach-erpressung-in-koeln-spezialeinheiten-nehmen-fuenf-maenner-in-volkhoven-weiler-fest\/","author":{"@type":"Person","@id":"##Person","name":"K\u00f6lner Stadtanzeiger","url":"#","identifier":3,"description":"Der K\u00f6lner Stadtanzeiger","image":{"@type":"ImageObject","@id":"https:\/\/secure.gravatar.com\/avatar\/a3f43e8250594c4ed8be9e86201eefa6cc06ef89c032788db696432ac7e77173?s=96&d=monsterid&r=g","url":"https:\/\/secure.gravatar.com\/avatar\/a3f43e8250594c4ed8be9e86201eefa6cc06ef89c032788db696432ac7e77173?s=96&d=monsterid&r=g","height":96,"width":96}},"publisher":{"@type":"Person","name":"Dirk Bachhausen","image":{"@type":"ImageObject","@id":"https:\/\/www.bachhausen.de\/wp-content\/uploads\/2019\/07\/dirk_profil-300x300.jpg","url":"https:\/\/www.bachhausen.de\/wp-content\/uploads\/2019\/07\/dirk_profil-300x300.jpg","width":600,"height":60}},"image":{"@type":"ImageObject","@id":"https:\/\/www.bachhausen.de\/wp-content\/uploads\/2019\/07\/dirk_profil-300x300.jpg","url":"https:\/\/www.bachhausen.de\/wp-content\/uploads\/2019\/07\/dirk_profil-300x300.jpg","width":100,"height":100},"keywords":null},{"@type":"NewsArticle","@id":"https:\/\/www.bachhausen.de\/100-jahre-aenze-kaeaels-aus-koeln-worringen-feiern-ihr-jubilaeumsjahr\/","headline":"100 Jahre: \u00c4nze K\u00e4\u00e4ls aus K\u00f6ln-Worringen feiern ihr Jubil\u00e4umsjahr","url":"https:\/\/www.bachhausen.de\/100-jahre-aenze-kaeaels-aus-koeln-worringen-feiern-ihr-jubilaeumsjahr\/","datePublished":"2026-02-12","dateModified":"2026-02-12","mainEntityOfPage":"https:\/\/www.bachhausen.de\/100-jahre-aenze-kaeaels-aus-koeln-worringen-feiern-ihr-jubilaeumsjahr\/","author":{"@type":"Person","@id":"##Person","name":"K\u00f6lner Stadtanzeiger","url":"#","identifier":3,"description":"Der K\u00f6lner Stadtanzeiger","image":{"@type":"ImageObject","@id":"https:\/\/secure.gravatar.com\/avatar\/a3f43e8250594c4ed8be9e86201eefa6cc06ef89c032788db696432ac7e77173?s=96&d=monsterid&r=g","url":"https:\/\/secure.gravatar.com\/avatar\/a3f43e8250594c4ed8be9e86201eefa6cc06ef89c032788db696432ac7e77173?s=96&d=monsterid&r=g","height":96,"width":96}},"publisher":{"@type":"Person","name":"Dirk Bachhausen","image":{"@type":"ImageObject","@id":"https:\/\/www.bachhausen.de\/wp-content\/uploads\/2019\/07\/dirk_profil-300x300.jpg","url":"https:\/\/www.bachhausen.de\/wp-content\/uploads\/2019\/07\/dirk_profil-300x300.jpg","width":600,"height":60}},"image":{"@type":"ImageObject","@id":"https:\/\/www.bachhausen.de\/wp-content\/uploads\/2019\/07\/dirk_profil-300x300.jpg","url":"https:\/\/www.bachhausen.de\/wp-content\/uploads\/2019\/07\/dirk_profil-300x300.jpg","width":100,"height":100},"keywords":null},{"@type":"NewsArticle","@id":"https:\/\/www.bachhausen.de\/schneller-durch-koeln-buerger-kaempft-fuer-erhalt-der-linie-91-von-weiden-nach-worringen\/","headline":"Schneller durch K\u00f6ln: B\u00fcrger k\u00e4mpft f\u00fcr Erhalt der Linie 91 von Weiden nach Worringen","url":"https:\/\/www.bachhausen.de\/schneller-durch-koeln-buerger-kaempft-fuer-erhalt-der-linie-91-von-weiden-nach-worringen\/","datePublished":"2026-02-10","dateModified":"2026-02-10","mainEntityOfPage":"https:\/\/www.bachhausen.de\/schneller-durch-koeln-buerger-kaempft-fuer-erhalt-der-linie-91-von-weiden-nach-worringen\/","author":{"@type":"Person","@id":"##Person","name":"K\u00f6lner Stadtanzeiger","url":"#","identifier":3,"description":"Der K\u00f6lner Stadtanzeiger","image":{"@type":"ImageObject","@id":"https:\/\/secure.gravatar.com\/avatar\/a3f43e8250594c4ed8be9e86201eefa6cc06ef89c032788db696432ac7e77173?s=96&d=monsterid&r=g","url":"https:\/\/secure.gravatar.com\/avatar\/a3f43e8250594c4ed8be9e86201eefa6cc06ef89c032788db696432ac7e77173?s=96&d=monsterid&r=g","height":96,"width":96}},"publisher":{"@type":"Person","name":"Dirk Bachhausen","image":{"@type":"ImageObject","@id":"https:\/\/www.bachhausen.de\/wp-content\/uploads\/2019\/07\/dirk_profil-300x300.jpg","url":"https:\/\/www.bachhausen.de\/wp-content\/uploads\/2019\/07\/dirk_profil-300x300.jpg","width":600,"height":60}},"image":{"@type":"ImageObject","@id":"https:\/\/static.ksta.de\/__images\/2025\/09\/30\/f5cb0a26-793c-48cd-ba58-d761a46d4315.jpeg?q=75&q=70&rect=0,3,2591,1457&w=2000&h=1124&fm=jpeg&s=5bd49a672b71528ce506a7e7f23c4b58","url":"https:\/\/static.ksta.de\/__images\/2025\/09\/30\/f5cb0a26-793c-48cd-ba58-d761a46d4315.jpeg?q=75&q=70&rect=0,3,2591,1457&w=2000&h=1124&fm=jpeg&s=5bd49a672b71528ce506a7e7f23c4b58","height":"","width":""},"keywords":null}]}