{"@context":"https:\/\/schema.org\/","@type":"CollectionPage","@id":"https:\/\/www.bachhausen.de\/Thema\/politik\/koeln\/#CollectionPage","headline":"K\u00f6ln Category","description":"","url":"https:\/\/www.bachhausen.de\/Thema\/politik\/koeln\/","hasPart":[{"@type":"NewsArticle","@id":"https:\/\/www.bachhausen.de\/angriff-in-chorweiler-unbekannter-schlaegt-und-tritt-tankstellen-kunden-polizei-fahndet-mit-fotos\/","headline":"Angriff in Chorweiler: Unbekannter schl\u00e4gt und tritt Tankstellen-Kunden \u2013 Polizei fahndet mit Fotos","url":"https:\/\/www.bachhausen.de\/angriff-in-chorweiler-unbekannter-schlaegt-und-tritt-tankstellen-kunden-polizei-fahndet-mit-fotos\/","datePublished":"2026-02-09","dateModified":"2026-02-09","mainEntityOfPage":"https:\/\/www.bachhausen.de\/angriff-in-chorweiler-unbekannter-schlaegt-und-tritt-tankstellen-kunden-polizei-fahndet-mit-fotos\/","author":{"@type":"Person","@id":"##Person","name":"K\u00f6lner Stadtanzeiger","url":"#","identifier":3,"description":"Der K\u00f6lner Stadtanzeiger","image":{"@type":"ImageObject","@id":"https:\/\/secure.gravatar.com\/avatar\/a3f43e8250594c4ed8be9e86201eefa6cc06ef89c032788db696432ac7e77173?s=96&d=monsterid&r=g","url":"https:\/\/secure.gravatar.com\/avatar\/a3f43e8250594c4ed8be9e86201eefa6cc06ef89c032788db696432ac7e77173?s=96&d=monsterid&r=g","height":96,"width":96}},"publisher":{"@type":"Person","name":"Dirk Bachhausen","image":{"@type":"ImageObject","@id":"https:\/\/www.bachhausen.de\/wp-content\/uploads\/2019\/07\/dirk_profil-300x300.jpg","url":"https:\/\/www.bachhausen.de\/wp-content\/uploads\/2019\/07\/dirk_profil-300x300.jpg","width":600,"height":60}},"image":{"@type":"ImageObject","@id":"https:\/\/www.bachhausen.de\/wp-content\/uploads\/2019\/07\/dirk_profil-300x300.jpg","url":"https:\/\/www.bachhausen.de\/wp-content\/uploads\/2019\/07\/dirk_profil-300x300.jpg","width":100,"height":100},"keywords":null},{"@type":"NewsArticle","@id":"https:\/\/www.bachhausen.de\/gebaeudeschaeden-nach-kanalbau-anwohner-in-esch-fuehlen-sich-ueber-den-tisch-gezogen\/","headline":"Geb\u00e4udesch\u00e4den nach Kanalbau: Anwohner in Esch f\u00fchlen sich \u00fcber den Tisch gezogen","url":"https:\/\/www.bachhausen.de\/gebaeudeschaeden-nach-kanalbau-anwohner-in-esch-fuehlen-sich-ueber-den-tisch-gezogen\/","datePublished":"2026-02-07","dateModified":"2026-02-07","mainEntityOfPage":"https:\/\/www.bachhausen.de\/gebaeudeschaeden-nach-kanalbau-anwohner-in-esch-fuehlen-sich-ueber-den-tisch-gezogen\/","author":{"@type":"Person","@id":"##Person","name":"K\u00f6lner Stadtanzeiger","url":"#","identifier":3,"description":"Der K\u00f6lner Stadtanzeiger","image":{"@type":"ImageObject","@id":"https:\/\/secure.gravatar.com\/avatar\/a3f43e8250594c4ed8be9e86201eefa6cc06ef89c032788db696432ac7e77173?s=96&d=monsterid&r=g","url":"https:\/\/secure.gravatar.com\/avatar\/a3f43e8250594c4ed8be9e86201eefa6cc06ef89c032788db696432ac7e77173?s=96&d=monsterid&r=g","height":96,"width":96}},"publisher":{"@type":"Person","name":"Dirk Bachhausen","image":{"@type":"ImageObject","@id":"https:\/\/www.bachhausen.de\/wp-content\/uploads\/2019\/07\/dirk_profil-300x300.jpg","url":"https:\/\/www.bachhausen.de\/wp-content\/uploads\/2019\/07\/dirk_profil-300x300.jpg","width":600,"height":60}},"image":{"@type":"ImageObject","@id":"https:\/\/static.ksta.de\/__images\/2026\/01\/30\/030aecd5-7336-48b3-ac3e-d40947537710.jpeg?q=75&q=70&w=2000&h=1126&fm=jpeg&s=8b45193afc978b8036ac9f91df50fe71","url":"https:\/\/static.ksta.de\/__images\/2026\/01\/30\/030aecd5-7336-48b3-ac3e-d40947537710.jpeg?q=75&q=70&w=2000&h=1126&fm=jpeg&s=8b45193afc978b8036ac9f91df50fe71","height":"","width":""},"keywords":null},{"@type":"NewsArticle","@id":"https:\/\/www.bachhausen.de\/100-jahre-karneval-in-worringen-die-grosse-feiert-ihren-runden-geburtstag\/","headline":"100 Jahre Karneval in Worringen: \u201eDie Grosse\u201c feiert ihren runden Geburtstag","url":"https:\/\/www.bachhausen.de\/100-jahre-karneval-in-worringen-die-grosse-feiert-ihren-runden-geburtstag\/","datePublished":"2026-02-06","dateModified":"2026-02-06","mainEntityOfPage":"https:\/\/www.bachhausen.de\/100-jahre-karneval-in-worringen-die-grosse-feiert-ihren-runden-geburtstag\/","author":{"@type":"Person","@id":"##Person","name":"K\u00f6lner Stadtanzeiger","url":"#","identifier":3,"description":"Der K\u00f6lner Stadtanzeiger","image":{"@type":"ImageObject","@id":"https:\/\/secure.gravatar.com\/avatar\/a3f43e8250594c4ed8be9e86201eefa6cc06ef89c032788db696432ac7e77173?s=96&d=monsterid&r=g","url":"https:\/\/secure.gravatar.com\/avatar\/a3f43e8250594c4ed8be9e86201eefa6cc06ef89c032788db696432ac7e77173?s=96&d=monsterid&r=g","height":96,"width":96}},"publisher":{"@type":"Person","name":"Dirk Bachhausen","image":{"@type":"ImageObject","@id":"https:\/\/www.bachhausen.de\/wp-content\/uploads\/2019\/07\/dirk_profil-300x300.jpg","url":"https:\/\/www.bachhausen.de\/wp-content\/uploads\/2019\/07\/dirk_profil-300x300.jpg","width":600,"height":60}},"image":{"@type":"ImageObject","@id":"https:\/\/www.bachhausen.de\/wp-content\/uploads\/2019\/07\/dirk_profil-300x300.jpg","url":"https:\/\/www.bachhausen.de\/wp-content\/uploads\/2019\/07\/dirk_profil-300x300.jpg","width":100,"height":100},"keywords":null},{"@type":"NewsArticle","@id":"https:\/\/www.bachhausen.de\/karneval-2026-kinderzug-in-koeln-worringen-das-erwartet-sie\/","headline":"Karneval 2026: Kinderzug in K\u00f6ln-Worringen \u2013 Das erwartet Sie","url":"https:\/\/www.bachhausen.de\/karneval-2026-kinderzug-in-koeln-worringen-das-erwartet-sie\/","datePublished":"2026-02-04","dateModified":"2026-02-04","mainEntityOfPage":"https:\/\/www.bachhausen.de\/karneval-2026-kinderzug-in-koeln-worringen-das-erwartet-sie\/","author":{"@type":"Person","@id":"##Person","name":"K\u00f6lner Stadtanzeiger","url":"#","identifier":3,"description":"Der K\u00f6lner Stadtanzeiger","image":{"@type":"ImageObject","@id":"https:\/\/secure.gravatar.com\/avatar\/a3f43e8250594c4ed8be9e86201eefa6cc06ef89c032788db696432ac7e77173?s=96&d=monsterid&r=g","url":"https:\/\/secure.gravatar.com\/avatar\/a3f43e8250594c4ed8be9e86201eefa6cc06ef89c032788db696432ac7e77173?s=96&d=monsterid&r=g","height":96,"width":96}},"publisher":{"@type":"Person","name":"Dirk Bachhausen","image":{"@type":"ImageObject","@id":"https:\/\/www.bachhausen.de\/wp-content\/uploads\/2019\/07\/dirk_profil-300x300.jpg","url":"https:\/\/www.bachhausen.de\/wp-content\/uploads\/2019\/07\/dirk_profil-300x300.jpg","width":600,"height":60}},"image":{"@type":"ImageObject","@id":"https:\/\/www.bachhausen.de\/wp-content\/uploads\/2019\/07\/dirk_profil-300x300.jpg","url":"https:\/\/www.bachhausen.de\/wp-content\/uploads\/2019\/07\/dirk_profil-300x300.jpg","width":100,"height":100},"keywords":null},{"@type":"NewsArticle","@id":"https:\/\/www.bachhausen.de\/nach-eigentuemerwechsel-sanierung-der-problemhaeuser-in-chorweiler-erneut-ins-stocken-geraten\/","headline":"Nach Eigent\u00fcmerwechsel: Sanierung der Problemh\u00e4user in Chorweiler erneut ins Stocken geraten","url":"https:\/\/www.bachhausen.de\/nach-eigentuemerwechsel-sanierung-der-problemhaeuser-in-chorweiler-erneut-ins-stocken-geraten\/","datePublished":"2026-02-04","dateModified":"2026-02-04","mainEntityOfPage":"https:\/\/www.bachhausen.de\/nach-eigentuemerwechsel-sanierung-der-problemhaeuser-in-chorweiler-erneut-ins-stocken-geraten\/","author":{"@type":"Person","@id":"##Person","name":"K\u00f6lner Stadtanzeiger","url":"#","identifier":3,"description":"Der K\u00f6lner Stadtanzeiger","image":{"@type":"ImageObject","@id":"https:\/\/secure.gravatar.com\/avatar\/a3f43e8250594c4ed8be9e86201eefa6cc06ef89c032788db696432ac7e77173?s=96&d=monsterid&r=g","url":"https:\/\/secure.gravatar.com\/avatar\/a3f43e8250594c4ed8be9e86201eefa6cc06ef89c032788db696432ac7e77173?s=96&d=monsterid&r=g","height":96,"width":96}},"publisher":{"@type":"Person","name":"Dirk Bachhausen","image":{"@type":"ImageObject","@id":"https:\/\/www.bachhausen.de\/wp-content\/uploads\/2019\/07\/dirk_profil-300x300.jpg","url":"https:\/\/www.bachhausen.de\/wp-content\/uploads\/2019\/07\/dirk_profil-300x300.jpg","width":600,"height":60}},"image":{"@type":"ImageObject","@id":"https:\/\/www.bachhausen.de\/wp-content\/uploads\/2019\/07\/dirk_profil-300x300.jpg","url":"https:\/\/www.bachhausen.de\/wp-content\/uploads\/2019\/07\/dirk_profil-300x300.jpg","width":100,"height":100},"keywords":null},{"@type":"NewsArticle","@id":"https:\/\/www.bachhausen.de\/karneval-2026-veedelszoch-in-esch-das-erwartet-sie-in-diesem-jahr\/","headline":"Karneval 2026: Veedelszoch in Esch \u2013 Das erwartet Sie in diesem Jahr","url":"https:\/\/www.bachhausen.de\/karneval-2026-veedelszoch-in-esch-das-erwartet-sie-in-diesem-jahr\/","datePublished":"2026-02-04","dateModified":"2026-02-04","mainEntityOfPage":"https:\/\/www.bachhausen.de\/karneval-2026-veedelszoch-in-esch-das-erwartet-sie-in-diesem-jahr\/","author":{"@type":"Person","@id":"##Person","name":"K\u00f6lner Stadtanzeiger","url":"#","identifier":3,"description":"Der K\u00f6lner Stadtanzeiger","image":{"@type":"ImageObject","@id":"https:\/\/secure.gravatar.com\/avatar\/a3f43e8250594c4ed8be9e86201eefa6cc06ef89c032788db696432ac7e77173?s=96&d=monsterid&r=g","url":"https:\/\/secure.gravatar.com\/avatar\/a3f43e8250594c4ed8be9e86201eefa6cc06ef89c032788db696432ac7e77173?s=96&d=monsterid&r=g","height":96,"width":96}},"publisher":{"@type":"Person","name":"Dirk Bachhausen","image":{"@type":"ImageObject","@id":"https:\/\/www.bachhausen.de\/wp-content\/uploads\/2019\/07\/dirk_profil-300x300.jpg","url":"https:\/\/www.bachhausen.de\/wp-content\/uploads\/2019\/07\/dirk_profil-300x300.jpg","width":600,"height":60}},"image":{"@type":"ImageObject","@id":"https:\/\/www.bachhausen.de\/wp-content\/uploads\/2019\/07\/dirk_profil-300x300.jpg","url":"https:\/\/www.bachhausen.de\/wp-content\/uploads\/2019\/07\/dirk_profil-300x300.jpg","width":100,"height":100},"keywords":null},{"@type":"NewsArticle","@id":"https:\/\/www.bachhausen.de\/karneval-2026-kinderzug-in-koeln-worringen-das-erwartet-sie-2025\/","headline":"Karneval 2026: Kinderzug in K\u00f6ln-Worringen \u2013 Das erwartet Sie 2025","url":"https:\/\/www.bachhausen.de\/karneval-2026-kinderzug-in-koeln-worringen-das-erwartet-sie-2025\/","datePublished":"2026-02-04","dateModified":"2026-02-04","mainEntityOfPage":"https:\/\/www.bachhausen.de\/karneval-2026-kinderzug-in-koeln-worringen-das-erwartet-sie-2025\/","author":{"@type":"Person","@id":"##Person","name":"K\u00f6lner Stadtanzeiger","url":"#","identifier":3,"description":"Der K\u00f6lner Stadtanzeiger","image":{"@type":"ImageObject","@id":"https:\/\/secure.gravatar.com\/avatar\/a3f43e8250594c4ed8be9e86201eefa6cc06ef89c032788db696432ac7e77173?s=96&d=monsterid&r=g","url":"https:\/\/secure.gravatar.com\/avatar\/a3f43e8250594c4ed8be9e86201eefa6cc06ef89c032788db696432ac7e77173?s=96&d=monsterid&r=g","height":96,"width":96}},"publisher":{"@type":"Person","name":"Dirk Bachhausen","image":{"@type":"ImageObject","@id":"https:\/\/www.bachhausen.de\/wp-content\/uploads\/2019\/07\/dirk_profil-300x300.jpg","url":"https:\/\/www.bachhausen.de\/wp-content\/uploads\/2019\/07\/dirk_profil-300x300.jpg","width":600,"height":60}},"image":{"@type":"ImageObject","@id":"https:\/\/www.bachhausen.de\/wp-content\/uploads\/2019\/07\/dirk_profil-300x300.jpg","url":"https:\/\/www.bachhausen.de\/wp-content\/uploads\/2019\/07\/dirk_profil-300x300.jpg","width":100,"height":100},"keywords":null},{"@type":"NewsArticle","@id":"https:\/\/www.bachhausen.de\/karneval-2026-veedelszoch-in-koeln-langel-und-rheinkassel-das-erwartet-sie\/","headline":"Karneval 2026: Veedelszoch in K\u00f6ln-Langel und Rheinkassel \u2013 Das erwartet Sie","url":"https:\/\/www.bachhausen.de\/karneval-2026-veedelszoch-in-koeln-langel-und-rheinkassel-das-erwartet-sie\/","datePublished":"2026-02-04","dateModified":"2026-02-04","mainEntityOfPage":"https:\/\/www.bachhausen.de\/karneval-2026-veedelszoch-in-koeln-langel-und-rheinkassel-das-erwartet-sie\/","author":{"@type":"Person","@id":"##Person","name":"K\u00f6lner Stadtanzeiger","url":"#","identifier":3,"description":"Der K\u00f6lner Stadtanzeiger","image":{"@type":"ImageObject","@id":"https:\/\/secure.gravatar.com\/avatar\/a3f43e8250594c4ed8be9e86201eefa6cc06ef89c032788db696432ac7e77173?s=96&d=monsterid&r=g","url":"https:\/\/secure.gravatar.com\/avatar\/a3f43e8250594c4ed8be9e86201eefa6cc06ef89c032788db696432ac7e77173?s=96&d=monsterid&r=g","height":96,"width":96}},"publisher":{"@type":"Person","name":"Dirk Bachhausen","image":{"@type":"ImageObject","@id":"https:\/\/www.bachhausen.de\/wp-content\/uploads\/2019\/07\/dirk_profil-300x300.jpg","url":"https:\/\/www.bachhausen.de\/wp-content\/uploads\/2019\/07\/dirk_profil-300x300.jpg","width":600,"height":60}},"image":{"@type":"ImageObject","@id":"https:\/\/www.bachhausen.de\/wp-content\/uploads\/2019\/07\/dirk_profil-300x300.jpg","url":"https:\/\/www.bachhausen.de\/wp-content\/uploads\/2019\/07\/dirk_profil-300x300.jpg","width":100,"height":100},"keywords":null},{"@type":"NewsArticle","@id":"https:\/\/www.bachhausen.de\/aerger-um-klaerschlamm-20-laster-sollen-taeglich-die-geplante-anlage-in-koeln-merkenich-ansteuern\/","headline":"\u00c4rger um Kl\u00e4rschlamm: 20 Laster sollen t\u00e4glich die geplante Anlage in K\u00f6ln-Merkenich ansteuern","url":"https:\/\/www.bachhausen.de\/aerger-um-klaerschlamm-20-laster-sollen-taeglich-die-geplante-anlage-in-koeln-merkenich-ansteuern\/","datePublished":"2026-01-31","dateModified":"2026-01-31","mainEntityOfPage":"https:\/\/www.bachhausen.de\/aerger-um-klaerschlamm-20-laster-sollen-taeglich-die-geplante-anlage-in-koeln-merkenich-ansteuern\/","author":{"@type":"Person","@id":"##Person","name":"K\u00f6lner Stadtanzeiger","url":"#","identifier":3,"description":"Der K\u00f6lner Stadtanzeiger","image":{"@type":"ImageObject","@id":"https:\/\/secure.gravatar.com\/avatar\/a3f43e8250594c4ed8be9e86201eefa6cc06ef89c032788db696432ac7e77173?s=96&d=monsterid&r=g","url":"https:\/\/secure.gravatar.com\/avatar\/a3f43e8250594c4ed8be9e86201eefa6cc06ef89c032788db696432ac7e77173?s=96&d=monsterid&r=g","height":96,"width":96}},"publisher":{"@type":"Person","name":"Dirk Bachhausen","image":{"@type":"ImageObject","@id":"https:\/\/www.bachhausen.de\/wp-content\/uploads\/2019\/07\/dirk_profil-300x300.jpg","url":"https:\/\/www.bachhausen.de\/wp-content\/uploads\/2019\/07\/dirk_profil-300x300.jpg","width":600,"height":60}},"image":{"@type":"ImageObject","@id":"https:\/\/www.bachhausen.de\/wp-content\/uploads\/2019\/07\/dirk_profil-300x300.jpg","url":"https:\/\/www.bachhausen.de\/wp-content\/uploads\/2019\/07\/dirk_profil-300x300.jpg","width":100,"height":100},"keywords":null},{"@type":"NewsArticle","@id":"https:\/\/www.bachhausen.de\/mehr-platz-fc-chorweiler-fordert-mehr-kapazitaeten\/","headline":"Mehr Platz: FC Chorweiler fordert mehr Kapazit\u00e4ten","url":"https:\/\/www.bachhausen.de\/mehr-platz-fc-chorweiler-fordert-mehr-kapazitaeten\/","datePublished":"2026-01-29","dateModified":"2026-01-29","mainEntityOfPage":"https:\/\/www.bachhausen.de\/mehr-platz-fc-chorweiler-fordert-mehr-kapazitaeten\/","author":{"@type":"Person","@id":"##Person","name":"K\u00f6lner Stadtanzeiger","url":"#","identifier":3,"description":"Der K\u00f6lner Stadtanzeiger","image":{"@type":"ImageObject","@id":"https:\/\/secure.gravatar.com\/avatar\/a3f43e8250594c4ed8be9e86201eefa6cc06ef89c032788db696432ac7e77173?s=96&d=monsterid&r=g","url":"https:\/\/secure.gravatar.com\/avatar\/a3f43e8250594c4ed8be9e86201eefa6cc06ef89c032788db696432ac7e77173?s=96&d=monsterid&r=g","height":96,"width":96}},"publisher":{"@type":"Person","name":"Dirk Bachhausen","image":{"@type":"ImageObject","@id":"https:\/\/www.bachhausen.de\/wp-content\/uploads\/2019\/07\/dirk_profil-300x300.jpg","url":"https:\/\/www.bachhausen.de\/wp-content\/uploads\/2019\/07\/dirk_profil-300x300.jpg","width":600,"height":60}},"image":{"@type":"ImageObject","@id":"https:\/\/www.bachhausen.de\/wp-content\/uploads\/2019\/07\/dirk_profil-300x300.jpg","url":"https:\/\/www.bachhausen.de\/wp-content\/uploads\/2019\/07\/dirk_profil-300x300.jpg","width":100,"height":100},"keywords":null}]}