{"@context":"https:\/\/schema.org\/","@type":"CollectionPage","@id":"https:\/\/www.bachhausen.de\/Thema\/politik\/koeln\/#CollectionPage","headline":"K\u00f6ln Category","description":"","url":"https:\/\/www.bachhausen.de\/Thema\/politik\/koeln\/","hasPart":[{"@type":"NewsArticle","@id":"https:\/\/www.bachhausen.de\/fdp-kritisiert-stillstand-bei-quartiersgaragen\/","headline":"FDP kritisiert Stillstand bei Quartiersgaragen","url":"https:\/\/www.bachhausen.de\/fdp-kritisiert-stillstand-bei-quartiersgaragen\/","datePublished":"2024-09-14","dateModified":"2024-09-14","mainEntityOfPage":"https:\/\/www.bachhausen.de\/fdp-kritisiert-stillstand-bei-quartiersgaragen\/","author":{"@type":"Person","@id":"##Person","name":"Report K","url":"#","identifier":20,"image":{"@type":"ImageObject","@id":"https:\/\/secure.gravatar.com\/avatar\/36af2c4c1f6de1245282e2f6d3e4483d8c1fb911663df347a69e69f7ff897aac?s=96&d=monsterid&r=g","url":"https:\/\/secure.gravatar.com\/avatar\/36af2c4c1f6de1245282e2f6d3e4483d8c1fb911663df347a69e69f7ff897aac?s=96&d=monsterid&r=g","height":96,"width":96}},"publisher":{"@type":"Person","name":"Dirk Bachhausen","image":{"@type":"ImageObject","@id":"https:\/\/www.bachhausen.de\/wp-content\/uploads\/2019\/07\/dirk_profil-300x300.jpg","url":"https:\/\/www.bachhausen.de\/wp-content\/uploads\/2019\/07\/dirk_profil-300x300.jpg","width":600,"height":60}},"image":{"@type":"ImageObject","@id":"https:\/\/www.bachhausen.de\/wp-content\/uploads\/2024\/09\/garage_pix14092024.jpg","url":"https:\/\/www.bachhausen.de\/wp-content\/uploads\/2024\/09\/garage_pix14092024.jpg","height":0,"width":0},"keywords":["kritisiert","quartiersgaragen","stillstand"]},{"@type":"NewsArticle","@id":"https:\/\/www.bachhausen.de\/aus-dem-landtag-verlaessliche-kita-und-ogs-ermoeglichen\/","headline":"Aus dem Landtag: Verl\u00e4ssliche Kita und OGS erm\u00f6glichen!","url":"https:\/\/www.bachhausen.de\/aus-dem-landtag-verlaessliche-kita-und-ogs-ermoeglichen\/","datePublished":"2024-09-13","dateModified":"2024-09-13","mainEntityOfPage":"https:\/\/www.bachhausen.de\/aus-dem-landtag-verlaessliche-kita-und-ogs-ermoeglichen\/","author":{"@type":"Person","@id":"##Person","name":"SPD K\u00f6ln","url":"#","identifier":4,"image":{"@type":"ImageObject","@id":"https:\/\/secure.gravatar.com\/avatar\/9e275a42f0e2d615e7358ea63859947f3ea63517a2bcb7a2b26010d9ca858396?s=96&d=monsterid&r=g","url":"https:\/\/secure.gravatar.com\/avatar\/9e275a42f0e2d615e7358ea63859947f3ea63517a2bcb7a2b26010d9ca858396?s=96&d=monsterid&r=g","height":96,"width":96}},"publisher":{"@type":"Person","name":"Dirk Bachhausen","image":{"@type":"ImageObject","@id":"https:\/\/www.bachhausen.de\/wp-content\/uploads\/2019\/07\/dirk_profil-300x300.jpg","url":"https:\/\/www.bachhausen.de\/wp-content\/uploads\/2019\/07\/dirk_profil-300x300.jpg","width":600,"height":60}},"image":{"@type":"ImageObject","@id":"https:\/\/www.bachhausen.de\/wp-content\/uploads\/2019\/07\/dirk_profil-300x300.jpg","url":"https:\/\/www.bachhausen.de\/wp-content\/uploads\/2019\/07\/dirk_profil-300x300.jpg","width":100,"height":100},"keywords":["ermoglichen","landtag","verlassliche"]},{"@type":"NewsArticle","@id":"https:\/\/www.bachhausen.de\/aus-dem-landtag-nach-dem-anschlag-in-solingen-was-jetzt\/","headline":"Aus dem Landtag: Nach dem Anschlag in Solingen. Was jetzt?","url":"https:\/\/www.bachhausen.de\/aus-dem-landtag-nach-dem-anschlag-in-solingen-was-jetzt\/","datePublished":"2024-09-13","dateModified":"2024-09-13","mainEntityOfPage":"https:\/\/www.bachhausen.de\/aus-dem-landtag-nach-dem-anschlag-in-solingen-was-jetzt\/","author":{"@type":"Person","@id":"##Person","name":"SPD K\u00f6ln","url":"#","identifier":4,"image":{"@type":"ImageObject","@id":"https:\/\/secure.gravatar.com\/avatar\/9e275a42f0e2d615e7358ea63859947f3ea63517a2bcb7a2b26010d9ca858396?s=96&d=monsterid&r=g","url":"https:\/\/secure.gravatar.com\/avatar\/9e275a42f0e2d615e7358ea63859947f3ea63517a2bcb7a2b26010d9ca858396?s=96&d=monsterid&r=g","height":96,"width":96}},"publisher":{"@type":"Person","name":"Dirk Bachhausen","image":{"@type":"ImageObject","@id":"https:\/\/www.bachhausen.de\/wp-content\/uploads\/2019\/07\/dirk_profil-300x300.jpg","url":"https:\/\/www.bachhausen.de\/wp-content\/uploads\/2019\/07\/dirk_profil-300x300.jpg","width":600,"height":60}},"image":{"@type":"ImageObject","@id":"https:\/\/www.bachhausen.de\/wp-content\/uploads\/2023\/09\/Zeitungsleser.webp","url":"https:\/\/www.bachhausen.de\/wp-content\/uploads\/2023\/09\/Zeitungsleser.webp","height":534,"width":800},"keywords":["anschlag","jetzt","landtag","solingen"]},{"@type":"NewsArticle","@id":"https:\/\/www.bachhausen.de\/gleichstellung-oder-augenwischerei-spd-fraktion-fordert-echte-gender-gerechtigkeit-im-landeshaushalt\/","headline":"Gleichstellung oder Augenwischerei? SPD-Fraktion fordert echte Gender-Gerechtigkeit im Landeshaushalt","url":"https:\/\/www.bachhausen.de\/gleichstellung-oder-augenwischerei-spd-fraktion-fordert-echte-gender-gerechtigkeit-im-landeshaushalt\/","datePublished":"2024-09-12","dateModified":"2024-09-12","mainEntityOfPage":"https:\/\/www.bachhausen.de\/gleichstellung-oder-augenwischerei-spd-fraktion-fordert-echte-gender-gerechtigkeit-im-landeshaushalt\/","author":{"@type":"Person","@id":"##Person","name":"SPD K\u00f6ln","url":"#","identifier":4,"image":{"@type":"ImageObject","@id":"https:\/\/secure.gravatar.com\/avatar\/9e275a42f0e2d615e7358ea63859947f3ea63517a2bcb7a2b26010d9ca858396?s=96&d=monsterid&r=g","url":"https:\/\/secure.gravatar.com\/avatar\/9e275a42f0e2d615e7358ea63859947f3ea63517a2bcb7a2b26010d9ca858396?s=96&d=monsterid&r=g","height":96,"width":96}},"publisher":{"@type":"Person","name":"Dirk Bachhausen","image":{"@type":"ImageObject","@id":"https:\/\/www.bachhausen.de\/wp-content\/uploads\/2019\/07\/dirk_profil-300x300.jpg","url":"https:\/\/www.bachhausen.de\/wp-content\/uploads\/2019\/07\/dirk_profil-300x300.jpg","width":600,"height":60}},"image":{"@type":"ImageObject","@id":"https:\/\/www.bachhausen.de\/wp-content\/uploads\/2023\/09\/Zeitungsleser.webp","url":"https:\/\/www.bachhausen.de\/wp-content\/uploads\/2023\/09\/Zeitungsleser.webp","height":534,"width":800},"keywords":["augenwischerei","echte","fordert","fraktion","gender","gerechtigkeit","gleichstellung"]},{"@type":"NewsArticle","@id":"https:\/\/www.bachhausen.de\/vor-ratsbeschluss-das-will-stadtbaudezernent-greitemann-aus-der-grossmarkthalle-machen\/","headline":"Vor Ratsbeschluss: Das will Stadtbaudezernent Greitemann aus der Gro\u00dfmarkthalle machen","url":"https:\/\/www.bachhausen.de\/vor-ratsbeschluss-das-will-stadtbaudezernent-greitemann-aus-der-grossmarkthalle-machen\/","datePublished":"2024-09-12","dateModified":"2024-09-12","mainEntityOfPage":"https:\/\/www.bachhausen.de\/vor-ratsbeschluss-das-will-stadtbaudezernent-greitemann-aus-der-grossmarkthalle-machen\/","author":{"@type":"Person","@id":"##Person","name":"Report K","url":"#","identifier":20,"image":{"@type":"ImageObject","@id":"https:\/\/secure.gravatar.com\/avatar\/36af2c4c1f6de1245282e2f6d3e4483d8c1fb911663df347a69e69f7ff897aac?s=96&d=monsterid&r=g","url":"https:\/\/secure.gravatar.com\/avatar\/36af2c4c1f6de1245282e2f6d3e4483d8c1fb911663df347a69e69f7ff897aac?s=96&d=monsterid&r=g","height":96,"width":96}},"publisher":{"@type":"Person","name":"Dirk Bachhausen","image":{"@type":"ImageObject","@id":"https:\/\/www.bachhausen.de\/wp-content\/uploads\/2019\/07\/dirk_profil-300x300.jpg","url":"https:\/\/www.bachhausen.de\/wp-content\/uploads\/2019\/07\/dirk_profil-300x300.jpg","width":600,"height":60}},"image":{"@type":"ImageObject","@id":"https:\/\/www.bachhausen.de\/wp-content\/uploads\/2019\/07\/dirk_profil-300x300.jpg","url":"https:\/\/www.bachhausen.de\/wp-content\/uploads\/2019\/07\/dirk_profil-300x300.jpg","width":100,"height":100},"keywords":["greitemann","machen","markthalle","ratsbeschluss","stadtbaudezernent"]},{"@type":"NewsArticle","@id":"https:\/\/www.bachhausen.de\/smartphone-schrillt-sirenen-heulen-am-warntag-stadt-koeln-informiert-5-minuten-frueher\/","headline":"Smartphone schrillt \u2013 Sirenen heulen am \u201eWarntag\u201c \u2013 Stadt K\u00f6ln informiert 5 Minuten fr\u00fcher","url":"https:\/\/www.bachhausen.de\/smartphone-schrillt-sirenen-heulen-am-warntag-stadt-koeln-informiert-5-minuten-frueher\/","datePublished":"2024-09-12","dateModified":"2024-09-12","mainEntityOfPage":"https:\/\/www.bachhausen.de\/smartphone-schrillt-sirenen-heulen-am-warntag-stadt-koeln-informiert-5-minuten-frueher\/","author":{"@type":"Person","@id":"##Person","name":"Report K","url":"#","identifier":20,"image":{"@type":"ImageObject","@id":"https:\/\/secure.gravatar.com\/avatar\/36af2c4c1f6de1245282e2f6d3e4483d8c1fb911663df347a69e69f7ff897aac?s=96&d=monsterid&r=g","url":"https:\/\/secure.gravatar.com\/avatar\/36af2c4c1f6de1245282e2f6d3e4483d8c1fb911663df347a69e69f7ff897aac?s=96&d=monsterid&r=g","height":96,"width":96}},"publisher":{"@type":"Person","name":"Dirk Bachhausen","image":{"@type":"ImageObject","@id":"https:\/\/www.bachhausen.de\/wp-content\/uploads\/2019\/07\/dirk_profil-300x300.jpg","url":"https:\/\/www.bachhausen.de\/wp-content\/uploads\/2019\/07\/dirk_profil-300x300.jpg","width":600,"height":60}},"image":{"@type":"ImageObject","@id":"https:\/\/www.bachhausen.de\/wp-content\/uploads\/2024\/09\/dts_photo17679.jpg","url":"https:\/\/www.bachhausen.de\/wp-content\/uploads\/2024\/09\/dts_photo17679.jpg","height":0,"width":0},"keywords":["heulen","informiert","schrillt","sirenen","smartphone","stadt","warntag"]},{"@type":"NewsArticle","@id":"https:\/\/www.bachhausen.de\/zukunft-der-gefluechtetenarbeit-in-koeln-koelner-organisationen-schlagen-alarm\/","headline":"Zukunft der Gefl\u00fcchtetenarbeit in K\u00f6ln: K\u00f6lner Organisationen schlagen Alarm","url":"https:\/\/www.bachhausen.de\/zukunft-der-gefluechtetenarbeit-in-koeln-koelner-organisationen-schlagen-alarm\/","datePublished":"2024-09-12","dateModified":"2024-09-12","mainEntityOfPage":"https:\/\/www.bachhausen.de\/zukunft-der-gefluechtetenarbeit-in-koeln-koelner-organisationen-schlagen-alarm\/","author":{"@type":"Person","@id":"##Person","name":"Report K","url":"#","identifier":20,"image":{"@type":"ImageObject","@id":"https:\/\/secure.gravatar.com\/avatar\/36af2c4c1f6de1245282e2f6d3e4483d8c1fb911663df347a69e69f7ff897aac?s=96&d=monsterid&r=g","url":"https:\/\/secure.gravatar.com\/avatar\/36af2c4c1f6de1245282e2f6d3e4483d8c1fb911663df347a69e69f7ff897aac?s=96&d=monsterid&r=g","height":96,"width":96}},"publisher":{"@type":"Person","name":"Dirk Bachhausen","image":{"@type":"ImageObject","@id":"https:\/\/www.bachhausen.de\/wp-content\/uploads\/2019\/07\/dirk_profil-300x300.jpg","url":"https:\/\/www.bachhausen.de\/wp-content\/uploads\/2019\/07\/dirk_profil-300x300.jpg","width":600,"height":60}},"image":{"@type":"ImageObject","@id":"https:\/\/www.bachhausen.de\/wp-content\/uploads\/2024\/08\/511A6407_rat_symbol_30082024-01.jpg","url":"https:\/\/www.bachhausen.de\/wp-content\/uploads\/2024\/08\/511A6407_rat_symbol_30082024-01.jpg","height":0,"width":0},"keywords":["alarm","gefluchtetenarbeit","kolner","organisationen","schlagen","zukunft"]},{"@type":"NewsArticle","@id":"https:\/\/www.bachhausen.de\/koelner-gruenguertel-als-unesco-weltkulturerbe\/","headline":"K\u00f6lner Gr\u00fcng\u00fcrtel als UNESCO-Weltkulturerbe?","url":"https:\/\/www.bachhausen.de\/koelner-gruenguertel-als-unesco-weltkulturerbe\/","datePublished":"2024-09-12","dateModified":"2024-09-12","mainEntityOfPage":"https:\/\/www.bachhausen.de\/koelner-gruenguertel-als-unesco-weltkulturerbe\/","author":{"@type":"Person","@id":"##Person","name":"Report K","url":"#","identifier":20,"image":{"@type":"ImageObject","@id":"https:\/\/secure.gravatar.com\/avatar\/36af2c4c1f6de1245282e2f6d3e4483d8c1fb911663df347a69e69f7ff897aac?s=96&d=monsterid&r=g","url":"https:\/\/secure.gravatar.com\/avatar\/36af2c4c1f6de1245282e2f6d3e4483d8c1fb911663df347a69e69f7ff897aac?s=96&d=monsterid&r=g","height":96,"width":96}},"publisher":{"@type":"Person","name":"Dirk Bachhausen","image":{"@type":"ImageObject","@id":"https:\/\/www.bachhausen.de\/wp-content\/uploads\/2019\/07\/dirk_profil-300x300.jpg","url":"https:\/\/www.bachhausen.de\/wp-content\/uploads\/2019\/07\/dirk_profil-300x300.jpg","width":600,"height":60}},"image":{"@type":"ImageObject","@id":"https:\/\/www.bachhausen.de\/wp-content\/uploads\/2024\/01\/uniwiese_05012024.jpg","url":"https:\/\/www.bachhausen.de\/wp-content\/uploads\/2024\/01\/uniwiese_05012024.jpg","height":0,"width":0},"keywords":["grungurtel","kolner","unesco","weltkulturerbe"]},{"@type":"NewsArticle","@id":"https:\/\/www.bachhausen.de\/fff-koeln-mit-politischen-statements-zur-migrations-und-sicherheitspolitik\/","headline":"FFF K\u00f6ln mit politischen Statements zur Migrations- und Sicherheitspolitik","url":"https:\/\/www.bachhausen.de\/fff-koeln-mit-politischen-statements-zur-migrations-und-sicherheitspolitik\/","datePublished":"2024-09-12","dateModified":"2024-09-12","mainEntityOfPage":"https:\/\/www.bachhausen.de\/fff-koeln-mit-politischen-statements-zur-migrations-und-sicherheitspolitik\/","author":{"@type":"Person","@id":"##Person","name":"Report K","url":"#","identifier":20,"image":{"@type":"ImageObject","@id":"https:\/\/secure.gravatar.com\/avatar\/36af2c4c1f6de1245282e2f6d3e4483d8c1fb911663df347a69e69f7ff897aac?s=96&d=monsterid&r=g","url":"https:\/\/secure.gravatar.com\/avatar\/36af2c4c1f6de1245282e2f6d3e4483d8c1fb911663df347a69e69f7ff897aac?s=96&d=monsterid&r=g","height":96,"width":96}},"publisher":{"@type":"Person","name":"Dirk Bachhausen","image":{"@type":"ImageObject","@id":"https:\/\/www.bachhausen.de\/wp-content\/uploads\/2019\/07\/dirk_profil-300x300.jpg","url":"https:\/\/www.bachhausen.de\/wp-content\/uploads\/2019\/07\/dirk_profil-300x300.jpg","width":600,"height":60}},"image":{"@type":"ImageObject","@id":"https:\/\/www.bachhausen.de\/wp-content\/uploads\/2024\/06\/fff_pixa_13062024.jpg","url":"https:\/\/www.bachhausen.de\/wp-content\/uploads\/2024\/06\/fff_pixa_13062024.jpg","height":0,"width":0},"keywords":["migrations","politischen","sicherheitspolitik","statements"]},{"@type":"NewsArticle","@id":"https:\/\/www.bachhausen.de\/e-mobilitaet-1-251-oeffentliche-ladepunkte-gibt-es-aktuell-in-koeln\/","headline":"E-Mobilit\u00e4t: 1.251 \u00f6ffentliche Ladepunkte gibt es aktuell in K\u00f6ln","url":"https:\/\/www.bachhausen.de\/e-mobilitaet-1-251-oeffentliche-ladepunkte-gibt-es-aktuell-in-koeln\/","datePublished":"2024-09-11","dateModified":"2024-09-11","mainEntityOfPage":"https:\/\/www.bachhausen.de\/e-mobilitaet-1-251-oeffentliche-ladepunkte-gibt-es-aktuell-in-koeln\/","author":{"@type":"Person","@id":"##Person","name":"Report K","url":"#","identifier":20,"image":{"@type":"ImageObject","@id":"https:\/\/secure.gravatar.com\/avatar\/36af2c4c1f6de1245282e2f6d3e4483d8c1fb911663df347a69e69f7ff897aac?s=96&d=monsterid&r=g","url":"https:\/\/secure.gravatar.com\/avatar\/36af2c4c1f6de1245282e2f6d3e4483d8c1fb911663df347a69e69f7ff897aac?s=96&d=monsterid&r=g","height":96,"width":96}},"publisher":{"@type":"Person","name":"Dirk Bachhausen","image":{"@type":"ImageObject","@id":"https:\/\/www.bachhausen.de\/wp-content\/uploads\/2019\/07\/dirk_profil-300x300.jpg","url":"https:\/\/www.bachhausen.de\/wp-content\/uploads\/2019\/07\/dirk_profil-300x300.jpg","width":600,"height":60}},"image":{"@type":"ImageObject","@id":"https:\/\/www.bachhausen.de\/wp-content\/uploads\/2024\/09\/elektroparkplatz_pix_11092024.jpg","url":"https:\/\/www.bachhausen.de\/wp-content\/uploads\/2024\/09\/elektroparkplatz_pix_11092024.jpg","height":0,"width":0},"keywords":["aktuell","ladepunkte","mobilitat","offentliche"]}]}