{"@context":"https:\/\/schema.org\/","@type":"CollectionPage","@id":"https:\/\/www.bachhausen.de\/Thema\/politik\/koeln\/#CollectionPage","headline":"K\u00f6ln Category","description":"","url":"https:\/\/www.bachhausen.de\/Thema\/politik\/koeln\/","hasPart":[{"@type":"NewsArticle","@id":"https:\/\/www.bachhausen.de\/syrische-familie-lebt-in-koeln-ovg-nrw-urteilt-zu-familienfluechtlingsschutz\/","headline":"Syrische Familie lebt in K\u00f6ln: OVG NRW urteilt zu Familienfl\u00fcchtlingsschutz","url":"https:\/\/www.bachhausen.de\/syrische-familie-lebt-in-koeln-ovg-nrw-urteilt-zu-familienfluechtlingsschutz\/","datePublished":"2024-09-10","dateModified":"2024-09-10","mainEntityOfPage":"https:\/\/www.bachhausen.de\/syrische-familie-lebt-in-koeln-ovg-nrw-urteilt-zu-familienfluechtlingsschutz\/","author":{"@type":"Person","@id":"##Person","name":"Report K","url":"#","identifier":20,"image":{"@type":"ImageObject","@id":"https:\/\/secure.gravatar.com\/avatar\/36af2c4c1f6de1245282e2f6d3e4483d8c1fb911663df347a69e69f7ff897aac?s=96&d=monsterid&r=g","url":"https:\/\/secure.gravatar.com\/avatar\/36af2c4c1f6de1245282e2f6d3e4483d8c1fb911663df347a69e69f7ff897aac?s=96&d=monsterid&r=g","height":96,"width":96}},"publisher":{"@type":"Person","name":"Dirk Bachhausen","image":{"@type":"ImageObject","@id":"https:\/\/www.bachhausen.de\/wp-content\/uploads\/2019\/07\/dirk_profil-300x300.jpg","url":"https:\/\/www.bachhausen.de\/wp-content\/uploads\/2019\/07\/dirk_profil-300x300.jpg","width":600,"height":60}},"image":{"@type":"ImageObject","@id":"https:\/\/www.bachhausen.de\/wp-content\/uploads\/2024\/09\/ovg_NRW_10092024.png","url":"https:\/\/www.bachhausen.de\/wp-content\/uploads\/2024\/09\/ovg_NRW_10092024.png","height":768,"width":1024},"keywords":["familie","familienfluchtlingsschutz","syrische","urteilt"]},{"@type":"NewsArticle","@id":"https:\/\/www.bachhausen.de\/drogenszene-am-neumarkt-buergerinitiative-wendet-sich-mit-mail-an-den-rat\/","headline":"Drogenszene am Neumarkt: B\u00fcrgerinitiative wendet sich mit Mail an den Rat","url":"https:\/\/www.bachhausen.de\/drogenszene-am-neumarkt-buergerinitiative-wendet-sich-mit-mail-an-den-rat\/","datePublished":"2024-09-10","dateModified":"2024-09-10","mainEntityOfPage":"https:\/\/www.bachhausen.de\/drogenszene-am-neumarkt-buergerinitiative-wendet-sich-mit-mail-an-den-rat\/","author":{"@type":"Person","@id":"##Person","name":"Report K","url":"#","identifier":20,"image":{"@type":"ImageObject","@id":"https:\/\/secure.gravatar.com\/avatar\/36af2c4c1f6de1245282e2f6d3e4483d8c1fb911663df347a69e69f7ff897aac?s=96&d=monsterid&r=g","url":"https:\/\/secure.gravatar.com\/avatar\/36af2c4c1f6de1245282e2f6d3e4483d8c1fb911663df347a69e69f7ff897aac?s=96&d=monsterid&r=g","height":96,"width":96}},"publisher":{"@type":"Person","name":"Dirk Bachhausen","image":{"@type":"ImageObject","@id":"https:\/\/www.bachhausen.de\/wp-content\/uploads\/2019\/07\/dirk_profil-300x300.jpg","url":"https:\/\/www.bachhausen.de\/wp-content\/uploads\/2019\/07\/dirk_profil-300x300.jpg","width":600,"height":60}},"image":{"@type":"ImageObject","@id":"https:\/\/www.bachhausen.de\/wp-content\/uploads\/2024\/09\/drogen_10092024pix.jpg","url":"https:\/\/www.bachhausen.de\/wp-content\/uploads\/2024\/09\/drogen_10092024pix.jpg","height":0,"width":0},"keywords":["burgerinitiative","drogenszene","neumarkt","wendet"]},{"@type":"NewsArticle","@id":"https:\/\/www.bachhausen.de\/verkehrsausschuss-beraet-ueber-niehler-hafenbruecke\/","headline":"Verkehrsausschuss ber\u00e4t \u00fcber Niehler Hafenbr\u00fccke","url":"https:\/\/www.bachhausen.de\/verkehrsausschuss-beraet-ueber-niehler-hafenbruecke\/","datePublished":"2024-09-10","dateModified":"2024-09-10","mainEntityOfPage":"https:\/\/www.bachhausen.de\/verkehrsausschuss-beraet-ueber-niehler-hafenbruecke\/","author":{"@type":"Person","@id":"##Person","name":"Report K","url":"#","identifier":20,"image":{"@type":"ImageObject","@id":"https:\/\/secure.gravatar.com\/avatar\/36af2c4c1f6de1245282e2f6d3e4483d8c1fb911663df347a69e69f7ff897aac?s=96&d=monsterid&r=g","url":"https:\/\/secure.gravatar.com\/avatar\/36af2c4c1f6de1245282e2f6d3e4483d8c1fb911663df347a69e69f7ff897aac?s=96&d=monsterid&r=g","height":96,"width":96}},"publisher":{"@type":"Person","name":"Dirk Bachhausen","image":{"@type":"ImageObject","@id":"https:\/\/www.bachhausen.de\/wp-content\/uploads\/2019\/07\/dirk_profil-300x300.jpg","url":"https:\/\/www.bachhausen.de\/wp-content\/uploads\/2019\/07\/dirk_profil-300x300.jpg","width":600,"height":60}},"image":{"@type":"ImageObject","@id":"https:\/\/www.bachhausen.de\/wp-content\/uploads\/2023\/10\/69_FOTO_Bruecke-Niehler-Hafen_2.jpg","url":"https:\/\/www.bachhausen.de\/wp-content\/uploads\/2023\/10\/69_FOTO_Bruecke-Niehler-Hafen_2.jpg","height":0,"width":0},"keywords":["berat","hafenbrucke","niehler","verkehrsausschuss"]},{"@type":"NewsArticle","@id":"https:\/\/www.bachhausen.de\/rhinecleanup-buergerinitiative-will-rheinaue-bei-worringen-von-muell-befreien\/","headline":"RhineCleanUp: B\u00fcrgerinitiative will Rheinaue bei Worringen von M\u00fcll befreien","url":"https:\/\/www.bachhausen.de\/rhinecleanup-buergerinitiative-will-rheinaue-bei-worringen-von-muell-befreien\/","datePublished":"2024-09-10","dateModified":"2024-09-10","mainEntityOfPage":"https:\/\/www.bachhausen.de\/rhinecleanup-buergerinitiative-will-rheinaue-bei-worringen-von-muell-befreien\/","author":{"@type":"Person","@id":"##Person","name":"Report K","url":"#","identifier":20,"image":{"@type":"ImageObject","@id":"https:\/\/secure.gravatar.com\/avatar\/36af2c4c1f6de1245282e2f6d3e4483d8c1fb911663df347a69e69f7ff897aac?s=96&d=monsterid&r=g","url":"https:\/\/secure.gravatar.com\/avatar\/36af2c4c1f6de1245282e2f6d3e4483d8c1fb911663df347a69e69f7ff897aac?s=96&d=monsterid&r=g","height":96,"width":96}},"publisher":{"@type":"Person","name":"Dirk Bachhausen","image":{"@type":"ImageObject","@id":"https:\/\/www.bachhausen.de\/wp-content\/uploads\/2019\/07\/dirk_profil-300x300.jpg","url":"https:\/\/www.bachhausen.de\/wp-content\/uploads\/2019\/07\/dirk_profil-300x300.jpg","width":600,"height":60}},"image":{"@type":"ImageObject","@id":"https:\/\/www.bachhausen.de\/wp-content\/uploads\/2024\/09\/rhein_10092024_pix.jpg","url":"https:\/\/www.bachhausen.de\/wp-content\/uploads\/2024\/09\/rhein_10092024_pix.jpg","height":0,"width":0},"keywords":["befreien","burgerinitiative","rheinaue","rhinecleanup","worringen"]},{"@type":"NewsArticle","@id":"https:\/\/www.bachhausen.de\/ein-schoener-tag-in-unseren-veedeln\/","headline":"Ein sch\u00f6ner Tag in unseren Veedeln","url":"https:\/\/www.bachhausen.de\/ein-schoener-tag-in-unseren-veedeln\/","datePublished":"2024-09-09","dateModified":"2024-09-09","mainEntityOfPage":"https:\/\/www.bachhausen.de\/ein-schoener-tag-in-unseren-veedeln\/","author":{"@type":"Person","@id":"##Person","name":"SPD K\u00f6ln","url":"#","identifier":4,"image":{"@type":"ImageObject","@id":"https:\/\/secure.gravatar.com\/avatar\/9e275a42f0e2d615e7358ea63859947f3ea63517a2bcb7a2b26010d9ca858396?s=96&d=monsterid&r=g","url":"https:\/\/secure.gravatar.com\/avatar\/9e275a42f0e2d615e7358ea63859947f3ea63517a2bcb7a2b26010d9ca858396?s=96&d=monsterid&r=g","height":96,"width":96}},"publisher":{"@type":"Person","name":"Dirk Bachhausen","image":{"@type":"ImageObject","@id":"https:\/\/www.bachhausen.de\/wp-content\/uploads\/2019\/07\/dirk_profil-300x300.jpg","url":"https:\/\/www.bachhausen.de\/wp-content\/uploads\/2019\/07\/dirk_profil-300x300.jpg","width":600,"height":60}},"image":{"@type":"ImageObject","@id":"https:\/\/www.bachhausen.de\/wp-content\/uploads\/2023\/09\/Zeitungsleser.webp","url":"https:\/\/www.bachhausen.de\/wp-content\/uploads\/2023\/09\/Zeitungsleser.webp","height":534,"width":800},"keywords":["Biathlon","Cocktails","Feuerwehrfest","gemeinschaft","Kinderprogramm","schoner","sommerfest","stadtteile","unseren","veedeln","zusammenhalt"]},{"@type":"NewsArticle","@id":"https:\/\/www.bachhausen.de\/ehemalige-khd-hauptverwaltung-36-euro-miete-fuer-3-jahre\/","headline":"Ehemalige KHD-Hauptverwaltung: 36 Euro Miete f\u00fcr 3 Jahre?","url":"https:\/\/www.bachhausen.de\/ehemalige-khd-hauptverwaltung-36-euro-miete-fuer-3-jahre\/","datePublished":"2024-09-09","dateModified":"2024-09-09","mainEntityOfPage":"https:\/\/www.bachhausen.de\/ehemalige-khd-hauptverwaltung-36-euro-miete-fuer-3-jahre\/","author":{"@type":"Person","@id":"##Person","name":"Report K","url":"#","identifier":20,"image":{"@type":"ImageObject","@id":"https:\/\/secure.gravatar.com\/avatar\/36af2c4c1f6de1245282e2f6d3e4483d8c1fb911663df347a69e69f7ff897aac?s=96&d=monsterid&r=g","url":"https:\/\/secure.gravatar.com\/avatar\/36af2c4c1f6de1245282e2f6d3e4483d8c1fb911663df347a69e69f7ff897aac?s=96&d=monsterid&r=g","height":96,"width":96}},"publisher":{"@type":"Person","name":"Dirk Bachhausen","image":{"@type":"ImageObject","@id":"https:\/\/www.bachhausen.de\/wp-content\/uploads\/2019\/07\/dirk_profil-300x300.jpg","url":"https:\/\/www.bachhausen.de\/wp-content\/uploads\/2019\/07\/dirk_profil-300x300.jpg","width":600,"height":60}},"image":{"@type":"ImageObject","@id":"https:\/\/www.bachhausen.de\/wp-content\/uploads\/2024\/09\/muehlheim_08042023.jpg","url":"https:\/\/www.bachhausen.de\/wp-content\/uploads\/2024\/09\/muehlheim_08042023.jpg","height":768,"width":1064},"keywords":["ehemalige","hauptverwaltung","jahre","miete"]},{"@type":"NewsArticle","@id":"https:\/\/www.bachhausen.de\/stadt-gibt-mehr-als-22-millionen-euro-fuer-externe-it-leistungen-in-5-jahren-aus\/","headline":"Stadt gibt mehr als 22 Millionen Euro f\u00fcr externe IT-Leistungen in 5 Jahren aus\u00a0","url":"https:\/\/www.bachhausen.de\/stadt-gibt-mehr-als-22-millionen-euro-fuer-externe-it-leistungen-in-5-jahren-aus\/","datePublished":"2024-09-09","dateModified":"2024-09-09","mainEntityOfPage":"https:\/\/www.bachhausen.de\/stadt-gibt-mehr-als-22-millionen-euro-fuer-externe-it-leistungen-in-5-jahren-aus\/","author":{"@type":"Person","@id":"##Person","name":"Report K","url":"#","identifier":20,"image":{"@type":"ImageObject","@id":"https:\/\/secure.gravatar.com\/avatar\/36af2c4c1f6de1245282e2f6d3e4483d8c1fb911663df347a69e69f7ff897aac?s=96&d=monsterid&r=g","url":"https:\/\/secure.gravatar.com\/avatar\/36af2c4c1f6de1245282e2f6d3e4483d8c1fb911663df347a69e69f7ff897aac?s=96&d=monsterid&r=g","height":96,"width":96}},"publisher":{"@type":"Person","name":"Dirk Bachhausen","image":{"@type":"ImageObject","@id":"https:\/\/www.bachhausen.de\/wp-content\/uploads\/2019\/07\/dirk_profil-300x300.jpg","url":"https:\/\/www.bachhausen.de\/wp-content\/uploads\/2019\/07\/dirk_profil-300x300.jpg","width":600,"height":60}},"image":{"@type":"ImageObject","@id":"https:\/\/www.bachhausen.de\/wp-content\/uploads\/2024\/09\/IT_pixa_09092024.jpg","url":"https:\/\/www.bachhausen.de\/wp-content\/uploads\/2024\/09\/IT_pixa_09092024.jpg","height":768,"width":1024},"keywords":["externe","jahren","leistungen","millionen","stadt"]},{"@type":"NewsArticle","@id":"https:\/\/www.bachhausen.de\/kunstaktion-an-der-rodenkirchener-bruecke-am-tag-des-offenen-denkmals\/","headline":"Kunstaktion an der Rodenkirchener Br\u00fccke am Tag des offenen Denkmals","url":"https:\/\/www.bachhausen.de\/kunstaktion-an-der-rodenkirchener-bruecke-am-tag-des-offenen-denkmals\/","datePublished":"2024-09-09","dateModified":"2024-09-09","mainEntityOfPage":"https:\/\/www.bachhausen.de\/kunstaktion-an-der-rodenkirchener-bruecke-am-tag-des-offenen-denkmals\/","author":{"@type":"Person","@id":"##Person","name":"Report K","url":"#","identifier":20,"image":{"@type":"ImageObject","@id":"https:\/\/secure.gravatar.com\/avatar\/36af2c4c1f6de1245282e2f6d3e4483d8c1fb911663df347a69e69f7ff897aac?s=96&d=monsterid&r=g","url":"https:\/\/secure.gravatar.com\/avatar\/36af2c4c1f6de1245282e2f6d3e4483d8c1fb911663df347a69e69f7ff897aac?s=96&d=monsterid&r=g","height":96,"width":96}},"publisher":{"@type":"Person","name":"Dirk Bachhausen","image":{"@type":"ImageObject","@id":"https:\/\/www.bachhausen.de\/wp-content\/uploads\/2019\/07\/dirk_profil-300x300.jpg","url":"https:\/\/www.bachhausen.de\/wp-content\/uploads\/2019\/07\/dirk_profil-300x300.jpg","width":600,"height":60}},"image":{"@type":"ImageObject","@id":"https:\/\/www.bachhausen.de\/wp-content\/uploads\/2024\/08\/IMG_6539_rodenkirchener_bruecke_25082024.jpg","url":"https:\/\/www.bachhausen.de\/wp-content\/uploads\/2024\/08\/IMG_6539_rodenkirchener_bruecke_25082024.jpg","height":0,"width":0},"keywords":["brucke","denkmals","kunstaktion","offenen","rodenkirchener"]},{"@type":"NewsArticle","@id":"https:\/\/www.bachhausen.de\/vor-60-jahren-am-bahnhof-deutz-armando-rodriguez-de-sa-willkuerlich-zum-millionsten-gastarbeiter-erklaert\/","headline":"Vor 60 Jahren am Bahnhof Deutz: Armando Rodriguez de S\u00e1 willk\u00fcrlich zum Millionsten Gastarbeiter erkl\u00e4rt","url":"https:\/\/www.bachhausen.de\/vor-60-jahren-am-bahnhof-deutz-armando-rodriguez-de-sa-willkuerlich-zum-millionsten-gastarbeiter-erklaert\/","datePublished":"2024-09-08","dateModified":"2024-09-08","mainEntityOfPage":"https:\/\/www.bachhausen.de\/vor-60-jahren-am-bahnhof-deutz-armando-rodriguez-de-sa-willkuerlich-zum-millionsten-gastarbeiter-erklaert\/","author":{"@type":"Person","@id":"##Person","name":"Report K","url":"#","identifier":20,"image":{"@type":"ImageObject","@id":"https:\/\/secure.gravatar.com\/avatar\/36af2c4c1f6de1245282e2f6d3e4483d8c1fb911663df347a69e69f7ff897aac?s=96&d=monsterid&r=g","url":"https:\/\/secure.gravatar.com\/avatar\/36af2c4c1f6de1245282e2f6d3e4483d8c1fb911663df347a69e69f7ff897aac?s=96&d=monsterid&r=g","height":96,"width":96}},"publisher":{"@type":"Person","name":"Dirk Bachhausen","image":{"@type":"ImageObject","@id":"https:\/\/www.bachhausen.de\/wp-content\/uploads\/2019\/07\/dirk_profil-300x300.jpg","url":"https:\/\/www.bachhausen.de\/wp-content\/uploads\/2019\/07\/dirk_profil-300x300.jpg","width":600,"height":60}},"image":{"@type":"ImageObject","@id":"https:\/\/www.bachhausen.de\/wp-content\/uploads\/2024\/09\/6830744.jpg","url":"https:\/\/www.bachhausen.de\/wp-content\/uploads\/2024\/09\/6830744.jpg","height":768,"width":1024},"keywords":["armando","bahnhof","deutz","jahren","millionsten","rodriguez","willkurlich"]},{"@type":"NewsArticle","@id":"https:\/\/www.bachhausen.de\/hochwasseruebung-mit-buergerinnen-in-koeln-sandsaecke-befuellt\/","headline":"Hochwasser\u00fcbung mit B\u00fcrger:innen in K\u00f6ln: Sands\u00e4cke bef\u00fcllt","url":"https:\/\/www.bachhausen.de\/hochwasseruebung-mit-buergerinnen-in-koeln-sandsaecke-befuellt\/","datePublished":"2024-09-08","dateModified":"2024-09-08","mainEntityOfPage":"https:\/\/www.bachhausen.de\/hochwasseruebung-mit-buergerinnen-in-koeln-sandsaecke-befuellt\/","author":{"@type":"Person","@id":"##Person","name":"Report K","url":"#","identifier":20,"image":{"@type":"ImageObject","@id":"https:\/\/secure.gravatar.com\/avatar\/36af2c4c1f6de1245282e2f6d3e4483d8c1fb911663df347a69e69f7ff897aac?s=96&d=monsterid&r=g","url":"https:\/\/secure.gravatar.com\/avatar\/36af2c4c1f6de1245282e2f6d3e4483d8c1fb911663df347a69e69f7ff897aac?s=96&d=monsterid&r=g","height":96,"width":96}},"publisher":{"@type":"Person","name":"Dirk Bachhausen","image":{"@type":"ImageObject","@id":"https:\/\/www.bachhausen.de\/wp-content\/uploads\/2019\/07\/dirk_profil-300x300.jpg","url":"https:\/\/www.bachhausen.de\/wp-content\/uploads\/2019\/07\/dirk_profil-300x300.jpg","width":600,"height":60}},"image":{"@type":"ImageObject","@id":"https:\/\/www.bachhausen.de\/wp-content\/uploads\/2024\/06\/dts_photo28573.jpg","url":"https:\/\/www.bachhausen.de\/wp-content\/uploads\/2024\/06\/dts_photo28573.jpg","height":0,"width":0},"keywords":["befullt","burger","hochwasserubung","innen","sandsacke"]}]}