{"@context":"https:\/\/schema.org\/","@type":"CollectionPage","@id":"https:\/\/www.bachhausen.de\/Thema\/politik\/koeln\/#CollectionPage","headline":"K\u00f6ln Category","description":"","url":"https:\/\/www.bachhausen.de\/Thema\/politik\/koeln\/","hasPart":[{"@type":"NewsArticle","@id":"https:\/\/www.bachhausen.de\/oberlandesgericht-koeln-entscheidet-zur-anschnallpflicht-und-daraus-folgender-haftung\/","headline":"Oberlandesgericht K\u00f6ln entscheidet zur Anschnallpflicht und daraus folgender Haftung","url":"https:\/\/www.bachhausen.de\/oberlandesgericht-koeln-entscheidet-zur-anschnallpflicht-und-daraus-folgender-haftung\/","datePublished":"2024-09-03","dateModified":"2024-09-03","mainEntityOfPage":"https:\/\/www.bachhausen.de\/oberlandesgericht-koeln-entscheidet-zur-anschnallpflicht-und-daraus-folgender-haftung\/","author":{"@type":"Person","@id":"##Person","name":"Report K","url":"#","identifier":20,"image":{"@type":"ImageObject","@id":"https:\/\/secure.gravatar.com\/avatar\/36af2c4c1f6de1245282e2f6d3e4483d8c1fb911663df347a69e69f7ff897aac?s=96&d=monsterid&r=g","url":"https:\/\/secure.gravatar.com\/avatar\/36af2c4c1f6de1245282e2f6d3e4483d8c1fb911663df347a69e69f7ff897aac?s=96&d=monsterid&r=g","height":96,"width":96}},"publisher":{"@type":"Person","name":"Dirk Bachhausen","image":{"@type":"ImageObject","@id":"https:\/\/www.bachhausen.de\/wp-content\/uploads\/2019\/07\/dirk_profil-300x300.jpg","url":"https:\/\/www.bachhausen.de\/wp-content\/uploads\/2019\/07\/dirk_profil-300x300.jpg","width":600,"height":60}},"image":{"@type":"ImageObject","@id":"https:\/\/www.bachhausen.de\/wp-content\/uploads\/2024\/09\/gurt_pix_03092024.jpg","url":"https:\/\/www.bachhausen.de\/wp-content\/uploads\/2024\/09\/gurt_pix_03092024.jpg","height":768,"width":1024},"keywords":["anschnallpflicht","daraus","entscheidet","folgender","haftung","oberlandesgericht"]},{"@type":"NewsArticle","@id":"https:\/\/www.bachhausen.de\/fdp-wirft-ratsbuendnis-die-beerdigung-des-grossmarktes-von-koeln-vor\/","headline":"FDP wirft Ratsb\u00fcndnis die Beerdigung des Gro\u00dfmarktes von K\u00f6ln vor","url":"https:\/\/www.bachhausen.de\/fdp-wirft-ratsbuendnis-die-beerdigung-des-grossmarktes-von-koeln-vor\/","datePublished":"2024-09-02","dateModified":"2024-09-02","mainEntityOfPage":"https:\/\/www.bachhausen.de\/fdp-wirft-ratsbuendnis-die-beerdigung-des-grossmarktes-von-koeln-vor\/","author":{"@type":"Person","@id":"##Person","name":"Report K","url":"#","identifier":20,"image":{"@type":"ImageObject","@id":"https:\/\/secure.gravatar.com\/avatar\/36af2c4c1f6de1245282e2f6d3e4483d8c1fb911663df347a69e69f7ff897aac?s=96&d=monsterid&r=g","url":"https:\/\/secure.gravatar.com\/avatar\/36af2c4c1f6de1245282e2f6d3e4483d8c1fb911663df347a69e69f7ff897aac?s=96&d=monsterid&r=g","height":96,"width":96}},"publisher":{"@type":"Person","name":"Dirk Bachhausen","image":{"@type":"ImageObject","@id":"https:\/\/www.bachhausen.de\/wp-content\/uploads\/2019\/07\/dirk_profil-300x300.jpg","url":"https:\/\/www.bachhausen.de\/wp-content\/uploads\/2019\/07\/dirk_profil-300x300.jpg","width":600,"height":60}},"image":{"@type":"ImageObject","@id":"https:\/\/www.bachhausen.de\/wp-content\/uploads\/2024\/09\/511A7539grossmarkt_09042024.jpg","url":"https:\/\/www.bachhausen.de\/wp-content\/uploads\/2024\/09\/511A7539grossmarkt_09042024.jpg","height":768,"width":1024},"keywords":["beerdigung","marktes","ratsbundnis","wirft"]},{"@type":"NewsArticle","@id":"https:\/\/www.bachhausen.de\/zuendete-koelnerin-streifenwagen-in-dortmund-an\/","headline":"Z\u00fcndete K\u00f6lnerin Streifenwagen in Dortmund an?","url":"https:\/\/www.bachhausen.de\/zuendete-koelnerin-streifenwagen-in-dortmund-an\/","datePublished":"2024-09-01","dateModified":"2024-09-01","mainEntityOfPage":"https:\/\/www.bachhausen.de\/zuendete-koelnerin-streifenwagen-in-dortmund-an\/","author":{"@type":"Person","@id":"##Person","name":"Report K","url":"#","identifier":20,"image":{"@type":"ImageObject","@id":"https:\/\/secure.gravatar.com\/avatar\/36af2c4c1f6de1245282e2f6d3e4483d8c1fb911663df347a69e69f7ff897aac?s=96&d=monsterid&r=g","url":"https:\/\/secure.gravatar.com\/avatar\/36af2c4c1f6de1245282e2f6d3e4483d8c1fb911663df347a69e69f7ff897aac?s=96&d=monsterid&r=g","height":96,"width":96}},"publisher":{"@type":"Person","name":"Dirk Bachhausen","image":{"@type":"ImageObject","@id":"https:\/\/www.bachhausen.de\/wp-content\/uploads\/2019\/07\/dirk_profil-300x300.jpg","url":"https:\/\/www.bachhausen.de\/wp-content\/uploads\/2019\/07\/dirk_profil-300x300.jpg","width":600,"height":60}},"image":{"@type":"ImageObject","@id":"https:\/\/www.bachhausen.de\/wp-content\/uploads\/2024\/09\/feuerloescher_pix_01092024.jpg","url":"https:\/\/www.bachhausen.de\/wp-content\/uploads\/2024\/09\/feuerloescher_pix_01092024.jpg","height":768,"width":1024},"keywords":["dortmund","kolnerin","streifenwagen","zundete"]},{"@type":"NewsArticle","@id":"https:\/\/www.bachhausen.de\/sexualisierte-gewalt-in-koeln-projekt-edelgard-bangt-um-finanzierung\/","headline":"Sexualisierte Gewalt in K\u00f6ln: Projekt \u201eEdelgard\u201c bangt um Finanzierung","url":"https:\/\/www.bachhausen.de\/sexualisierte-gewalt-in-koeln-projekt-edelgard-bangt-um-finanzierung\/","datePublished":"2024-09-01","dateModified":"2024-09-01","mainEntityOfPage":"https:\/\/www.bachhausen.de\/sexualisierte-gewalt-in-koeln-projekt-edelgard-bangt-um-finanzierung\/","author":{"@type":"Person","@id":"##Person","name":"Report K","url":"#","identifier":20,"image":{"@type":"ImageObject","@id":"https:\/\/secure.gravatar.com\/avatar\/36af2c4c1f6de1245282e2f6d3e4483d8c1fb911663df347a69e69f7ff897aac?s=96&d=monsterid&r=g","url":"https:\/\/secure.gravatar.com\/avatar\/36af2c4c1f6de1245282e2f6d3e4483d8c1fb911663df347a69e69f7ff897aac?s=96&d=monsterid&r=g","height":96,"width":96}},"publisher":{"@type":"Person","name":"Dirk Bachhausen","image":{"@type":"ImageObject","@id":"https:\/\/www.bachhausen.de\/wp-content\/uploads\/2019\/07\/dirk_profil-300x300.jpg","url":"https:\/\/www.bachhausen.de\/wp-content\/uploads\/2019\/07\/dirk_profil-300x300.jpg","width":600,"height":60}},"image":{"@type":"ImageObject","@id":"https:\/\/www.bachhausen.de\/wp-content\/uploads\/2024\/09\/gewalt_gegen_frauen_pix_01092024.jpg","url":"https:\/\/www.bachhausen.de\/wp-content\/uploads\/2024\/09\/gewalt_gegen_frauen_pix_01092024.jpg","height":768,"width":1024},"keywords":["bangt","edelgard","finanzierung","gewalt","projekt","sexualisierte"]},{"@type":"NewsArticle","@id":"https:\/\/www.bachhausen.de\/gruene-starten-prozess-fuer-kommunalwahlprogramm-2025\/","headline":"Gr\u00fcne starten Prozess f\u00fcr Kommunalwahlprogramm 2025","url":"https:\/\/www.bachhausen.de\/gruene-starten-prozess-fuer-kommunalwahlprogramm-2025\/","datePublished":"2024-09-01","dateModified":"2024-09-01","mainEntityOfPage":"https:\/\/www.bachhausen.de\/gruene-starten-prozess-fuer-kommunalwahlprogramm-2025\/","author":{"@type":"Person","@id":"##Person","name":"Report K","url":"#","identifier":20,"image":{"@type":"ImageObject","@id":"https:\/\/secure.gravatar.com\/avatar\/36af2c4c1f6de1245282e2f6d3e4483d8c1fb911663df347a69e69f7ff897aac?s=96&d=monsterid&r=g","url":"https:\/\/secure.gravatar.com\/avatar\/36af2c4c1f6de1245282e2f6d3e4483d8c1fb911663df347a69e69f7ff897aac?s=96&d=monsterid&r=g","height":96,"width":96}},"publisher":{"@type":"Person","name":"Dirk Bachhausen","image":{"@type":"ImageObject","@id":"https:\/\/www.bachhausen.de\/wp-content\/uploads\/2019\/07\/dirk_profil-300x300.jpg","url":"https:\/\/www.bachhausen.de\/wp-content\/uploads\/2019\/07\/dirk_profil-300x300.jpg","width":600,"height":60}},"image":{"@type":"ImageObject","@id":"https:\/\/www.bachhausen.de\/wp-content\/uploads\/2019\/07\/dirk_profil-300x300.jpg","url":"https:\/\/www.bachhausen.de\/wp-content\/uploads\/2019\/07\/dirk_profil-300x300.jpg","width":100,"height":100},"keywords":["grune","kommunalwahlprogramm","prozess","starten"]},{"@type":"NewsArticle","@id":"https:\/\/www.bachhausen.de\/vor-50-jahren-im-september-1974-waren-die-entscheidenden-debatten-zum-koeln-gesetz\/","headline":"Vor 50 Jahren: Im September 1974 waren die entscheidenden Debatten zum K\u00f6ln-Gesetz","url":"https:\/\/www.bachhausen.de\/vor-50-jahren-im-september-1974-waren-die-entscheidenden-debatten-zum-koeln-gesetz\/","datePublished":"2024-08-31","dateModified":"2024-08-31","mainEntityOfPage":"https:\/\/www.bachhausen.de\/vor-50-jahren-im-september-1974-waren-die-entscheidenden-debatten-zum-koeln-gesetz\/","author":{"@type":"Person","@id":"##Person","name":"Report K","url":"#","identifier":20,"image":{"@type":"ImageObject","@id":"https:\/\/secure.gravatar.com\/avatar\/36af2c4c1f6de1245282e2f6d3e4483d8c1fb911663df347a69e69f7ff897aac?s=96&d=monsterid&r=g","url":"https:\/\/secure.gravatar.com\/avatar\/36af2c4c1f6de1245282e2f6d3e4483d8c1fb911663df347a69e69f7ff897aac?s=96&d=monsterid&r=g","height":96,"width":96}},"publisher":{"@type":"Person","name":"Dirk Bachhausen","image":{"@type":"ImageObject","@id":"https:\/\/www.bachhausen.de\/wp-content\/uploads\/2019\/07\/dirk_profil-300x300.jpg","url":"https:\/\/www.bachhausen.de\/wp-content\/uploads\/2019\/07\/dirk_profil-300x300.jpg","width":600,"height":60}},"image":{"@type":"ImageObject","@id":"https:\/\/www.bachhausen.de\/wp-content\/uploads\/2024\/08\/koeln_gesetz31082024.png","url":"https:\/\/www.bachhausen.de\/wp-content\/uploads\/2024\/08\/koeln_gesetz31082024.png","height":768,"width":1024},"keywords":["debatten","entscheidenden","gesetz","jahren","september","waren"]},{"@type":"NewsArticle","@id":"https:\/\/www.bachhausen.de\/gerichtsentscheidung-zu-befugnissen-in-der-stadt-koeln-rat-nicht-bezirksvertretung-entscheidet\/","headline":"Gerichtsentscheidung zu Befugnissen in der Stadt K\u00f6ln: Rat nicht Bezirksvertretung entscheidet","url":"https:\/\/www.bachhausen.de\/gerichtsentscheidung-zu-befugnissen-in-der-stadt-koeln-rat-nicht-bezirksvertretung-entscheidet\/","datePublished":"2024-08-30","dateModified":"2024-08-30","mainEntityOfPage":"https:\/\/www.bachhausen.de\/gerichtsentscheidung-zu-befugnissen-in-der-stadt-koeln-rat-nicht-bezirksvertretung-entscheidet\/","author":{"@type":"Person","@id":"##Person","name":"Report K","url":"#","identifier":20,"image":{"@type":"ImageObject","@id":"https:\/\/secure.gravatar.com\/avatar\/36af2c4c1f6de1245282e2f6d3e4483d8c1fb911663df347a69e69f7ff897aac?s=96&d=monsterid&r=g","url":"https:\/\/secure.gravatar.com\/avatar\/36af2c4c1f6de1245282e2f6d3e4483d8c1fb911663df347a69e69f7ff897aac?s=96&d=monsterid&r=g","height":96,"width":96}},"publisher":{"@type":"Person","name":"Dirk Bachhausen","image":{"@type":"ImageObject","@id":"https:\/\/www.bachhausen.de\/wp-content\/uploads\/2019\/07\/dirk_profil-300x300.jpg","url":"https:\/\/www.bachhausen.de\/wp-content\/uploads\/2019\/07\/dirk_profil-300x300.jpg","width":600,"height":60}},"image":{"@type":"ImageObject","@id":"https:\/\/www.bachhausen.de\/wp-content\/uploads\/2024\/08\/511A6411_rat_30082024.jpg","url":"https:\/\/www.bachhausen.de\/wp-content\/uploads\/2024\/08\/511A6411_rat_30082024.jpg","height":768,"width":1024},"keywords":["befugnissen","bezirksvertretung","entscheidet","gerichtsentscheidung","nicht","stadt"]},{"@type":"NewsArticle","@id":"https:\/\/www.bachhausen.de\/landgericht-koeln-entscheidet-zu-hunde-unfall\/","headline":"Landgericht K\u00f6ln entscheidet zu Hunde-Unfall","url":"https:\/\/www.bachhausen.de\/landgericht-koeln-entscheidet-zu-hunde-unfall\/","datePublished":"2024-08-30","dateModified":"2024-08-30","mainEntityOfPage":"https:\/\/www.bachhausen.de\/landgericht-koeln-entscheidet-zu-hunde-unfall\/","author":{"@type":"Person","@id":"##Person","name":"Report K","url":"#","identifier":20,"image":{"@type":"ImageObject","@id":"https:\/\/secure.gravatar.com\/avatar\/36af2c4c1f6de1245282e2f6d3e4483d8c1fb911663df347a69e69f7ff897aac?s=96&d=monsterid&r=g","url":"https:\/\/secure.gravatar.com\/avatar\/36af2c4c1f6de1245282e2f6d3e4483d8c1fb911663df347a69e69f7ff897aac?s=96&d=monsterid&r=g","height":96,"width":96}},"publisher":{"@type":"Person","name":"Dirk Bachhausen","image":{"@type":"ImageObject","@id":"https:\/\/www.bachhausen.de\/wp-content\/uploads\/2019\/07\/dirk_profil-300x300.jpg","url":"https:\/\/www.bachhausen.de\/wp-content\/uploads\/2019\/07\/dirk_profil-300x300.jpg","width":600,"height":60}},"image":{"@type":"ImageObject","@id":"https:\/\/www.bachhausen.de\/wp-content\/uploads\/2024\/08\/hund_30082024.png","url":"https:\/\/www.bachhausen.de\/wp-content\/uploads\/2024\/08\/hund_30082024.png","height":768,"width":1024},"keywords":["entscheidet","hunde","landgericht","unfall"]},{"@type":"NewsArticle","@id":"https:\/\/www.bachhausen.de\/stadt-finanziert-anonymen-krankenschein-nicht-ueber-2024-hinaus\/","headline":"Stadt finanziert anonymen Krankenschein nicht \u00fcber 2024 hinaus","url":"https:\/\/www.bachhausen.de\/stadt-finanziert-anonymen-krankenschein-nicht-ueber-2024-hinaus\/","datePublished":"2024-08-30","dateModified":"2024-08-30","mainEntityOfPage":"https:\/\/www.bachhausen.de\/stadt-finanziert-anonymen-krankenschein-nicht-ueber-2024-hinaus\/","author":{"@type":"Person","@id":"##Person","name":"Report K","url":"#","identifier":20,"image":{"@type":"ImageObject","@id":"https:\/\/secure.gravatar.com\/avatar\/36af2c4c1f6de1245282e2f6d3e4483d8c1fb911663df347a69e69f7ff897aac?s=96&d=monsterid&r=g","url":"https:\/\/secure.gravatar.com\/avatar\/36af2c4c1f6de1245282e2f6d3e4483d8c1fb911663df347a69e69f7ff897aac?s=96&d=monsterid&r=g","height":96,"width":96}},"publisher":{"@type":"Person","name":"Dirk Bachhausen","image":{"@type":"ImageObject","@id":"https:\/\/www.bachhausen.de\/wp-content\/uploads\/2019\/07\/dirk_profil-300x300.jpg","url":"https:\/\/www.bachhausen.de\/wp-content\/uploads\/2019\/07\/dirk_profil-300x300.jpg","width":600,"height":60}},"image":{"@type":"ImageObject","@id":"https:\/\/www.bachhausen.de\/wp-content\/uploads\/2022\/01\/krankenhaus_pixa_16012022-1068x764.jpg","url":"https:\/\/www.bachhausen.de\/wp-content\/uploads\/2022\/01\/krankenhaus_pixa_16012022-1068x764.jpg","height":0,"width":0},"keywords":["anonymen","finanziert","hinaus","krankenschein","nicht","stadt"]},{"@type":"NewsArticle","@id":"https:\/\/www.bachhausen.de\/gruene-jugend-koeln-fordert-von-stadt-aufkauf-privater-wohnungen\/","headline":"Gr\u00fcne Jugend K\u00f6ln fordert von Stadt Aufkauf privater Wohnungen","url":"https:\/\/www.bachhausen.de\/gruene-jugend-koeln-fordert-von-stadt-aufkauf-privater-wohnungen\/","datePublished":"2024-08-30","dateModified":"2024-08-30","mainEntityOfPage":"https:\/\/www.bachhausen.de\/gruene-jugend-koeln-fordert-von-stadt-aufkauf-privater-wohnungen\/","author":{"@type":"Person","@id":"##Person","name":"Report K","url":"#","identifier":20,"image":{"@type":"ImageObject","@id":"https:\/\/secure.gravatar.com\/avatar\/36af2c4c1f6de1245282e2f6d3e4483d8c1fb911663df347a69e69f7ff897aac?s=96&d=monsterid&r=g","url":"https:\/\/secure.gravatar.com\/avatar\/36af2c4c1f6de1245282e2f6d3e4483d8c1fb911663df347a69e69f7ff897aac?s=96&d=monsterid&r=g","height":96,"width":96}},"publisher":{"@type":"Person","name":"Dirk Bachhausen","image":{"@type":"ImageObject","@id":"https:\/\/www.bachhausen.de\/wp-content\/uploads\/2019\/07\/dirk_profil-300x300.jpg","url":"https:\/\/www.bachhausen.de\/wp-content\/uploads\/2019\/07\/dirk_profil-300x300.jpg","width":600,"height":60}},"image":{"@type":"ImageObject","@id":"https:\/\/www.bachhausen.de\/wp-content\/uploads\/2024\/08\/511A8673dachlandschaft_koeln-29082024.jpg","url":"https:\/\/www.bachhausen.de\/wp-content\/uploads\/2024\/08\/511A8673dachlandschaft_koeln-29082024.jpg","height":0,"width":0},"keywords":["aufkauf","fordert","grune","jugend","privater","stadt","wohnungen"]}]}