{"@context":"https:\/\/schema.org\/","@type":"CollectionPage","@id":"https:\/\/www.bachhausen.de\/Thema\/politik\/koeln\/#CollectionPage","headline":"K\u00f6ln Category","description":"","url":"https:\/\/www.bachhausen.de\/Thema\/politik\/koeln\/","hasPart":[{"@type":"NewsArticle","@id":"https:\/\/www.bachhausen.de\/operndrama-von-koeln-ziel-800-millionen-euro-baukosten-nicht-ueberschreiten\/","headline":"Operndrama von K\u00f6ln: Ziel 800 Millionen Euro Baukosten nicht \u00fcberschreiten","url":"https:\/\/www.bachhausen.de\/operndrama-von-koeln-ziel-800-millionen-euro-baukosten-nicht-ueberschreiten\/","datePublished":"2024-08-30","dateModified":"2024-08-30","mainEntityOfPage":"https:\/\/www.bachhausen.de\/operndrama-von-koeln-ziel-800-millionen-euro-baukosten-nicht-ueberschreiten\/","author":{"@type":"Person","@id":"##Person","name":"Report K","url":"#","identifier":20,"image":{"@type":"ImageObject","@id":"https:\/\/secure.gravatar.com\/avatar\/36af2c4c1f6de1245282e2f6d3e4483d8c1fb911663df347a69e69f7ff897aac?s=96&d=monsterid&r=g","url":"https:\/\/secure.gravatar.com\/avatar\/36af2c4c1f6de1245282e2f6d3e4483d8c1fb911663df347a69e69f7ff897aac?s=96&d=monsterid&r=g","height":96,"width":96}},"publisher":{"@type":"Person","name":"Dirk Bachhausen","image":{"@type":"ImageObject","@id":"https:\/\/www.bachhausen.de\/wp-content\/uploads\/2019\/07\/dirk_profil-300x300.jpg","url":"https:\/\/www.bachhausen.de\/wp-content\/uploads\/2019\/07\/dirk_profil-300x300.jpg","width":600,"height":60}},"image":{"@type":"ImageObject","@id":"https:\/\/www.bachhausen.de\/wp-content\/uploads\/2022\/07\/41baustelle_oper_koeln_08082016-neu.jpg","url":"https:\/\/www.bachhausen.de\/wp-content\/uploads\/2022\/07\/41baustelle_oper_koeln_08082016-neu.jpg","height":0,"width":0},"keywords":["baukosten","millionen","nicht","operndrama","uberschreiten"]},{"@type":"NewsArticle","@id":"https:\/\/www.bachhausen.de\/bka-solingen-elfter-terroristischer-messer-angriff-seit-2014-2-rechte-attacken\/","headline":"BKA: Solingen elfter terroristischer Messer-Angriff seit 2014 \u2013 2 rechte Attacken","url":"https:\/\/www.bachhausen.de\/bka-solingen-elfter-terroristischer-messer-angriff-seit-2014-2-rechte-attacken\/","datePublished":"2024-08-30","dateModified":"2024-08-30","mainEntityOfPage":"https:\/\/www.bachhausen.de\/bka-solingen-elfter-terroristischer-messer-angriff-seit-2014-2-rechte-attacken\/","author":{"@type":"Person","@id":"##Person","name":"Report K","url":"#","identifier":20,"image":{"@type":"ImageObject","@id":"https:\/\/secure.gravatar.com\/avatar\/36af2c4c1f6de1245282e2f6d3e4483d8c1fb911663df347a69e69f7ff897aac?s=96&d=monsterid&r=g","url":"https:\/\/secure.gravatar.com\/avatar\/36af2c4c1f6de1245282e2f6d3e4483d8c1fb911663df347a69e69f7ff897aac?s=96&d=monsterid&r=g","height":96,"width":96}},"publisher":{"@type":"Person","name":"Dirk Bachhausen","image":{"@type":"ImageObject","@id":"https:\/\/www.bachhausen.de\/wp-content\/uploads\/2019\/07\/dirk_profil-300x300.jpg","url":"https:\/\/www.bachhausen.de\/wp-content\/uploads\/2019\/07\/dirk_profil-300x300.jpg","width":600,"height":60}},"image":{"@type":"ImageObject","@id":"https:\/\/www.bachhausen.de\/wp-content\/uploads\/2015\/10\/reker_17102015-1.jpg","url":"https:\/\/www.bachhausen.de\/wp-content\/uploads\/2015\/10\/reker_17102015-1.jpg","height":0,"width":0},"keywords":["angriff","attacken","elfter","messer","rechte","solingen","terroristischer"]},{"@type":"NewsArticle","@id":"https:\/\/www.bachhausen.de\/laermaktionsplan-wird-fortgeschrieben-und-im-rat-debattiert\/","headline":"L\u00e4rmaktionsplan wird fortgeschrieben und im Rat debattiert","url":"https:\/\/www.bachhausen.de\/laermaktionsplan-wird-fortgeschrieben-und-im-rat-debattiert\/","datePublished":"2024-08-29","dateModified":"2024-08-29","mainEntityOfPage":"https:\/\/www.bachhausen.de\/laermaktionsplan-wird-fortgeschrieben-und-im-rat-debattiert\/","author":{"@type":"Person","@id":"##Person","name":"Report K","url":"#","identifier":20,"image":{"@type":"ImageObject","@id":"https:\/\/secure.gravatar.com\/avatar\/36af2c4c1f6de1245282e2f6d3e4483d8c1fb911663df347a69e69f7ff897aac?s=96&d=monsterid&r=g","url":"https:\/\/secure.gravatar.com\/avatar\/36af2c4c1f6de1245282e2f6d3e4483d8c1fb911663df347a69e69f7ff897aac?s=96&d=monsterid&r=g","height":96,"width":96}},"publisher":{"@type":"Person","name":"Dirk Bachhausen","image":{"@type":"ImageObject","@id":"https:\/\/www.bachhausen.de\/wp-content\/uploads\/2019\/07\/dirk_profil-300x300.jpg","url":"https:\/\/www.bachhausen.de\/wp-content\/uploads\/2019\/07\/dirk_profil-300x300.jpg","width":600,"height":60}},"image":{"@type":"ImageObject","@id":"https:\/\/www.bachhausen.de\/wp-content\/uploads\/2024\/08\/laermschutz_pix_29082024.jpg","url":"https:\/\/www.bachhausen.de\/wp-content\/uploads\/2024\/08\/laermschutz_pix_29082024.jpg","height":768,"width":1024},"keywords":["debattiert","fortgeschrieben","larmaktionsplan"]},{"@type":"NewsArticle","@id":"https:\/\/www.bachhausen.de\/landesregierung-plant-massive-kuerzungen-bei-der-sozialen-beratung-von-gefluechteten\/","headline":"Landesregierung plant massive K\u00fcrzungen bei der sozialen Beratung von Gefl\u00fcchteten","url":"https:\/\/www.bachhausen.de\/landesregierung-plant-massive-kuerzungen-bei-der-sozialen-beratung-von-gefluechteten\/","datePublished":"2024-08-28","dateModified":"2024-08-28","mainEntityOfPage":"https:\/\/www.bachhausen.de\/landesregierung-plant-massive-kuerzungen-bei-der-sozialen-beratung-von-gefluechteten\/","author":{"@type":"Person","@id":"##Person","name":"SPD K\u00f6ln","url":"#","identifier":4,"image":{"@type":"ImageObject","@id":"https:\/\/secure.gravatar.com\/avatar\/9e275a42f0e2d615e7358ea63859947f3ea63517a2bcb7a2b26010d9ca858396?s=96&d=monsterid&r=g","url":"https:\/\/secure.gravatar.com\/avatar\/9e275a42f0e2d615e7358ea63859947f3ea63517a2bcb7a2b26010d9ca858396?s=96&d=monsterid&r=g","height":96,"width":96}},"publisher":{"@type":"Person","name":"Dirk Bachhausen","image":{"@type":"ImageObject","@id":"https:\/\/www.bachhausen.de\/wp-content\/uploads\/2019\/07\/dirk_profil-300x300.jpg","url":"https:\/\/www.bachhausen.de\/wp-content\/uploads\/2019\/07\/dirk_profil-300x300.jpg","width":600,"height":60}},"image":{"@type":"ImageObject","@id":"https:\/\/www.bachhausen.de\/wp-content\/uploads\/2023\/09\/Zeitungsleser.webp","url":"https:\/\/www.bachhausen.de\/wp-content\/uploads\/2023\/09\/Zeitungsleser.webp","height":534,"width":800},"keywords":["beratung","gefluchteten","kurzungen","landesregierung","massive","plant","sozialen"]},{"@type":"NewsArticle","@id":"https:\/\/www.bachhausen.de\/neuer-vorstand-der-spd-frauen-mr\/","headline":"Neuer Vorstand der SPD FRAUEN MR","url":"https:\/\/www.bachhausen.de\/neuer-vorstand-der-spd-frauen-mr\/","datePublished":"2024-08-28","dateModified":"2024-08-28","mainEntityOfPage":"https:\/\/www.bachhausen.de\/neuer-vorstand-der-spd-frauen-mr\/","author":{"@type":"Person","@id":"##Person","name":"SPD K\u00f6ln","url":"#","identifier":4,"image":{"@type":"ImageObject","@id":"https:\/\/secure.gravatar.com\/avatar\/9e275a42f0e2d615e7358ea63859947f3ea63517a2bcb7a2b26010d9ca858396?s=96&d=monsterid&r=g","url":"https:\/\/secure.gravatar.com\/avatar\/9e275a42f0e2d615e7358ea63859947f3ea63517a2bcb7a2b26010d9ca858396?s=96&d=monsterid&r=g","height":96,"width":96}},"publisher":{"@type":"Person","name":"Dirk Bachhausen","image":{"@type":"ImageObject","@id":"https:\/\/www.bachhausen.de\/wp-content\/uploads\/2019\/07\/dirk_profil-300x300.jpg","url":"https:\/\/www.bachhausen.de\/wp-content\/uploads\/2019\/07\/dirk_profil-300x300.jpg","width":600,"height":60}},"image":{"@type":"ImageObject","@id":"https:\/\/i2.wp.com\/2024\/03\/spd-verschw.jpg?w=1200&resize=1200,0&ssl=1","url":"https:\/\/i2.wp.com\/2024\/03\/spd-verschw.jpg?w=1200&resize=1200,0&ssl=1","height":"","width":""},"keywords":["frauen","neuer","vorstand"]},{"@type":"NewsArticle","@id":"https:\/\/www.bachhausen.de\/stadt-koeln-stoppt-foerdermittelprogramm-fuer-gebaeudesanierung-und-photovoltaik-2024\/","headline":"Stadt K\u00f6ln stoppt F\u00f6rdermittelprogramm f\u00fcr Geb\u00e4udesanierung und Photovoltaik 2024","url":"https:\/\/www.bachhausen.de\/stadt-koeln-stoppt-foerdermittelprogramm-fuer-gebaeudesanierung-und-photovoltaik-2024\/","datePublished":"2024-08-27","dateModified":"2024-08-27","mainEntityOfPage":"https:\/\/www.bachhausen.de\/stadt-koeln-stoppt-foerdermittelprogramm-fuer-gebaeudesanierung-und-photovoltaik-2024\/","author":{"@type":"Person","@id":"##Person","name":"Report K","url":"#","identifier":20,"image":{"@type":"ImageObject","@id":"https:\/\/secure.gravatar.com\/avatar\/36af2c4c1f6de1245282e2f6d3e4483d8c1fb911663df347a69e69f7ff897aac?s=96&d=monsterid&r=g","url":"https:\/\/secure.gravatar.com\/avatar\/36af2c4c1f6de1245282e2f6d3e4483d8c1fb911663df347a69e69f7ff897aac?s=96&d=monsterid&r=g","height":96,"width":96}},"publisher":{"@type":"Person","name":"Dirk Bachhausen","image":{"@type":"ImageObject","@id":"https:\/\/www.bachhausen.de\/wp-content\/uploads\/2019\/07\/dirk_profil-300x300.jpg","url":"https:\/\/www.bachhausen.de\/wp-content\/uploads\/2019\/07\/dirk_profil-300x300.jpg","width":600,"height":60}},"image":{"@type":"ImageObject","@id":"https:\/\/www.bachhausen.de\/wp-content\/uploads\/2024\/08\/dachlandschaft_koeln_22082024_511A8676.jpg","url":"https:\/\/www.bachhausen.de\/wp-content\/uploads\/2024\/08\/dachlandschaft_koeln_22082024_511A8676.jpg","height":0,"width":0},"keywords":["fordermittelprogramm","gebaudesanierung","photovoltaik","stadt","stoppt"]},{"@type":"NewsArticle","@id":"https:\/\/www.bachhausen.de\/ralph-sterck-kuendigt-ruecktritt-vom-vorsitz-der-fdp-ratsfraktion-an\/","headline":"Ralph Sterck k\u00fcndigt R\u00fccktritt vom Vorsitz der FDP-Ratsfraktion an","url":"https:\/\/www.bachhausen.de\/ralph-sterck-kuendigt-ruecktritt-vom-vorsitz-der-fdp-ratsfraktion-an\/","datePublished":"2024-08-26","dateModified":"2024-08-26","mainEntityOfPage":"https:\/\/www.bachhausen.de\/ralph-sterck-kuendigt-ruecktritt-vom-vorsitz-der-fdp-ratsfraktion-an\/","author":{"@type":"Person","@id":"##Person","name":"Report K","url":"#","identifier":20,"image":{"@type":"ImageObject","@id":"https:\/\/secure.gravatar.com\/avatar\/36af2c4c1f6de1245282e2f6d3e4483d8c1fb911663df347a69e69f7ff897aac?s=96&d=monsterid&r=g","url":"https:\/\/secure.gravatar.com\/avatar\/36af2c4c1f6de1245282e2f6d3e4483d8c1fb911663df347a69e69f7ff897aac?s=96&d=monsterid&r=g","height":96,"width":96}},"publisher":{"@type":"Person","name":"Dirk Bachhausen","image":{"@type":"ImageObject","@id":"https:\/\/www.bachhausen.de\/wp-content\/uploads\/2019\/07\/dirk_profil-300x300.jpg","url":"https:\/\/www.bachhausen.de\/wp-content\/uploads\/2019\/07\/dirk_profil-300x300.jpg","width":600,"height":60}},"image":{"@type":"ImageObject","@id":"https:\/\/www.bachhausen.de\/wp-content\/uploads\/2024\/08\/ralphsterck_26082024.jpg","url":"https:\/\/www.bachhausen.de\/wp-content\/uploads\/2024\/08\/ralphsterck_26082024.jpg","height":768,"width":1024},"keywords":["kundigt","ralph","ratsfraktion","rucktritt","sterck","vorsitz"]},{"@type":"NewsArticle","@id":"https:\/\/www.bachhausen.de\/riesige-flamme-was-war-am-sonntag-im-koelner-sueden-los\/","headline":"Riesige Flamme: Was war am Sonntag im K\u00f6lner S\u00fcden los?","url":"https:\/\/www.bachhausen.de\/riesige-flamme-was-war-am-sonntag-im-koelner-sueden-los\/","datePublished":"2024-08-26","dateModified":"2024-08-26","mainEntityOfPage":"https:\/\/www.bachhausen.de\/riesige-flamme-was-war-am-sonntag-im-koelner-sueden-los\/","author":{"@type":"Person","@id":"##Person","name":"Report K","url":"#","identifier":20,"image":{"@type":"ImageObject","@id":"https:\/\/secure.gravatar.com\/avatar\/36af2c4c1f6de1245282e2f6d3e4483d8c1fb911663df347a69e69f7ff897aac?s=96&d=monsterid&r=g","url":"https:\/\/secure.gravatar.com\/avatar\/36af2c4c1f6de1245282e2f6d3e4483d8c1fb911663df347a69e69f7ff897aac?s=96&d=monsterid&r=g","height":96,"width":96}},"publisher":{"@type":"Person","name":"Dirk Bachhausen","image":{"@type":"ImageObject","@id":"https:\/\/www.bachhausen.de\/wp-content\/uploads\/2019\/07\/dirk_profil-300x300.jpg","url":"https:\/\/www.bachhausen.de\/wp-content\/uploads\/2019\/07\/dirk_profil-300x300.jpg","width":600,"height":60}},"image":{"@type":"ImageObject","@id":"https:\/\/www.bachhausen.de\/wp-content\/uploads\/2024\/08\/IMG_6511_shell_fackel_26082024.jpg","url":"https:\/\/www.bachhausen.de\/wp-content\/uploads\/2024\/08\/IMG_6511_shell_fackel_26082024.jpg","height":768,"width":1024},"keywords":["flamme","kolner","riesige","sonntag","suden"]},{"@type":"NewsArticle","@id":"https:\/\/www.bachhausen.de\/altschulden-union-muss-ihre-blockade-ueberwinden\/","headline":"Altschulden: Union muss ihre Blockade \u00fcberwinden","url":"https:\/\/www.bachhausen.de\/altschulden-union-muss-ihre-blockade-ueberwinden\/","datePublished":"2024-08-23","dateModified":"2024-08-23","mainEntityOfPage":"https:\/\/www.bachhausen.de\/altschulden-union-muss-ihre-blockade-ueberwinden\/","author":{"@type":"Person","@id":"##Person","name":"SPD K\u00f6ln","url":"#","identifier":4,"image":{"@type":"ImageObject","@id":"https:\/\/secure.gravatar.com\/avatar\/9e275a42f0e2d615e7358ea63859947f3ea63517a2bcb7a2b26010d9ca858396?s=96&d=monsterid&r=g","url":"https:\/\/secure.gravatar.com\/avatar\/9e275a42f0e2d615e7358ea63859947f3ea63517a2bcb7a2b26010d9ca858396?s=96&d=monsterid&r=g","height":96,"width":96}},"publisher":{"@type":"Person","name":"Dirk Bachhausen","image":{"@type":"ImageObject","@id":"https:\/\/www.bachhausen.de\/wp-content\/uploads\/2019\/07\/dirk_profil-300x300.jpg","url":"https:\/\/www.bachhausen.de\/wp-content\/uploads\/2019\/07\/dirk_profil-300x300.jpg","width":600,"height":60}},"image":{"@type":"ImageObject","@id":"https:\/\/www.bachhausen.de\/wp-content\/uploads\/2023\/09\/Zeitungsleser.webp","url":"https:\/\/www.bachhausen.de\/wp-content\/uploads\/2023\/09\/Zeitungsleser.webp","height":534,"width":800},"keywords":["altschulden","blockade","uberwinden","union"]},{"@type":"NewsArticle","@id":"https:\/\/www.bachhausen.de\/kommentar-zum-wohnungsbau-in-koeln-first-things-first-und-machen-statt-reden\/","headline":"Kommentar zum Wohnungsbau in K\u00f6ln: First things first und machen statt reden","url":"https:\/\/www.bachhausen.de\/kommentar-zum-wohnungsbau-in-koeln-first-things-first-und-machen-statt-reden\/","datePublished":"2024-08-21","dateModified":"2024-08-21","mainEntityOfPage":"https:\/\/www.bachhausen.de\/kommentar-zum-wohnungsbau-in-koeln-first-things-first-und-machen-statt-reden\/","author":{"@type":"Person","@id":"##Person","name":"Report K","url":"#","identifier":20,"image":{"@type":"ImageObject","@id":"https:\/\/secure.gravatar.com\/avatar\/36af2c4c1f6de1245282e2f6d3e4483d8c1fb911663df347a69e69f7ff897aac?s=96&d=monsterid&r=g","url":"https:\/\/secure.gravatar.com\/avatar\/36af2c4c1f6de1245282e2f6d3e4483d8c1fb911663df347a69e69f7ff897aac?s=96&d=monsterid&r=g","height":96,"width":96}},"publisher":{"@type":"Person","name":"Dirk Bachhausen","image":{"@type":"ImageObject","@id":"https:\/\/www.bachhausen.de\/wp-content\/uploads\/2019\/07\/dirk_profil-300x300.jpg","url":"https:\/\/www.bachhausen.de\/wp-content\/uploads\/2019\/07\/dirk_profil-300x300.jpg","width":600,"height":60}},"image":{"@type":"ImageObject","@id":"https:\/\/www.bachhausen.de\/wp-content\/uploads\/2024\/08\/maurer_pix_12112023.jpg","url":"https:\/\/www.bachhausen.de\/wp-content\/uploads\/2024\/08\/maurer_pix_12112023.jpg","height":768,"width":1068},"keywords":["first","kommentar","machen","statt","things","wohnungsbau"]}]}