{"@context":"https:\/\/schema.org\/","@type":"CollectionPage","@id":"https:\/\/www.bachhausen.de\/Thema\/politik\/koeln\/#CollectionPage","headline":"K\u00f6ln Category","description":"","url":"https:\/\/www.bachhausen.de\/Thema\/politik\/koeln\/","hasPart":[{"@type":"NewsArticle","@id":"https:\/\/www.bachhausen.de\/blome-als-stadtdirektorin-fuer-weitere-2-jahre-mit-647-prozent-der-stimmen-wiedergewaehlt\/","headline":"Blome als Stadtdirektorin f\u00fcr weitere 2 Jahre mit 64,7 Prozent der Stimmen wiedergew\u00e4hlt","url":"https:\/\/www.bachhausen.de\/blome-als-stadtdirektorin-fuer-weitere-2-jahre-mit-647-prozent-der-stimmen-wiedergewaehlt\/","datePublished":"2024-08-21","dateModified":"2024-08-21","mainEntityOfPage":"https:\/\/www.bachhausen.de\/blome-als-stadtdirektorin-fuer-weitere-2-jahre-mit-647-prozent-der-stimmen-wiedergewaehlt\/","author":{"@type":"Person","@id":"##Person","name":"Report K","url":"#","identifier":20,"image":{"@type":"ImageObject","@id":"https:\/\/secure.gravatar.com\/avatar\/36af2c4c1f6de1245282e2f6d3e4483d8c1fb911663df347a69e69f7ff897aac?s=96&d=monsterid&r=g","url":"https:\/\/secure.gravatar.com\/avatar\/36af2c4c1f6de1245282e2f6d3e4483d8c1fb911663df347a69e69f7ff897aac?s=96&d=monsterid&r=g","height":96,"width":96}},"publisher":{"@type":"Person","name":"Dirk Bachhausen","image":{"@type":"ImageObject","@id":"https:\/\/www.bachhausen.de\/wp-content\/uploads\/2019\/07\/dirk_profil-300x300.jpg","url":"https:\/\/www.bachhausen.de\/wp-content\/uploads\/2019\/07\/dirk_profil-300x300.jpg","width":600,"height":60}},"image":{"@type":"ImageObject","@id":"https:\/\/www.bachhausen.de\/wp-content\/uploads\/2024\/08\/andrea_blome_09022022.jpg","url":"https:\/\/www.bachhausen.de\/wp-content\/uploads\/2024\/08\/andrea_blome_09022022.jpg","height":768,"width":1024},"keywords":["blome","jahre","prozent","stadtdirektorin","stimmen","weitere","wiedergewahlt"]},{"@type":"NewsArticle","@id":"https:\/\/www.bachhausen.de\/blindgaenger-aus-dem-zweiten-weltkrieg-in-rodenkirchen-gefunden\/","headline":"Blindg\u00e4nger aus dem Zweiten Weltkrieg in Rodenkirchen gefunden","url":"https:\/\/www.bachhausen.de\/blindgaenger-aus-dem-zweiten-weltkrieg-in-rodenkirchen-gefunden\/","datePublished":"2024-08-21","dateModified":"2024-08-21","mainEntityOfPage":"https:\/\/www.bachhausen.de\/blindgaenger-aus-dem-zweiten-weltkrieg-in-rodenkirchen-gefunden\/","author":{"@type":"Person","@id":"##Person","name":"Report K","url":"#","identifier":20,"image":{"@type":"ImageObject","@id":"https:\/\/secure.gravatar.com\/avatar\/36af2c4c1f6de1245282e2f6d3e4483d8c1fb911663df347a69e69f7ff897aac?s=96&d=monsterid&r=g","url":"https:\/\/secure.gravatar.com\/avatar\/36af2c4c1f6de1245282e2f6d3e4483d8c1fb911663df347a69e69f7ff897aac?s=96&d=monsterid&r=g","height":96,"width":96}},"publisher":{"@type":"Person","name":"Dirk Bachhausen","image":{"@type":"ImageObject","@id":"https:\/\/www.bachhausen.de\/wp-content\/uploads\/2019\/07\/dirk_profil-300x300.jpg","url":"https:\/\/www.bachhausen.de\/wp-content\/uploads\/2019\/07\/dirk_profil-300x300.jpg","width":600,"height":60}},"image":{"@type":"ImageObject","@id":"https:\/\/www.bachhausen.de\/wp-content\/uploads\/2024\/08\/bombe_rodenkirchen_2108204.jpg","url":"https:\/\/www.bachhausen.de\/wp-content\/uploads\/2024\/08\/bombe_rodenkirchen_2108204.jpg","height":768,"width":1024},"keywords":["blindganger","gefunden","rodenkirchen","weltkrieg","zweiten"]},{"@type":"NewsArticle","@id":"https:\/\/www.bachhausen.de\/heute-ratssitzung-mit-wichtiger-personalie-und-protest-gegen-dumont-angekuendigt\/","headline":"Heute Ratssitzung mit wichtiger Personalie und Protest gegen DuMont angek\u00fcndigt","url":"https:\/\/www.bachhausen.de\/heute-ratssitzung-mit-wichtiger-personalie-und-protest-gegen-dumont-angekuendigt\/","datePublished":"2024-08-21","dateModified":"2024-08-21","mainEntityOfPage":"https:\/\/www.bachhausen.de\/heute-ratssitzung-mit-wichtiger-personalie-und-protest-gegen-dumont-angekuendigt\/","author":{"@type":"Person","@id":"##Person","name":"Report K","url":"#","identifier":20,"image":{"@type":"ImageObject","@id":"https:\/\/secure.gravatar.com\/avatar\/36af2c4c1f6de1245282e2f6d3e4483d8c1fb911663df347a69e69f7ff897aac?s=96&d=monsterid&r=g","url":"https:\/\/secure.gravatar.com\/avatar\/36af2c4c1f6de1245282e2f6d3e4483d8c1fb911663df347a69e69f7ff897aac?s=96&d=monsterid&r=g","height":96,"width":96}},"publisher":{"@type":"Person","name":"Dirk Bachhausen","image":{"@type":"ImageObject","@id":"https:\/\/www.bachhausen.de\/wp-content\/uploads\/2019\/07\/dirk_profil-300x300.jpg","url":"https:\/\/www.bachhausen.de\/wp-content\/uploads\/2019\/07\/dirk_profil-300x300.jpg","width":600,"height":60}},"image":{"@type":"ImageObject","@id":"https:\/\/www.bachhausen.de\/wp-content\/uploads\/2023\/03\/rat_22032023w.jpg","url":"https:\/\/www.bachhausen.de\/wp-content\/uploads\/2023\/03\/rat_22032023w.jpg","height":0,"width":0},"keywords":["dumont","gegen","heute","personalie","protest","ratssitzung","wichtiger"]},{"@type":"NewsArticle","@id":"https:\/\/www.bachhausen.de\/buergergruppen-und-initiativen-kritisieren-1-fc-koeln-und-veroeffentlichen-ihre-positionen\/","headline":"B\u00fcrgergruppen und Initiativen kritisieren 1. FC K\u00f6ln und ver\u00f6ffentlichen ihre Positionen","url":"https:\/\/www.bachhausen.de\/buergergruppen-und-initiativen-kritisieren-1-fc-koeln-und-veroeffentlichen-ihre-positionen\/","datePublished":"2024-08-21","dateModified":"2024-08-21","mainEntityOfPage":"https:\/\/www.bachhausen.de\/buergergruppen-und-initiativen-kritisieren-1-fc-koeln-und-veroeffentlichen-ihre-positionen\/","author":{"@type":"Person","@id":"##Person","name":"Report K","url":"#","identifier":20,"image":{"@type":"ImageObject","@id":"https:\/\/secure.gravatar.com\/avatar\/36af2c4c1f6de1245282e2f6d3e4483d8c1fb911663df347a69e69f7ff897aac?s=96&d=monsterid&r=g","url":"https:\/\/secure.gravatar.com\/avatar\/36af2c4c1f6de1245282e2f6d3e4483d8c1fb911663df347a69e69f7ff897aac?s=96&d=monsterid&r=g","height":96,"width":96}},"publisher":{"@type":"Person","name":"Dirk Bachhausen","image":{"@type":"ImageObject","@id":"https:\/\/www.bachhausen.de\/wp-content\/uploads\/2019\/07\/dirk_profil-300x300.jpg","url":"https:\/\/www.bachhausen.de\/wp-content\/uploads\/2019\/07\/dirk_profil-300x300.jpg","width":600,"height":60}},"image":{"@type":"ImageObject","@id":"https:\/\/www.bachhausen.de\/wp-content\/uploads\/2024\/04\/gleueler_wiese_030420224.jpg","url":"https:\/\/www.bachhausen.de\/wp-content\/uploads\/2024\/04\/gleueler_wiese_030420224.jpg","height":0,"width":0},"keywords":["burgergruppen","initiativen","kritisieren","positionen","veroffentlichen"]},{"@type":"NewsArticle","@id":"https:\/\/www.bachhausen.de\/pestel-institut-fordert-jaehrlichen-neubau-von-7-040-wohnungen-in-koeln\/","headline":"Pestel-Institut fordert j\u00e4hrlichen Neubau von 7.040 Wohnungen in K\u00f6ln","url":"https:\/\/www.bachhausen.de\/pestel-institut-fordert-jaehrlichen-neubau-von-7-040-wohnungen-in-koeln\/","datePublished":"2024-08-21","dateModified":"2024-08-21","mainEntityOfPage":"https:\/\/www.bachhausen.de\/pestel-institut-fordert-jaehrlichen-neubau-von-7-040-wohnungen-in-koeln\/","author":{"@type":"Person","@id":"##Person","name":"Report K","url":"#","identifier":20,"image":{"@type":"ImageObject","@id":"https:\/\/secure.gravatar.com\/avatar\/36af2c4c1f6de1245282e2f6d3e4483d8c1fb911663df347a69e69f7ff897aac?s=96&d=monsterid&r=g","url":"https:\/\/secure.gravatar.com\/avatar\/36af2c4c1f6de1245282e2f6d3e4483d8c1fb911663df347a69e69f7ff897aac?s=96&d=monsterid&r=g","height":96,"width":96}},"publisher":{"@type":"Person","name":"Dirk Bachhausen","image":{"@type":"ImageObject","@id":"https:\/\/www.bachhausen.de\/wp-content\/uploads\/2019\/07\/dirk_profil-300x300.jpg","url":"https:\/\/www.bachhausen.de\/wp-content\/uploads\/2019\/07\/dirk_profil-300x300.jpg","width":600,"height":60}},"image":{"@type":"ImageObject","@id":"https:\/\/www.bachhausen.de\/wp-content\/uploads\/2022\/03\/baustelle_pixa_15032022.jpg","url":"https:\/\/www.bachhausen.de\/wp-content\/uploads\/2022\/03\/baustelle_pixa_15032022.jpg","height":0,"width":0},"keywords":["fordert","institut","jahrlichen","neubau","pestel","wohnungen"]},{"@type":"NewsArticle","@id":"https:\/\/www.bachhausen.de\/mittelalterliche-koelner-zollpforte-wird-saniert\/","headline":"Mittelalterliche K\u00f6lner Zollpforte wird saniert","url":"https:\/\/www.bachhausen.de\/mittelalterliche-koelner-zollpforte-wird-saniert\/","datePublished":"2024-08-21","dateModified":"2024-08-21","mainEntityOfPage":"https:\/\/www.bachhausen.de\/mittelalterliche-koelner-zollpforte-wird-saniert\/","author":{"@type":"Person","@id":"##Person","name":"Report K","url":"#","identifier":20,"image":{"@type":"ImageObject","@id":"https:\/\/secure.gravatar.com\/avatar\/36af2c4c1f6de1245282e2f6d3e4483d8c1fb911663df347a69e69f7ff897aac?s=96&d=monsterid&r=g","url":"https:\/\/secure.gravatar.com\/avatar\/36af2c4c1f6de1245282e2f6d3e4483d8c1fb911663df347a69e69f7ff897aac?s=96&d=monsterid&r=g","height":96,"width":96}},"publisher":{"@type":"Person","name":"Dirk Bachhausen","image":{"@type":"ImageObject","@id":"https:\/\/www.bachhausen.de\/wp-content\/uploads\/2019\/07\/dirk_profil-300x300.jpg","url":"https:\/\/www.bachhausen.de\/wp-content\/uploads\/2019\/07\/dirk_profil-300x300.jpg","width":600,"height":60}},"image":{"@type":"ImageObject","@id":"https:\/\/www.bachhausen.de\/wp-content\/uploads\/2024\/08\/zollpforte-PR_bild_21082024.jpg","url":"https:\/\/www.bachhausen.de\/wp-content\/uploads\/2024\/08\/zollpforte-PR_bild_21082024.jpg","height":0,"width":0},"keywords":["kolner","mittelalterliche","saniert","zollpforte"]},{"@type":"NewsArticle","@id":"https:\/\/www.bachhausen.de\/heinrich-mann-gymnasium-startet-holprig-ins-neue-schuljahr\/","headline":"Heinrich-Mann Gymnasium startet holprig ins neue Schuljahr","url":"https:\/\/www.bachhausen.de\/heinrich-mann-gymnasium-startet-holprig-ins-neue-schuljahr\/","datePublished":"2024-08-21","dateModified":"2024-08-21","mainEntityOfPage":"https:\/\/www.bachhausen.de\/heinrich-mann-gymnasium-startet-holprig-ins-neue-schuljahr\/","author":{"@type":"Person","@id":"##Person","name":"Report K","url":"#","identifier":20,"image":{"@type":"ImageObject","@id":"https:\/\/secure.gravatar.com\/avatar\/36af2c4c1f6de1245282e2f6d3e4483d8c1fb911663df347a69e69f7ff897aac?s=96&d=monsterid&r=g","url":"https:\/\/secure.gravatar.com\/avatar\/36af2c4c1f6de1245282e2f6d3e4483d8c1fb911663df347a69e69f7ff897aac?s=96&d=monsterid&r=g","height":96,"width":96}},"publisher":{"@type":"Person","name":"Dirk Bachhausen","image":{"@type":"ImageObject","@id":"https:\/\/www.bachhausen.de\/wp-content\/uploads\/2019\/07\/dirk_profil-300x300.jpg","url":"https:\/\/www.bachhausen.de\/wp-content\/uploads\/2019\/07\/dirk_profil-300x300.jpg","width":600,"height":60}},"image":{"@type":"ImageObject","@id":"https:\/\/www.bachhausen.de\/wp-content\/uploads\/2022\/08\/mac_pix_15082022.jpg","url":"https:\/\/www.bachhausen.de\/wp-content\/uploads\/2022\/08\/mac_pix_15082022.jpg","height":0,"width":0},"keywords":["gymnasium","heinrich","holprig","schuljahr","startet"]},{"@type":"NewsArticle","@id":"https:\/\/www.bachhausen.de\/die-europawahl-2024-in-koeln-die-stadt-analysiert-repraesentative-auswahl\/","headline":"Die Europawahl 2024 in K\u00f6ln \u2013 die Stadt analysiert repr\u00e4sentative Auswahl","url":"https:\/\/www.bachhausen.de\/die-europawahl-2024-in-koeln-die-stadt-analysiert-repraesentative-auswahl\/","datePublished":"2024-08-19","dateModified":"2024-08-19","mainEntityOfPage":"https:\/\/www.bachhausen.de\/die-europawahl-2024-in-koeln-die-stadt-analysiert-repraesentative-auswahl\/","author":{"@type":"Person","@id":"##Person","name":"Report K","url":"#","identifier":20,"image":{"@type":"ImageObject","@id":"https:\/\/secure.gravatar.com\/avatar\/36af2c4c1f6de1245282e2f6d3e4483d8c1fb911663df347a69e69f7ff897aac?s=96&d=monsterid&r=g","url":"https:\/\/secure.gravatar.com\/avatar\/36af2c4c1f6de1245282e2f6d3e4483d8c1fb911663df347a69e69f7ff897aac?s=96&d=monsterid&r=g","height":96,"width":96}},"publisher":{"@type":"Person","name":"Dirk Bachhausen","image":{"@type":"ImageObject","@id":"https:\/\/www.bachhausen.de\/wp-content\/uploads\/2019\/07\/dirk_profil-300x300.jpg","url":"https:\/\/www.bachhausen.de\/wp-content\/uploads\/2019\/07\/dirk_profil-300x300.jpg","width":600,"height":60}},"image":{"@type":"ImageObject","@id":"https:\/\/www.bachhausen.de\/wp-content\/uploads\/2024\/08\/europawahl_19082024.png","url":"https:\/\/www.bachhausen.de\/wp-content\/uploads\/2024\/08\/europawahl_19082024.png","height":768,"width":1024},"keywords":["analysiert","auswahl","europawahl","reprasentative","stadt"]},{"@type":"NewsArticle","@id":"https:\/\/www.bachhausen.de\/erste-ratssitzung-nach-der-sommerpause-mit-wichtiger-personalie\/","headline":"Erste Ratssitzung nach der Sommerpause mit wichtiger Personalie","url":"https:\/\/www.bachhausen.de\/erste-ratssitzung-nach-der-sommerpause-mit-wichtiger-personalie\/","datePublished":"2024-08-19","dateModified":"2024-08-19","mainEntityOfPage":"https:\/\/www.bachhausen.de\/erste-ratssitzung-nach-der-sommerpause-mit-wichtiger-personalie\/","author":{"@type":"Person","@id":"##Person","name":"Report K","url":"#","identifier":20,"image":{"@type":"ImageObject","@id":"https:\/\/secure.gravatar.com\/avatar\/36af2c4c1f6de1245282e2f6d3e4483d8c1fb911663df347a69e69f7ff897aac?s=96&d=monsterid&r=g","url":"https:\/\/secure.gravatar.com\/avatar\/36af2c4c1f6de1245282e2f6d3e4483d8c1fb911663df347a69e69f7ff897aac?s=96&d=monsterid&r=g","height":96,"width":96}},"publisher":{"@type":"Person","name":"Dirk Bachhausen","image":{"@type":"ImageObject","@id":"https:\/\/www.bachhausen.de\/wp-content\/uploads\/2019\/07\/dirk_profil-300x300.jpg","url":"https:\/\/www.bachhausen.de\/wp-content\/uploads\/2019\/07\/dirk_profil-300x300.jpg","width":600,"height":60}},"image":{"@type":"ImageObject","@id":"https:\/\/www.bachhausen.de\/wp-content\/uploads\/2021\/12\/blome_03122021.jpg","url":"https:\/\/www.bachhausen.de\/wp-content\/uploads\/2021\/12\/blome_03122021.jpg","height":0,"width":0},"keywords":["erste","personalie","ratssitzung","sommerpause","wichtiger"]},{"@type":"NewsArticle","@id":"https:\/\/www.bachhausen.de\/nrw-tag-in-koeln-ueber-100-organisationen-praesentieren-sich\/","headline":"NRW-Tag in K\u00f6ln: \u00dcber 100 Organisationen pr\u00e4sentieren sich","url":"https:\/\/www.bachhausen.de\/nrw-tag-in-koeln-ueber-100-organisationen-praesentieren-sich\/","datePublished":"2024-08-17","dateModified":"2024-08-17","mainEntityOfPage":"https:\/\/www.bachhausen.de\/nrw-tag-in-koeln-ueber-100-organisationen-praesentieren-sich\/","author":{"@type":"Person","@id":"##Person","name":"Report K","url":"#","identifier":20,"image":{"@type":"ImageObject","@id":"https:\/\/secure.gravatar.com\/avatar\/36af2c4c1f6de1245282e2f6d3e4483d8c1fb911663df347a69e69f7ff897aac?s=96&d=monsterid&r=g","url":"https:\/\/secure.gravatar.com\/avatar\/36af2c4c1f6de1245282e2f6d3e4483d8c1fb911663df347a69e69f7ff897aac?s=96&d=monsterid&r=g","height":96,"width":96}},"publisher":{"@type":"Person","name":"Dirk Bachhausen","image":{"@type":"ImageObject","@id":"https:\/\/www.bachhausen.de\/wp-content\/uploads\/2019\/07\/dirk_profil-300x300.jpg","url":"https:\/\/www.bachhausen.de\/wp-content\/uploads\/2019\/07\/dirk_profil-300x300.jpg","width":600,"height":60}},"image":{"@type":"ImageObject","@id":"https:\/\/www.bachhausen.de\/wp-content\/uploads\/2024\/08\/478371808.jpg","url":"https:\/\/www.bachhausen.de\/wp-content\/uploads\/2024\/08\/478371808.jpg","height":768,"width":1064},"keywords":["organisationen","prasentieren"]}]}