{"@context":"https:\/\/schema.org\/","@type":"CollectionPage","@id":"https:\/\/www.bachhausen.de\/Thema\/politik\/koeln\/#CollectionPage","headline":"K\u00f6ln Category","description":"","url":"https:\/\/www.bachhausen.de\/Thema\/politik\/koeln\/","hasPart":[{"@type":"NewsArticle","@id":"https:\/\/www.bachhausen.de\/koelnspd-unterstuetzt-rolf-muetzenich-uneingeschraenkt\/","headline":"K\u00f6lnSPD unterst\u00fctzt Rolf M\u00fctzenich uneingeschr\u00e4nkt","url":"https:\/\/www.bachhausen.de\/koelnspd-unterstuetzt-rolf-muetzenich-uneingeschraenkt\/","datePublished":"2024-08-17","dateModified":"2024-08-17","mainEntityOfPage":"https:\/\/www.bachhausen.de\/koelnspd-unterstuetzt-rolf-muetzenich-uneingeschraenkt\/","author":{"@type":"Person","@id":"##Person","name":"SPD K\u00f6ln","url":"#","identifier":4,"image":{"@type":"ImageObject","@id":"https:\/\/secure.gravatar.com\/avatar\/9e275a42f0e2d615e7358ea63859947f3ea63517a2bcb7a2b26010d9ca858396?s=96&d=monsterid&r=g","url":"https:\/\/secure.gravatar.com\/avatar\/9e275a42f0e2d615e7358ea63859947f3ea63517a2bcb7a2b26010d9ca858396?s=96&d=monsterid&r=g","height":96,"width":96}},"publisher":{"@type":"Person","name":"Dirk Bachhausen","image":{"@type":"ImageObject","@id":"https:\/\/www.bachhausen.de\/wp-content\/uploads\/2019\/07\/dirk_profil-300x300.jpg","url":"https:\/\/www.bachhausen.de\/wp-content\/uploads\/2019\/07\/dirk_profil-300x300.jpg","width":600,"height":60}},"image":{"@type":"ImageObject","@id":"https:\/\/www.bachhausen.de\/wp-content\/uploads\/2023\/09\/Zeitungsleser.webp","url":"https:\/\/www.bachhausen.de\/wp-content\/uploads\/2023\/09\/Zeitungsleser.webp","height":534,"width":800},"keywords":["kolnspd","mutzenich","uneingeschrankt","unterstutzt"]},{"@type":"NewsArticle","@id":"https:\/\/www.bachhausen.de\/luftwaffenkaserne-koeln-wahn-trinkwasser-nicht-verunreinigt\/","headline":"Luftwaffenkaserne K\u00f6ln-Wahn: Trinkwasser nicht verunreinigt","url":"https:\/\/www.bachhausen.de\/luftwaffenkaserne-koeln-wahn-trinkwasser-nicht-verunreinigt\/","datePublished":"2024-08-17","dateModified":"2024-08-17","mainEntityOfPage":"https:\/\/www.bachhausen.de\/luftwaffenkaserne-koeln-wahn-trinkwasser-nicht-verunreinigt\/","author":{"@type":"Person","@id":"##Person","name":"Report K","url":"#","identifier":20,"image":{"@type":"ImageObject","@id":"https:\/\/secure.gravatar.com\/avatar\/36af2c4c1f6de1245282e2f6d3e4483d8c1fb911663df347a69e69f7ff897aac?s=96&d=monsterid&r=g","url":"https:\/\/secure.gravatar.com\/avatar\/36af2c4c1f6de1245282e2f6d3e4483d8c1fb911663df347a69e69f7ff897aac?s=96&d=monsterid&r=g","height":96,"width":96}},"publisher":{"@type":"Person","name":"Dirk Bachhausen","image":{"@type":"ImageObject","@id":"https:\/\/www.bachhausen.de\/wp-content\/uploads\/2019\/07\/dirk_profil-300x300.jpg","url":"https:\/\/www.bachhausen.de\/wp-content\/uploads\/2019\/07\/dirk_profil-300x300.jpg","width":600,"height":60}},"image":{"@type":"ImageObject","@id":"https:\/\/www.bachhausen.de\/wp-content\/uploads\/2024\/08\/dts_photo39329.jpg","url":"https:\/\/www.bachhausen.de\/wp-content\/uploads\/2024\/08\/dts_photo39329.jpg","height":768,"width":1064},"keywords":["luftwaffenkaserne","nicht","trinkwasser","verunreinigt"]},{"@type":"NewsArticle","@id":"https:\/\/www.bachhausen.de\/zwei-tage-lang-ist-nrw-zu-gast-im-koelner-rheinauhafen\/","headline":"Zwei Tage lang ist NRW zu Gast im K\u00f6lner Rheinauhafen","url":"https:\/\/www.bachhausen.de\/zwei-tage-lang-ist-nrw-zu-gast-im-koelner-rheinauhafen\/","datePublished":"2024-08-17","dateModified":"2024-08-17","mainEntityOfPage":"https:\/\/www.bachhausen.de\/zwei-tage-lang-ist-nrw-zu-gast-im-koelner-rheinauhafen\/","author":{"@type":"Person","@id":"##Person","name":"Report K","url":"#","identifier":20,"image":{"@type":"ImageObject","@id":"https:\/\/secure.gravatar.com\/avatar\/36af2c4c1f6de1245282e2f6d3e4483d8c1fb911663df347a69e69f7ff897aac?s=96&d=monsterid&r=g","url":"https:\/\/secure.gravatar.com\/avatar\/36af2c4c1f6de1245282e2f6d3e4483d8c1fb911663df347a69e69f7ff897aac?s=96&d=monsterid&r=g","height":96,"width":96}},"publisher":{"@type":"Person","name":"Dirk Bachhausen","image":{"@type":"ImageObject","@id":"https:\/\/www.bachhausen.de\/wp-content\/uploads\/2019\/07\/dirk_profil-300x300.jpg","url":"https:\/\/www.bachhausen.de\/wp-content\/uploads\/2019\/07\/dirk_profil-300x300.jpg","width":600,"height":60}},"image":{"@type":"ImageObject","@id":"https:\/\/www.bachhausen.de\/wp-content\/uploads\/2024\/08\/rheinauhafen_pix_16082024.jpg","url":"https:\/\/www.bachhausen.de\/wp-content\/uploads\/2024\/08\/rheinauhafen_pix_16082024.jpg","height":768,"width":1064},"keywords":["kolner","rheinauhafen"]},{"@type":"NewsArticle","@id":"https:\/\/www.bachhausen.de\/bundeswehr-werbung-im-koelner-freibad-friedensaktivistinnen-demonstrieren\/","headline":"Bundeswehr-Werbung im K\u00f6lner Freibad: Friedensaktivist:innen demonstrieren","url":"https:\/\/www.bachhausen.de\/bundeswehr-werbung-im-koelner-freibad-friedensaktivistinnen-demonstrieren\/","datePublished":"2024-08-16","dateModified":"2024-08-16","mainEntityOfPage":"https:\/\/www.bachhausen.de\/bundeswehr-werbung-im-koelner-freibad-friedensaktivistinnen-demonstrieren\/","author":{"@type":"Person","@id":"##Person","name":"Report K","url":"#","identifier":20,"image":{"@type":"ImageObject","@id":"https:\/\/secure.gravatar.com\/avatar\/36af2c4c1f6de1245282e2f6d3e4483d8c1fb911663df347a69e69f7ff897aac?s=96&d=monsterid&r=g","url":"https:\/\/secure.gravatar.com\/avatar\/36af2c4c1f6de1245282e2f6d3e4483d8c1fb911663df347a69e69f7ff897aac?s=96&d=monsterid&r=g","height":96,"width":96}},"publisher":{"@type":"Person","name":"Dirk Bachhausen","image":{"@type":"ImageObject","@id":"https:\/\/www.bachhausen.de\/wp-content\/uploads\/2019\/07\/dirk_profil-300x300.jpg","url":"https:\/\/www.bachhausen.de\/wp-content\/uploads\/2019\/07\/dirk_profil-300x300.jpg","width":600,"height":60}},"image":{"@type":"ImageObject","@id":"https:\/\/www.bachhausen.de\/wp-content\/uploads\/2024\/08\/karrieresprung_koelnbaeder_16082024.jpg","url":"https:\/\/www.bachhausen.de\/wp-content\/uploads\/2024\/08\/karrieresprung_koelnbaeder_16082024.jpg","height":0,"width":0},"keywords":["bundeswehr","demonstrieren","freibad","friedensaktivist","innen","kolner","werbung"]},{"@type":"NewsArticle","@id":"https:\/\/www.bachhausen.de\/kfz-zulassung-in-koeln-aktuell-nur-analog-moeglich-online-dienst-gesperrt\/","headline":"Kfz-Zulassung in K\u00f6ln aktuell nur analog m\u00f6glich \u2013 Online-Dienst gesperrt","url":"https:\/\/www.bachhausen.de\/kfz-zulassung-in-koeln-aktuell-nur-analog-moeglich-online-dienst-gesperrt\/","datePublished":"2024-08-16","dateModified":"2024-08-16","mainEntityOfPage":"https:\/\/www.bachhausen.de\/kfz-zulassung-in-koeln-aktuell-nur-analog-moeglich-online-dienst-gesperrt\/","author":{"@type":"Person","@id":"##Person","name":"Report K","url":"#","identifier":20,"image":{"@type":"ImageObject","@id":"https:\/\/secure.gravatar.com\/avatar\/36af2c4c1f6de1245282e2f6d3e4483d8c1fb911663df347a69e69f7ff897aac?s=96&d=monsterid&r=g","url":"https:\/\/secure.gravatar.com\/avatar\/36af2c4c1f6de1245282e2f6d3e4483d8c1fb911663df347a69e69f7ff897aac?s=96&d=monsterid&r=g","height":96,"width":96}},"publisher":{"@type":"Person","name":"Dirk Bachhausen","image":{"@type":"ImageObject","@id":"https:\/\/www.bachhausen.de\/wp-content\/uploads\/2019\/07\/dirk_profil-300x300.jpg","url":"https:\/\/www.bachhausen.de\/wp-content\/uploads\/2019\/07\/dirk_profil-300x300.jpg","width":600,"height":60}},"image":{"@type":"ImageObject","@id":"https:\/\/www.bachhausen.de\/wp-content\/uploads\/2024\/08\/kfz_zulassung_koeln_16082024.jpg","url":"https:\/\/www.bachhausen.de\/wp-content\/uploads\/2024\/08\/kfz_zulassung_koeln_16082024.jpg","height":0,"width":0},"keywords":["aktuell","analog","dienst","gesperrt","moglich","online","zulassung"]},{"@type":"NewsArticle","@id":"https:\/\/www.bachhausen.de\/bundeswehr-aeussert-sich-zu-den-vorfaellen-in-der-luftwaffenkaserne-koeln-wahn\/","headline":"Bundeswehr \u00e4u\u00dfert sich zu den Vorf\u00e4llen in der Luftwaffenkaserne K\u00f6ln-Wahn","url":"https:\/\/www.bachhausen.de\/bundeswehr-aeussert-sich-zu-den-vorfaellen-in-der-luftwaffenkaserne-koeln-wahn\/","datePublished":"2024-08-16","dateModified":"2024-08-16","mainEntityOfPage":"https:\/\/www.bachhausen.de\/bundeswehr-aeussert-sich-zu-den-vorfaellen-in-der-luftwaffenkaserne-koeln-wahn\/","author":{"@type":"Person","@id":"##Person","name":"Report K","url":"#","identifier":20,"image":{"@type":"ImageObject","@id":"https:\/\/secure.gravatar.com\/avatar\/36af2c4c1f6de1245282e2f6d3e4483d8c1fb911663df347a69e69f7ff897aac?s=96&d=monsterid&r=g","url":"https:\/\/secure.gravatar.com\/avatar\/36af2c4c1f6de1245282e2f6d3e4483d8c1fb911663df347a69e69f7ff897aac?s=96&d=monsterid&r=g","height":96,"width":96}},"publisher":{"@type":"Person","name":"Dirk Bachhausen","image":{"@type":"ImageObject","@id":"https:\/\/www.bachhausen.de\/wp-content\/uploads\/2019\/07\/dirk_profil-300x300.jpg","url":"https:\/\/www.bachhausen.de\/wp-content\/uploads\/2019\/07\/dirk_profil-300x300.jpg","width":600,"height":60}},"image":{"@type":"ImageObject","@id":"https:\/\/www.bachhausen.de\/wp-content\/uploads\/2024\/08\/dts_photo39329.jpg","url":"https:\/\/www.bachhausen.de\/wp-content\/uploads\/2024\/08\/dts_photo39329.jpg","height":0,"width":0},"keywords":["bundeswehr","luftwaffenkaserne","vorfallen"]},{"@type":"NewsArticle","@id":"https:\/\/www.bachhausen.de\/lena-teschlade-sommertour-im-wahlkreis-und-den-braunkohlerevieren\/","headline":"Lena Teschlade: Sommertour im Wahlkreis und den Braunkohlerevieren","url":"https:\/\/www.bachhausen.de\/lena-teschlade-sommertour-im-wahlkreis-und-den-braunkohlerevieren\/","datePublished":"2024-08-16","dateModified":"2024-08-16","mainEntityOfPage":"https:\/\/www.bachhausen.de\/lena-teschlade-sommertour-im-wahlkreis-und-den-braunkohlerevieren\/","author":{"@type":"Person","@id":"##Person","name":"SPD K\u00f6ln","url":"#","identifier":4,"image":{"@type":"ImageObject","@id":"https:\/\/secure.gravatar.com\/avatar\/9e275a42f0e2d615e7358ea63859947f3ea63517a2bcb7a2b26010d9ca858396?s=96&d=monsterid&r=g","url":"https:\/\/secure.gravatar.com\/avatar\/9e275a42f0e2d615e7358ea63859947f3ea63517a2bcb7a2b26010d9ca858396?s=96&d=monsterid&r=g","height":96,"width":96}},"publisher":{"@type":"Person","name":"Dirk Bachhausen","image":{"@type":"ImageObject","@id":"https:\/\/www.bachhausen.de\/wp-content\/uploads\/2019\/07\/dirk_profil-300x300.jpg","url":"https:\/\/www.bachhausen.de\/wp-content\/uploads\/2019\/07\/dirk_profil-300x300.jpg","width":600,"height":60}},"image":{"@type":"ImageObject","@id":"https:\/\/www.bachhausen.de\/wp-content\/uploads\/2023\/09\/Zeitungsleser.webp","url":"https:\/\/www.bachhausen.de\/wp-content\/uploads\/2023\/09\/Zeitungsleser.webp","height":534,"width":800},"keywords":["braunkohlerevieren","sommertour","teschlade","wahlkreis"]},{"@type":"NewsArticle","@id":"https:\/\/www.bachhausen.de\/buergerbeteiligung-gestaltet-den-neuen-bewegungsparcours-in-chorweiler-mit\/","headline":"B\u00fcrgerbeteiligung: Gestaltet den neuen Bewegungsparcours in Chorweiler mit!","url":"https:\/\/www.bachhausen.de\/buergerbeteiligung-gestaltet-den-neuen-bewegungsparcours-in-chorweiler-mit\/","datePublished":"2024-08-15","dateModified":"2024-08-15","mainEntityOfPage":"https:\/\/www.bachhausen.de\/buergerbeteiligung-gestaltet-den-neuen-bewegungsparcours-in-chorweiler-mit\/","author":{"@type":"Person","@id":"##Person","name":"SPD K\u00f6ln","url":"#","identifier":4,"image":{"@type":"ImageObject","@id":"https:\/\/secure.gravatar.com\/avatar\/9e275a42f0e2d615e7358ea63859947f3ea63517a2bcb7a2b26010d9ca858396?s=96&d=monsterid&r=g","url":"https:\/\/secure.gravatar.com\/avatar\/9e275a42f0e2d615e7358ea63859947f3ea63517a2bcb7a2b26010d9ca858396?s=96&d=monsterid&r=g","height":96,"width":96}},"publisher":{"@type":"Person","name":"Dirk Bachhausen","image":{"@type":"ImageObject","@id":"https:\/\/www.bachhausen.de\/wp-content\/uploads\/2019\/07\/dirk_profil-300x300.jpg","url":"https:\/\/www.bachhausen.de\/wp-content\/uploads\/2019\/07\/dirk_profil-300x300.jpg","width":600,"height":60}},"image":{"@type":"ImageObject","@id":"https:\/\/www.bachhausen.de\/wp-content\/uploads\/2023\/09\/Zeitungsleser.webp","url":"https:\/\/www.bachhausen.de\/wp-content\/uploads\/2023\/09\/Zeitungsleser.webp","height":534,"width":800},"keywords":["bewegungsparcours","burgerbeteiligung","chorweiler","gestaltet","neuen"]},{"@type":"NewsArticle","@id":"https:\/\/www.bachhausen.de\/letzte-generation-dringt-in-mehrere-flughaefen-ein\/","headline":"\u201eLetzte Generation\u201c dringt in mehrere Flugh\u00e4fen ein","url":"https:\/\/www.bachhausen.de\/letzte-generation-dringt-in-mehrere-flughaefen-ein\/","datePublished":"2024-08-15","dateModified":"2024-08-15","mainEntityOfPage":"https:\/\/www.bachhausen.de\/letzte-generation-dringt-in-mehrere-flughaefen-ein\/","author":{"@type":"Person","@id":"##Person","name":"Report K","url":"#","identifier":20,"image":{"@type":"ImageObject","@id":"https:\/\/secure.gravatar.com\/avatar\/36af2c4c1f6de1245282e2f6d3e4483d8c1fb911663df347a69e69f7ff897aac?s=96&d=monsterid&r=g","url":"https:\/\/secure.gravatar.com\/avatar\/36af2c4c1f6de1245282e2f6d3e4483d8c1fb911663df347a69e69f7ff897aac?s=96&d=monsterid&r=g","height":96,"width":96}},"publisher":{"@type":"Person","name":"Dirk Bachhausen","image":{"@type":"ImageObject","@id":"https:\/\/www.bachhausen.de\/wp-content\/uploads\/2019\/07\/dirk_profil-300x300.jpg","url":"https:\/\/www.bachhausen.de\/wp-content\/uploads\/2019\/07\/dirk_profil-300x300.jpg","width":600,"height":60}},"image":{"@type":"ImageObject","@id":"https:\/\/www.bachhausen.de\/wp-content\/uploads\/2024\/08\/dts_photo22293.jpg","url":"https:\/\/www.bachhausen.de\/wp-content\/uploads\/2024\/08\/dts_photo22293.jpg","height":0,"width":0},"keywords":["dringt","flughafen","generation","letzte","mehrere"]},{"@type":"NewsArticle","@id":"https:\/\/www.bachhausen.de\/otto-langen-quartier-architekten-schreiben-einen-offenen-brief-an-ob-reker-und-den-stadtrat\/","headline":"Otto-Langen-Quartier: Architekten schreiben einen offenen Brief an OB Reker und den Stadtrat","url":"https:\/\/www.bachhausen.de\/otto-langen-quartier-architekten-schreiben-einen-offenen-brief-an-ob-reker-und-den-stadtrat\/","datePublished":"2024-08-14","dateModified":"2024-08-14","mainEntityOfPage":"https:\/\/www.bachhausen.de\/otto-langen-quartier-architekten-schreiben-einen-offenen-brief-an-ob-reker-und-den-stadtrat\/","author":{"@type":"Person","@id":"##Person","name":"Report K","url":"#","identifier":20,"image":{"@type":"ImageObject","@id":"https:\/\/secure.gravatar.com\/avatar\/36af2c4c1f6de1245282e2f6d3e4483d8c1fb911663df347a69e69f7ff897aac?s=96&d=monsterid&r=g","url":"https:\/\/secure.gravatar.com\/avatar\/36af2c4c1f6de1245282e2f6d3e4483d8c1fb911663df347a69e69f7ff897aac?s=96&d=monsterid&r=g","height":96,"width":96}},"publisher":{"@type":"Person","name":"Dirk Bachhausen","image":{"@type":"ImageObject","@id":"https:\/\/www.bachhausen.de\/wp-content\/uploads\/2019\/07\/dirk_profil-300x300.jpg","url":"https:\/\/www.bachhausen.de\/wp-content\/uploads\/2019\/07\/dirk_profil-300x300.jpg","width":600,"height":60}},"image":{"@type":"ImageObject","@id":"https:\/\/www.bachhausen.de\/wp-content\/uploads\/2024\/08\/olq_23062022.jpg","url":"https:\/\/www.bachhausen.de\/wp-content\/uploads\/2024\/08\/olq_23062022.jpg","height":768,"width":1064},"keywords":["architekten","brief","einen","langen","offenen","quartier","schreiben"]}]}