{"@context":"https:\/\/schema.org\/","@type":"CollectionPage","@id":"https:\/\/www.bachhausen.de\/Thema\/politik\/koeln\/#CollectionPage","headline":"K\u00f6ln Category","description":"","url":"https:\/\/www.bachhausen.de\/Thema\/politik\/koeln\/","hasPart":[{"@type":"NewsArticle","@id":"https:\/\/www.bachhausen.de\/bericht-kaserne-in-koeln-nach-sabotageverdacht-abgeriegelt\/","headline":"Bericht: Kaserne in K\u00f6ln nach Sabotageverdacht abgeriegelt","url":"https:\/\/www.bachhausen.de\/bericht-kaserne-in-koeln-nach-sabotageverdacht-abgeriegelt\/","datePublished":"2024-08-14","dateModified":"2024-08-14","mainEntityOfPage":"https:\/\/www.bachhausen.de\/bericht-kaserne-in-koeln-nach-sabotageverdacht-abgeriegelt\/","author":{"@type":"Person","@id":"##Person","name":"Report K","url":"#","identifier":20,"image":{"@type":"ImageObject","@id":"https:\/\/secure.gravatar.com\/avatar\/36af2c4c1f6de1245282e2f6d3e4483d8c1fb911663df347a69e69f7ff897aac?s=96&d=monsterid&r=g","url":"https:\/\/secure.gravatar.com\/avatar\/36af2c4c1f6de1245282e2f6d3e4483d8c1fb911663df347a69e69f7ff897aac?s=96&d=monsterid&r=g","height":96,"width":96}},"publisher":{"@type":"Person","name":"Dirk Bachhausen","image":{"@type":"ImageObject","@id":"https:\/\/www.bachhausen.de\/wp-content\/uploads\/2019\/07\/dirk_profil-300x300.jpg","url":"https:\/\/www.bachhausen.de\/wp-content\/uploads\/2019\/07\/dirk_profil-300x300.jpg","width":600,"height":60}},"image":{"@type":"ImageObject","@id":"https:\/\/www.bachhausen.de\/wp-content\/uploads\/2024\/08\/dts_photo39329.jpg","url":"https:\/\/www.bachhausen.de\/wp-content\/uploads\/2024\/08\/dts_photo39329.jpg","height":0,"width":0},"keywords":["abgeriegelt","bericht","kaserne","sabotageverdacht"]},{"@type":"NewsArticle","@id":"https:\/\/www.bachhausen.de\/warnstreik-bei-radio-koeln\/","headline":"Warnstreik bei Radio K\u00f6ln","url":"https:\/\/www.bachhausen.de\/warnstreik-bei-radio-koeln\/","datePublished":"2024-08-14","dateModified":"2024-08-14","mainEntityOfPage":"https:\/\/www.bachhausen.de\/warnstreik-bei-radio-koeln\/","author":{"@type":"Person","@id":"##Person","name":"Report K","url":"#","identifier":20,"image":{"@type":"ImageObject","@id":"https:\/\/secure.gravatar.com\/avatar\/36af2c4c1f6de1245282e2f6d3e4483d8c1fb911663df347a69e69f7ff897aac?s=96&d=monsterid&r=g","url":"https:\/\/secure.gravatar.com\/avatar\/36af2c4c1f6de1245282e2f6d3e4483d8c1fb911663df347a69e69f7ff897aac?s=96&d=monsterid&r=g","height":96,"width":96}},"publisher":{"@type":"Person","name":"Dirk Bachhausen","image":{"@type":"ImageObject","@id":"https:\/\/www.bachhausen.de\/wp-content\/uploads\/2019\/07\/dirk_profil-300x300.jpg","url":"https:\/\/www.bachhausen.de\/wp-content\/uploads\/2019\/07\/dirk_profil-300x300.jpg","width":600,"height":60}},"image":{"@type":"ImageObject","@id":"https:\/\/www.bachhausen.de\/wp-content\/uploads\/2022\/12\/radio_pix_06122022.jpg","url":"https:\/\/www.bachhausen.de\/wp-content\/uploads\/2022\/12\/radio_pix_06122022.jpg","height":0,"width":0},"keywords":["radio","warnstreik"]},{"@type":"NewsArticle","@id":"https:\/\/www.bachhausen.de\/stadt-informiert-zum-neuen-schuljahr-ueber-ihre-angebote\/","headline":"Stadt informiert zum neuen Schuljahr \u00fcber ihre Angebote","url":"https:\/\/www.bachhausen.de\/stadt-informiert-zum-neuen-schuljahr-ueber-ihre-angebote\/","datePublished":"2024-08-14","dateModified":"2024-08-14","mainEntityOfPage":"https:\/\/www.bachhausen.de\/stadt-informiert-zum-neuen-schuljahr-ueber-ihre-angebote\/","author":{"@type":"Person","@id":"##Person","name":"Report K","url":"#","identifier":20,"image":{"@type":"ImageObject","@id":"https:\/\/secure.gravatar.com\/avatar\/36af2c4c1f6de1245282e2f6d3e4483d8c1fb911663df347a69e69f7ff897aac?s=96&d=monsterid&r=g","url":"https:\/\/secure.gravatar.com\/avatar\/36af2c4c1f6de1245282e2f6d3e4483d8c1fb911663df347a69e69f7ff897aac?s=96&d=monsterid&r=g","height":96,"width":96}},"publisher":{"@type":"Person","name":"Dirk Bachhausen","image":{"@type":"ImageObject","@id":"https:\/\/www.bachhausen.de\/wp-content\/uploads\/2019\/07\/dirk_profil-300x300.jpg","url":"https:\/\/www.bachhausen.de\/wp-content\/uploads\/2019\/07\/dirk_profil-300x300.jpg","width":600,"height":60}},"image":{"@type":"ImageObject","@id":"https:\/\/www.bachhausen.de\/wp-content\/uploads\/2024\/08\/kreide_pix_14082024.jpg","url":"https:\/\/www.bachhausen.de\/wp-content\/uploads\/2024\/08\/kreide_pix_14082024.jpg","height":0,"width":0},"keywords":["angebote","informiert","neuen","schuljahr","stadt"]},{"@type":"NewsArticle","@id":"https:\/\/www.bachhausen.de\/nach-entschaerfung-des-blindgaengers-patienten-der-forensik-wieder-zurueck-in-der-porzer-lvr-klinik\/","headline":"Nach Entsch\u00e4rfung des Blindg\u00e4ngers: Patienten der Forensik wieder zur\u00fcck in der Porzer LVR-Klinik","url":"https:\/\/www.bachhausen.de\/nach-entschaerfung-des-blindgaengers-patienten-der-forensik-wieder-zurueck-in-der-porzer-lvr-klinik\/","datePublished":"2024-08-14","dateModified":"2024-08-14","mainEntityOfPage":"https:\/\/www.bachhausen.de\/nach-entschaerfung-des-blindgaengers-patienten-der-forensik-wieder-zurueck-in-der-porzer-lvr-klinik\/","author":{"@type":"Person","@id":"##Person","name":"Report K","url":"#","identifier":20,"image":{"@type":"ImageObject","@id":"https:\/\/secure.gravatar.com\/avatar\/36af2c4c1f6de1245282e2f6d3e4483d8c1fb911663df347a69e69f7ff897aac?s=96&d=monsterid&r=g","url":"https:\/\/secure.gravatar.com\/avatar\/36af2c4c1f6de1245282e2f6d3e4483d8c1fb911663df347a69e69f7ff897aac?s=96&d=monsterid&r=g","height":96,"width":96}},"publisher":{"@type":"Person","name":"Dirk Bachhausen","image":{"@type":"ImageObject","@id":"https:\/\/www.bachhausen.de\/wp-content\/uploads\/2019\/07\/dirk_profil-300x300.jpg","url":"https:\/\/www.bachhausen.de\/wp-content\/uploads\/2019\/07\/dirk_profil-300x300.jpg","width":600,"height":60}},"image":{"@type":"ImageObject","@id":"https:\/\/www.bachhausen.de\/wp-content\/uploads\/2024\/08\/KarteEvakuierungsradius12082024.jpg","url":"https:\/\/www.bachhausen.de\/wp-content\/uploads\/2024\/08\/KarteEvakuierungsradius12082024.jpg","height":0,"width":0},"keywords":["blindgangers","entscharfung","forensik","patienten","porzer","wieder","zuruck"]},{"@type":"NewsArticle","@id":"https:\/\/www.bachhausen.de\/richard-rogler-ist-verstorben\/","headline":"Richard Rogler ist verstorben","url":"https:\/\/www.bachhausen.de\/richard-rogler-ist-verstorben\/","datePublished":"2024-08-14","dateModified":"2024-08-14","mainEntityOfPage":"https:\/\/www.bachhausen.de\/richard-rogler-ist-verstorben\/","author":{"@type":"Person","@id":"##Person","name":"Report K","url":"#","identifier":20,"image":{"@type":"ImageObject","@id":"https:\/\/secure.gravatar.com\/avatar\/36af2c4c1f6de1245282e2f6d3e4483d8c1fb911663df347a69e69f7ff897aac?s=96&d=monsterid&r=g","url":"https:\/\/secure.gravatar.com\/avatar\/36af2c4c1f6de1245282e2f6d3e4483d8c1fb911663df347a69e69f7ff897aac?s=96&d=monsterid&r=g","height":96,"width":96}},"publisher":{"@type":"Person","name":"Dirk Bachhausen","image":{"@type":"ImageObject","@id":"https:\/\/www.bachhausen.de\/wp-content\/uploads\/2019\/07\/dirk_profil-300x300.jpg","url":"https:\/\/www.bachhausen.de\/wp-content\/uploads\/2019\/07\/dirk_profil-300x300.jpg","width":600,"height":60}},"image":{"@type":"ImageObject","@id":"https:\/\/www.bachhausen.de\/wp-content\/uploads\/2024\/08\/Rogler_fotograf_1308_PR.jpg","url":"https:\/\/www.bachhausen.de\/wp-content\/uploads\/2024\/08\/Rogler_fotograf_1308_PR.jpg","height":0,"width":0},"keywords":["richard","rogler","verstorben"]},{"@type":"NewsArticle","@id":"https:\/\/www.bachhausen.de\/20-zentner-blindgaenger-in-koeln-westhoven-gefunden-evakuierungen-sind-angelaufen\/","headline":"20-Zentner Blindg\u00e4nger in K\u00f6ln-Westhoven gefunden \u2013 Evakuierungen sind angelaufen","url":"https:\/\/www.bachhausen.de\/20-zentner-blindgaenger-in-koeln-westhoven-gefunden-evakuierungen-sind-angelaufen\/","datePublished":"2024-08-13","dateModified":"2024-08-13","mainEntityOfPage":"https:\/\/www.bachhausen.de\/20-zentner-blindgaenger-in-koeln-westhoven-gefunden-evakuierungen-sind-angelaufen\/","author":{"@type":"Person","@id":"##Person","name":"Report K","url":"#","identifier":20,"image":{"@type":"ImageObject","@id":"https:\/\/secure.gravatar.com\/avatar\/36af2c4c1f6de1245282e2f6d3e4483d8c1fb911663df347a69e69f7ff897aac?s=96&d=monsterid&r=g","url":"https:\/\/secure.gravatar.com\/avatar\/36af2c4c1f6de1245282e2f6d3e4483d8c1fb911663df347a69e69f7ff897aac?s=96&d=monsterid&r=g","height":96,"width":96}},"publisher":{"@type":"Person","name":"Dirk Bachhausen","image":{"@type":"ImageObject","@id":"https:\/\/www.bachhausen.de\/wp-content\/uploads\/2019\/07\/dirk_profil-300x300.jpg","url":"https:\/\/www.bachhausen.de\/wp-content\/uploads\/2019\/07\/dirk_profil-300x300.jpg","width":600,"height":60}},"image":{"@type":"ImageObject","@id":"https:\/\/www.bachhausen.de\/wp-content\/uploads\/2024\/08\/KarteEvakuierungsradius12082024.jpg","url":"https:\/\/www.bachhausen.de\/wp-content\/uploads\/2024\/08\/KarteEvakuierungsradius12082024.jpg","height":0,"width":0},"keywords":["angelaufen","blindganger","evakuierungen","gefunden","westhoven","zentner"]},{"@type":"NewsArticle","@id":"https:\/\/www.bachhausen.de\/abkuehlung-wenn-es-den-jungtieren-im-koeln-zoo-zu-heiss-wird\/","headline":"Abk\u00fchlung: Wenn es den Jungtieren im K\u00f6ln Zoo zu hei\u00df wird","url":"https:\/\/www.bachhausen.de\/abkuehlung-wenn-es-den-jungtieren-im-koeln-zoo-zu-heiss-wird\/","datePublished":"2024-08-13","dateModified":"2024-08-13","mainEntityOfPage":"https:\/\/www.bachhausen.de\/abkuehlung-wenn-es-den-jungtieren-im-koeln-zoo-zu-heiss-wird\/","author":{"@type":"Person","@id":"##Person","name":"Report K","url":"#","identifier":20,"image":{"@type":"ImageObject","@id":"https:\/\/secure.gravatar.com\/avatar\/36af2c4c1f6de1245282e2f6d3e4483d8c1fb911663df347a69e69f7ff897aac?s=96&d=monsterid&r=g","url":"https:\/\/secure.gravatar.com\/avatar\/36af2c4c1f6de1245282e2f6d3e4483d8c1fb911663df347a69e69f7ff897aac?s=96&d=monsterid&r=g","height":96,"width":96}},"publisher":{"@type":"Person","name":"Dirk Bachhausen","image":{"@type":"ImageObject","@id":"https:\/\/www.bachhausen.de\/wp-content\/uploads\/2019\/07\/dirk_profil-300x300.jpg","url":"https:\/\/www.bachhausen.de\/wp-content\/uploads\/2019\/07\/dirk_profil-300x300.jpg","width":600,"height":60}},"image":{"@type":"ImageObject","@id":"https:\/\/www.bachhausen.de\/wp-content\/uploads\/2024\/08\/Tigerkinder_koelnerzoo_PR_13082024.jpg","url":"https:\/\/www.bachhausen.de\/wp-content\/uploads\/2024\/08\/Tigerkinder_koelnerzoo_PR_13082024.jpg","height":0,"width":0},"keywords":["abkuhlung","jungtieren"]},{"@type":"NewsArticle","@id":"https:\/\/www.bachhausen.de\/20-zentner-blindgaenger-in-koeln-westhoven-gefunden-entschaerfung-morgen\/","headline":"20-Zentner Blindg\u00e4nger in K\u00f6ln-Westhoven gefunden \u2013 Entsch\u00e4rfung morgen","url":"https:\/\/www.bachhausen.de\/20-zentner-blindgaenger-in-koeln-westhoven-gefunden-entschaerfung-morgen\/","datePublished":"2024-08-13","dateModified":"2024-08-13","mainEntityOfPage":"https:\/\/www.bachhausen.de\/20-zentner-blindgaenger-in-koeln-westhoven-gefunden-entschaerfung-morgen\/","author":{"@type":"Person","@id":"##Person","name":"Report K","url":"#","identifier":20,"image":{"@type":"ImageObject","@id":"https:\/\/secure.gravatar.com\/avatar\/36af2c4c1f6de1245282e2f6d3e4483d8c1fb911663df347a69e69f7ff897aac?s=96&d=monsterid&r=g","url":"https:\/\/secure.gravatar.com\/avatar\/36af2c4c1f6de1245282e2f6d3e4483d8c1fb911663df347a69e69f7ff897aac?s=96&d=monsterid&r=g","height":96,"width":96}},"publisher":{"@type":"Person","name":"Dirk Bachhausen","image":{"@type":"ImageObject","@id":"https:\/\/www.bachhausen.de\/wp-content\/uploads\/2019\/07\/dirk_profil-300x300.jpg","url":"https:\/\/www.bachhausen.de\/wp-content\/uploads\/2019\/07\/dirk_profil-300x300.jpg","width":600,"height":60}},"image":{"@type":"ImageObject","@id":"https:\/\/www.bachhausen.de\/wp-content\/uploads\/2024\/08\/KarteEvakuierungsradius12082024.jpg","url":"https:\/\/www.bachhausen.de\/wp-content\/uploads\/2024\/08\/KarteEvakuierungsradius12082024.jpg","height":0,"width":0},"keywords":["blindganger","entscharfung","gefunden","morgen","westhoven","zentner"]},{"@type":"NewsArticle","@id":"https:\/\/www.bachhausen.de\/bund-koeln-fordert-stadtrat-auf-mehr-fuer-den-laermschutz-zu-tun\/","headline":"BUND K\u00f6ln fordert Stadtrat auf mehr f\u00fcr den L\u00e4rmschutz zu tun","url":"https:\/\/www.bachhausen.de\/bund-koeln-fordert-stadtrat-auf-mehr-fuer-den-laermschutz-zu-tun\/","datePublished":"2024-08-12","dateModified":"2024-08-12","mainEntityOfPage":"https:\/\/www.bachhausen.de\/bund-koeln-fordert-stadtrat-auf-mehr-fuer-den-laermschutz-zu-tun\/","author":{"@type":"Person","@id":"##Person","name":"Report K","url":"#","identifier":20,"image":{"@type":"ImageObject","@id":"https:\/\/secure.gravatar.com\/avatar\/36af2c4c1f6de1245282e2f6d3e4483d8c1fb911663df347a69e69f7ff897aac?s=96&d=monsterid&r=g","url":"https:\/\/secure.gravatar.com\/avatar\/36af2c4c1f6de1245282e2f6d3e4483d8c1fb911663df347a69e69f7ff897aac?s=96&d=monsterid&r=g","height":96,"width":96}},"publisher":{"@type":"Person","name":"Dirk Bachhausen","image":{"@type":"ImageObject","@id":"https:\/\/www.bachhausen.de\/wp-content\/uploads\/2019\/07\/dirk_profil-300x300.jpg","url":"https:\/\/www.bachhausen.de\/wp-content\/uploads\/2019\/07\/dirk_profil-300x300.jpg","width":600,"height":60}},"image":{"@type":"ImageObject","@id":"https:\/\/www.bachhausen.de\/wp-content\/uploads\/2024\/08\/laerm_12082024.png","url":"https:\/\/www.bachhausen.de\/wp-content\/uploads\/2024\/08\/laerm_12082024.png","height":768,"width":1024},"keywords":["fordert","larmschutz","stadtrat"]},{"@type":"NewsArticle","@id":"https:\/\/www.bachhausen.de\/faeser-sagt-in-koeln-weiterhin-hohe-gefahr-durch-islamistischen-terror\/","headline":"Faeser sagt in K\u00f6ln: weiterhin hohe Gefahr durch islamistischen Terror","url":"https:\/\/www.bachhausen.de\/faeser-sagt-in-koeln-weiterhin-hohe-gefahr-durch-islamistischen-terror\/","datePublished":"2024-08-12","dateModified":"2024-08-12","mainEntityOfPage":"https:\/\/www.bachhausen.de\/faeser-sagt-in-koeln-weiterhin-hohe-gefahr-durch-islamistischen-terror\/","author":{"@type":"Person","@id":"##Person","name":"Report K","url":"#","identifier":20,"image":{"@type":"ImageObject","@id":"https:\/\/secure.gravatar.com\/avatar\/36af2c4c1f6de1245282e2f6d3e4483d8c1fb911663df347a69e69f7ff897aac?s=96&d=monsterid&r=g","url":"https:\/\/secure.gravatar.com\/avatar\/36af2c4c1f6de1245282e2f6d3e4483d8c1fb911663df347a69e69f7ff897aac?s=96&d=monsterid&r=g","height":96,"width":96}},"publisher":{"@type":"Person","name":"Dirk Bachhausen","image":{"@type":"ImageObject","@id":"https:\/\/www.bachhausen.de\/wp-content\/uploads\/2019\/07\/dirk_profil-300x300.jpg","url":"https:\/\/www.bachhausen.de\/wp-content\/uploads\/2019\/07\/dirk_profil-300x300.jpg","width":600,"height":60}},"image":{"@type":"ImageObject","@id":"https:\/\/www.bachhausen.de\/wp-content\/uploads\/2024\/08\/dts_image_25389_pmemtfaqms.jpg","url":"https:\/\/www.bachhausen.de\/wp-content\/uploads\/2024\/08\/dts_image_25389_pmemtfaqms.jpg","height":600,"width":800},"keywords":["durch","faeser","gefahr","islamistischen","terror","weiterhin"]}]}