{"@context":"https:\/\/schema.org\/","@type":"CollectionPage","@id":"https:\/\/www.bachhausen.de\/Thema\/politik\/koeln\/#CollectionPage","headline":"K\u00f6ln Category","description":"","url":"https:\/\/www.bachhausen.de\/Thema\/politik\/koeln\/","hasPart":[{"@type":"NewsArticle","@id":"https:\/\/www.bachhausen.de\/sozialverband-will-besseren-hitzeschutz\/","headline":"Sozialverband will besseren Hitzeschutz","url":"https:\/\/www.bachhausen.de\/sozialverband-will-besseren-hitzeschutz\/","datePublished":"2024-08-12","dateModified":"2024-08-12","mainEntityOfPage":"https:\/\/www.bachhausen.de\/sozialverband-will-besseren-hitzeschutz\/","author":{"@type":"Person","@id":"##Person","name":"Report K","url":"#","identifier":20,"image":{"@type":"ImageObject","@id":"https:\/\/secure.gravatar.com\/avatar\/36af2c4c1f6de1245282e2f6d3e4483d8c1fb911663df347a69e69f7ff897aac?s=96&d=monsterid&r=g","url":"https:\/\/secure.gravatar.com\/avatar\/36af2c4c1f6de1245282e2f6d3e4483d8c1fb911663df347a69e69f7ff897aac?s=96&d=monsterid&r=g","height":96,"width":96}},"publisher":{"@type":"Person","name":"Dirk Bachhausen","image":{"@type":"ImageObject","@id":"https:\/\/www.bachhausen.de\/wp-content\/uploads\/2019\/07\/dirk_profil-300x300.jpg","url":"https:\/\/www.bachhausen.de\/wp-content\/uploads\/2019\/07\/dirk_profil-300x300.jpg","width":600,"height":60}},"image":{"@type":"ImageObject","@id":"https:\/\/www.bachhausen.de\/wp-content\/uploads\/2024\/02\/sonnencreme_pix_25022024.png","url":"https:\/\/www.bachhausen.de\/wp-content\/uploads\/2024\/02\/sonnencreme_pix_25022024.png","height":0,"width":0},"keywords":["besseren","hitzeschutz","sozialverband"]},{"@type":"NewsArticle","@id":"https:\/\/www.bachhausen.de\/initiativen-wollen-gemeinsam-gegen-tunnel-auf-der-ost-west-achse-und-fuer-60-meter-zuege-streiten\/","headline":"Initiativen wollen gemeinsam gegen Tunnel auf der Ost-West-Achse und f\u00fcr 60 Meter Z\u00fcge streiten","url":"https:\/\/www.bachhausen.de\/initiativen-wollen-gemeinsam-gegen-tunnel-auf-der-ost-west-achse-und-fuer-60-meter-zuege-streiten\/","datePublished":"2024-08-12","dateModified":"2024-08-12","mainEntityOfPage":"https:\/\/www.bachhausen.de\/initiativen-wollen-gemeinsam-gegen-tunnel-auf-der-ost-west-achse-und-fuer-60-meter-zuege-streiten\/","author":{"@type":"Person","@id":"##Person","name":"Report K","url":"#","identifier":20,"image":{"@type":"ImageObject","@id":"https:\/\/secure.gravatar.com\/avatar\/36af2c4c1f6de1245282e2f6d3e4483d8c1fb911663df347a69e69f7ff897aac?s=96&d=monsterid&r=g","url":"https:\/\/secure.gravatar.com\/avatar\/36af2c4c1f6de1245282e2f6d3e4483d8c1fb911663df347a69e69f7ff897aac?s=96&d=monsterid&r=g","height":96,"width":96}},"publisher":{"@type":"Person","name":"Dirk Bachhausen","image":{"@type":"ImageObject","@id":"https:\/\/www.bachhausen.de\/wp-content\/uploads\/2019\/07\/dirk_profil-300x300.jpg","url":"https:\/\/www.bachhausen.de\/wp-content\/uploads\/2019\/07\/dirk_profil-300x300.jpg","width":600,"height":60}},"image":{"@type":"ImageObject","@id":"https:\/\/www.bachhausen.de\/wp-content\/uploads\/2024\/02\/kvb_511A6815.jpg","url":"https:\/\/www.bachhausen.de\/wp-content\/uploads\/2024\/02\/kvb_511A6815.jpg","height":0,"width":0},"keywords":["achse","gegen","gemeinsam","initiativen","meter","tunnel","wollen"]},{"@type":"NewsArticle","@id":"https:\/\/www.bachhausen.de\/amtliche-warnung-vor-hitze-fuer-koeln\/","headline":"Amtliche Warnung vor Hitze f\u00fcr K\u00f6ln","url":"https:\/\/www.bachhausen.de\/amtliche-warnung-vor-hitze-fuer-koeln\/","datePublished":"2024-08-11","dateModified":"2024-08-11","mainEntityOfPage":"https:\/\/www.bachhausen.de\/amtliche-warnung-vor-hitze-fuer-koeln\/","author":{"@type":"Person","@id":"##Person","name":"Report K","url":"#","identifier":20,"image":{"@type":"ImageObject","@id":"https:\/\/secure.gravatar.com\/avatar\/36af2c4c1f6de1245282e2f6d3e4483d8c1fb911663df347a69e69f7ff897aac?s=96&d=monsterid&r=g","url":"https:\/\/secure.gravatar.com\/avatar\/36af2c4c1f6de1245282e2f6d3e4483d8c1fb911663df347a69e69f7ff897aac?s=96&d=monsterid&r=g","height":96,"width":96}},"publisher":{"@type":"Person","name":"Dirk Bachhausen","image":{"@type":"ImageObject","@id":"https:\/\/www.bachhausen.de\/wp-content\/uploads\/2019\/07\/dirk_profil-300x300.jpg","url":"https:\/\/www.bachhausen.de\/wp-content\/uploads\/2019\/07\/dirk_profil-300x300.jpg","width":600,"height":60}},"image":{"@type":"ImageObject","@id":"https:\/\/www.bachhausen.de\/wp-content\/uploads\/2024\/06\/blume_sonne_pix_26062024.jpg","url":"https:\/\/www.bachhausen.de\/wp-content\/uploads\/2024\/06\/blume_sonne_pix_26062024.jpg","height":0,"width":0},"keywords":["amtliche","hitze","warnung"]},{"@type":"NewsArticle","@id":"https:\/\/www.bachhausen.de\/verwaltungsgericht-koeln-entschied-gegen-teilhaber-der-compact-magazin-gmbh\/","headline":"Verwaltungsgericht K\u00f6ln entschied gegen Teilhaber der \u201eCompact-Magazin GmbH\u201c","url":"https:\/\/www.bachhausen.de\/verwaltungsgericht-koeln-entschied-gegen-teilhaber-der-compact-magazin-gmbh\/","datePublished":"2024-08-09","dateModified":"2024-08-09","mainEntityOfPage":"https:\/\/www.bachhausen.de\/verwaltungsgericht-koeln-entschied-gegen-teilhaber-der-compact-magazin-gmbh\/","author":{"@type":"Person","@id":"##Person","name":"Report K","url":"#","identifier":20,"image":{"@type":"ImageObject","@id":"https:\/\/secure.gravatar.com\/avatar\/36af2c4c1f6de1245282e2f6d3e4483d8c1fb911663df347a69e69f7ff897aac?s=96&d=monsterid&r=g","url":"https:\/\/secure.gravatar.com\/avatar\/36af2c4c1f6de1245282e2f6d3e4483d8c1fb911663df347a69e69f7ff897aac?s=96&d=monsterid&r=g","height":96,"width":96}},"publisher":{"@type":"Person","name":"Dirk Bachhausen","image":{"@type":"ImageObject","@id":"https:\/\/www.bachhausen.de\/wp-content\/uploads\/2019\/07\/dirk_profil-300x300.jpg","url":"https:\/\/www.bachhausen.de\/wp-content\/uploads\/2019\/07\/dirk_profil-300x300.jpg","width":600,"height":60}},"image":{"@type":"ImageObject","@id":"https:\/\/www.bachhausen.de\/wp-content\/uploads\/2024\/08\/verwaltungsgericht_koeln_13082022.jpg","url":"https:\/\/www.bachhausen.de\/wp-content\/uploads\/2024\/08\/verwaltungsgericht_koeln_13082022.jpg","height":768,"width":1064},"keywords":["compact","entschied","gegen","magazin","teilhaber","verwaltungsgericht"]},{"@type":"NewsArticle","@id":"https:\/\/www.bachhausen.de\/infoveranstaltung-im-rheinischen-bildungszentrum-koeln-zum-medizinstudium\/","headline":"Infoveranstaltung im Rheinischen Bildungszentrum K\u00f6ln zum Medizinstudium","url":"https:\/\/www.bachhausen.de\/infoveranstaltung-im-rheinischen-bildungszentrum-koeln-zum-medizinstudium\/","datePublished":"2024-08-09","dateModified":"2024-08-09","mainEntityOfPage":"https:\/\/www.bachhausen.de\/infoveranstaltung-im-rheinischen-bildungszentrum-koeln-zum-medizinstudium\/","author":{"@type":"Person","@id":"##Person","name":"Report K","url":"#","identifier":20,"image":{"@type":"ImageObject","@id":"https:\/\/secure.gravatar.com\/avatar\/36af2c4c1f6de1245282e2f6d3e4483d8c1fb911663df347a69e69f7ff897aac?s=96&d=monsterid&r=g","url":"https:\/\/secure.gravatar.com\/avatar\/36af2c4c1f6de1245282e2f6d3e4483d8c1fb911663df347a69e69f7ff897aac?s=96&d=monsterid&r=g","height":96,"width":96}},"publisher":{"@type":"Person","name":"Dirk Bachhausen","image":{"@type":"ImageObject","@id":"https:\/\/www.bachhausen.de\/wp-content\/uploads\/2019\/07\/dirk_profil-300x300.jpg","url":"https:\/\/www.bachhausen.de\/wp-content\/uploads\/2019\/07\/dirk_profil-300x300.jpg","width":600,"height":60}},"image":{"@type":"ImageObject","@id":"https:\/\/www.bachhausen.de\/wp-content\/uploads\/2024\/08\/medizin_pix_09082024.jpg","url":"https:\/\/www.bachhausen.de\/wp-content\/uploads\/2024\/08\/medizin_pix_09082024.jpg","height":0,"width":0},"keywords":["bildungszentrum","infoveranstaltung","medizinstudium","rheinischen"]},{"@type":"NewsArticle","@id":"https:\/\/www.bachhausen.de\/stadt-koeln-ueberwies-350-millionen-euro-fuer-messehallen-nord\/","headline":"Stadt K\u00f6ln \u00fcberwies 350 Millionen Euro f\u00fcr Messehallen Nord","url":"https:\/\/www.bachhausen.de\/stadt-koeln-ueberwies-350-millionen-euro-fuer-messehallen-nord\/","datePublished":"2024-08-09","dateModified":"2024-08-09","mainEntityOfPage":"https:\/\/www.bachhausen.de\/stadt-koeln-ueberwies-350-millionen-euro-fuer-messehallen-nord\/","author":{"@type":"Person","@id":"##Person","name":"Report K","url":"#","identifier":20,"image":{"@type":"ImageObject","@id":"https:\/\/secure.gravatar.com\/avatar\/36af2c4c1f6de1245282e2f6d3e4483d8c1fb911663df347a69e69f7ff897aac?s=96&d=monsterid&r=g","url":"https:\/\/secure.gravatar.com\/avatar\/36af2c4c1f6de1245282e2f6d3e4483d8c1fb911663df347a69e69f7ff897aac?s=96&d=monsterid&r=g","height":96,"width":96}},"publisher":{"@type":"Person","name":"Dirk Bachhausen","image":{"@type":"ImageObject","@id":"https:\/\/www.bachhausen.de\/wp-content\/uploads\/2019\/07\/dirk_profil-300x300.jpg","url":"https:\/\/www.bachhausen.de\/wp-content\/uploads\/2019\/07\/dirk_profil-300x300.jpg","width":600,"height":60}},"image":{"@type":"ImageObject","@id":"https:\/\/www.bachhausen.de\/wp-content\/uploads\/2024\/08\/thumbnail_Koeln-Messe-Nordeingang-Foto-Messe-e1653931839694-1068x662.jpg","url":"https:\/\/www.bachhausen.de\/wp-content\/uploads\/2024\/08\/thumbnail_Koeln-Messe-Nordeingang-Foto-Messe-e1653931839694-1068x662.jpg","height":662,"width":1068},"keywords":["messehallen","millionen","stadt","uberwies"]},{"@type":"NewsArticle","@id":"https:\/\/www.bachhausen.de\/die-neuen-im-koelner-zoo-weissruessel-nasenbaeren\/","headline":"Die Neuen im K\u00f6lner Zoo: Wei\u00dfr\u00fcssel-Nasenb\u00e4ren","url":"https:\/\/www.bachhausen.de\/die-neuen-im-koelner-zoo-weissruessel-nasenbaeren\/","datePublished":"2024-08-09","dateModified":"2024-08-09","mainEntityOfPage":"https:\/\/www.bachhausen.de\/die-neuen-im-koelner-zoo-weissruessel-nasenbaeren\/","author":{"@type":"Person","@id":"##Person","name":"Report K","url":"#","identifier":20,"image":{"@type":"ImageObject","@id":"https:\/\/secure.gravatar.com\/avatar\/36af2c4c1f6de1245282e2f6d3e4483d8c1fb911663df347a69e69f7ff897aac?s=96&d=monsterid&r=g","url":"https:\/\/secure.gravatar.com\/avatar\/36af2c4c1f6de1245282e2f6d3e4483d8c1fb911663df347a69e69f7ff897aac?s=96&d=monsterid&r=g","height":96,"width":96}},"publisher":{"@type":"Person","name":"Dirk Bachhausen","image":{"@type":"ImageObject","@id":"https:\/\/www.bachhausen.de\/wp-content\/uploads\/2019\/07\/dirk_profil-300x300.jpg","url":"https:\/\/www.bachhausen.de\/wp-content\/uploads\/2019\/07\/dirk_profil-300x300.jpg","width":600,"height":60}},"image":{"@type":"ImageObject","@id":"https:\/\/www.bachhausen.de\/wp-content\/uploads\/2024\/08\/Bild_1_nasenbaeren_zookoeln_08082024.jpg","url":"https:\/\/www.bachhausen.de\/wp-content\/uploads\/2024\/08\/Bild_1_nasenbaeren_zookoeln_08082024.jpg","height":728,"width":1064},"keywords":["kolner","nasenbaren","neuen","russel"]},{"@type":"NewsArticle","@id":"https:\/\/www.bachhausen.de\/blindgaenger-evakuierung-in-lindenthal-beginnt-ueber-4-000-menschen-betroffen\/","headline":"Blindg\u00e4nger: Evakuierung in Lindenthal beginnt \u2013 \u00dcber 4.000 Menschen betroffen","url":"https:\/\/www.bachhausen.de\/blindgaenger-evakuierung-in-lindenthal-beginnt-ueber-4-000-menschen-betroffen\/","datePublished":"2024-08-07","dateModified":"2024-08-07","mainEntityOfPage":"https:\/\/www.bachhausen.de\/blindgaenger-evakuierung-in-lindenthal-beginnt-ueber-4-000-menschen-betroffen\/","author":{"@type":"Person","@id":"##Person","name":"Report K","url":"#","identifier":20,"image":{"@type":"ImageObject","@id":"https:\/\/secure.gravatar.com\/avatar\/36af2c4c1f6de1245282e2f6d3e4483d8c1fb911663df347a69e69f7ff897aac?s=96&d=monsterid&r=g","url":"https:\/\/secure.gravatar.com\/avatar\/36af2c4c1f6de1245282e2f6d3e4483d8c1fb911663df347a69e69f7ff897aac?s=96&d=monsterid&r=g","height":96,"width":96}},"publisher":{"@type":"Person","name":"Dirk Bachhausen","image":{"@type":"ImageObject","@id":"https:\/\/www.bachhausen.de\/wp-content\/uploads\/2019\/07\/dirk_profil-300x300.jpg","url":"https:\/\/www.bachhausen.de\/wp-content\/uploads\/2019\/07\/dirk_profil-300x300.jpg","width":600,"height":60}},"image":{"@type":"ImageObject","@id":"https:\/\/www.bachhausen.de\/wp-content\/uploads\/2024\/08\/bombe_lindenthal_06082024.png","url":"https:\/\/www.bachhausen.de\/wp-content\/uploads\/2024\/08\/bombe_lindenthal_06082024.png","height":0,"width":0},"keywords":["beginnt","betroffen","blindganger","evakuierung","lindenthal","menschen"]},{"@type":"NewsArticle","@id":"https:\/\/www.bachhausen.de\/kindertagesstaetten-koelner-fdp-moniert-zu-wenig-betreuungsplaetze-bei-u3\/","headline":"Kindertagesst\u00e4tten: K\u00f6lner FDP moniert zu wenig Betreuungspl\u00e4tze bei U3","url":"https:\/\/www.bachhausen.de\/kindertagesstaetten-koelner-fdp-moniert-zu-wenig-betreuungsplaetze-bei-u3\/","datePublished":"2024-08-07","dateModified":"2024-08-07","mainEntityOfPage":"https:\/\/www.bachhausen.de\/kindertagesstaetten-koelner-fdp-moniert-zu-wenig-betreuungsplaetze-bei-u3\/","author":{"@type":"Person","@id":"##Person","name":"Report K","url":"#","identifier":20,"image":{"@type":"ImageObject","@id":"https:\/\/secure.gravatar.com\/avatar\/36af2c4c1f6de1245282e2f6d3e4483d8c1fb911663df347a69e69f7ff897aac?s=96&d=monsterid&r=g","url":"https:\/\/secure.gravatar.com\/avatar\/36af2c4c1f6de1245282e2f6d3e4483d8c1fb911663df347a69e69f7ff897aac?s=96&d=monsterid&r=g","height":96,"width":96}},"publisher":{"@type":"Person","name":"Dirk Bachhausen","image":{"@type":"ImageObject","@id":"https:\/\/www.bachhausen.de\/wp-content\/uploads\/2019\/07\/dirk_profil-300x300.jpg","url":"https:\/\/www.bachhausen.de\/wp-content\/uploads\/2019\/07\/dirk_profil-300x300.jpg","width":600,"height":60}},"image":{"@type":"ImageObject","@id":"https:\/\/www.bachhausen.de\/wp-content\/uploads\/2024\/08\/kita782024.png","url":"https:\/\/www.bachhausen.de\/wp-content\/uploads\/2024\/08\/kita782024.png","height":0,"width":0},"keywords":["betreuungsplatze","kindertagesstatten","kolner","moniert","wenig"]},{"@type":"NewsArticle","@id":"https:\/\/www.bachhausen.de\/der-naechste-blindgaenger-entschaerfung-in-lindenthal-morgen-krankenhaus-hohenlind-betroffen\/","headline":"Der n\u00e4chste Blindg\u00e4nger: Entsch\u00e4rfung in Lindenthal morgen \u2013 Krankenhaus Hohenlind betroffen","url":"https:\/\/www.bachhausen.de\/der-naechste-blindgaenger-entschaerfung-in-lindenthal-morgen-krankenhaus-hohenlind-betroffen\/","datePublished":"2024-08-06","dateModified":"2024-08-06","mainEntityOfPage":"https:\/\/www.bachhausen.de\/der-naechste-blindgaenger-entschaerfung-in-lindenthal-morgen-krankenhaus-hohenlind-betroffen\/","author":{"@type":"Person","@id":"##Person","name":"Report K","url":"#","identifier":20,"image":{"@type":"ImageObject","@id":"https:\/\/secure.gravatar.com\/avatar\/36af2c4c1f6de1245282e2f6d3e4483d8c1fb911663df347a69e69f7ff897aac?s=96&d=monsterid&r=g","url":"https:\/\/secure.gravatar.com\/avatar\/36af2c4c1f6de1245282e2f6d3e4483d8c1fb911663df347a69e69f7ff897aac?s=96&d=monsterid&r=g","height":96,"width":96}},"publisher":{"@type":"Person","name":"Dirk Bachhausen","image":{"@type":"ImageObject","@id":"https:\/\/www.bachhausen.de\/wp-content\/uploads\/2019\/07\/dirk_profil-300x300.jpg","url":"https:\/\/www.bachhausen.de\/wp-content\/uploads\/2019\/07\/dirk_profil-300x300.jpg","width":600,"height":60}},"image":{"@type":"ImageObject","@id":"https:\/\/www.bachhausen.de\/wp-content\/uploads\/2024\/08\/bombe_lindenthal_06082024.png","url":"https:\/\/www.bachhausen.de\/wp-content\/uploads\/2024\/08\/bombe_lindenthal_06082024.png","height":0,"width":0},"keywords":["blindganger","entscharfung","hohenlind","krankenhaus","lindenthal","morgen","nachste"]}]}