{"@context":"https:\/\/schema.org\/","@type":"CollectionPage","@id":"https:\/\/www.bachhausen.de\/Thema\/politik\/koeln\/#CollectionPage","headline":"K\u00f6ln Category","description":"","url":"https:\/\/www.bachhausen.de\/Thema\/politik\/koeln\/","hasPart":[{"@type":"NewsArticle","@id":"https:\/\/www.bachhausen.de\/jn-1-variante-angepasster-corona-impfstoff-ab-12-august-erhaeltlich\/","headline":"\u00a0JN.1-Variante: Angepasster Corona-Impfstoff ab 12. August erh\u00e4ltlich\u00a0","url":"https:\/\/www.bachhausen.de\/jn-1-variante-angepasster-corona-impfstoff-ab-12-august-erhaeltlich\/","datePublished":"2024-07-26","dateModified":"2024-07-26","mainEntityOfPage":"https:\/\/www.bachhausen.de\/jn-1-variante-angepasster-corona-impfstoff-ab-12-august-erhaeltlich\/","author":{"@type":"Person","@id":"##Person","name":"Report K","url":"#","identifier":20,"image":{"@type":"ImageObject","@id":"https:\/\/secure.gravatar.com\/avatar\/36af2c4c1f6de1245282e2f6d3e4483d8c1fb911663df347a69e69f7ff897aac?s=96&d=monsterid&r=g","url":"https:\/\/secure.gravatar.com\/avatar\/36af2c4c1f6de1245282e2f6d3e4483d8c1fb911663df347a69e69f7ff897aac?s=96&d=monsterid&r=g","height":96,"width":96}},"publisher":{"@type":"Person","name":"Dirk Bachhausen","image":{"@type":"ImageObject","@id":"https:\/\/www.bachhausen.de\/wp-content\/uploads\/2019\/07\/dirk_profil-300x300.jpg","url":"https:\/\/www.bachhausen.de\/wp-content\/uploads\/2019\/07\/dirk_profil-300x300.jpg","width":600,"height":60}},"image":{"@type":"ImageObject","@id":"https:\/\/www.bachhausen.de\/wp-content\/uploads\/2024\/07\/dts_photo15174.jpg","url":"https:\/\/www.bachhausen.de\/wp-content\/uploads\/2024\/07\/dts_photo15174.jpg","height":0,"width":0},"keywords":["angepasster","august","corona","erhaltlich","impfstoff","variante"]},{"@type":"NewsArticle","@id":"https:\/\/www.bachhausen.de\/so-erklaert-die-letzte-generation-die-blockade-am-flughafen-koeln-bonn-und-kuendigt-weitere-aktionen-an\/","headline":"So erkl\u00e4rt die Letzte Generation die Blockade am Flughafen K\u00f6ln\/Bonn und k\u00fcndigt weitere Aktionen an","url":"https:\/\/www.bachhausen.de\/so-erklaert-die-letzte-generation-die-blockade-am-flughafen-koeln-bonn-und-kuendigt-weitere-aktionen-an\/","datePublished":"2024-07-24","dateModified":"2024-07-24","mainEntityOfPage":"https:\/\/www.bachhausen.de\/so-erklaert-die-letzte-generation-die-blockade-am-flughafen-koeln-bonn-und-kuendigt-weitere-aktionen-an\/","author":{"@type":"Person","@id":"##Person","name":"Report K","url":"#","identifier":20,"image":{"@type":"ImageObject","@id":"https:\/\/secure.gravatar.com\/avatar\/36af2c4c1f6de1245282e2f6d3e4483d8c1fb911663df347a69e69f7ff897aac?s=96&d=monsterid&r=g","url":"https:\/\/secure.gravatar.com\/avatar\/36af2c4c1f6de1245282e2f6d3e4483d8c1fb911663df347a69e69f7ff897aac?s=96&d=monsterid&r=g","height":96,"width":96}},"publisher":{"@type":"Person","name":"Dirk Bachhausen","image":{"@type":"ImageObject","@id":"https:\/\/www.bachhausen.de\/wp-content\/uploads\/2019\/07\/dirk_profil-300x300.jpg","url":"https:\/\/www.bachhausen.de\/wp-content\/uploads\/2019\/07\/dirk_profil-300x300.jpg","width":600,"height":60}},"image":{"@type":"ImageObject","@id":"https:\/\/www.bachhausen.de\/wp-content\/uploads\/2024\/07\/IMAGE_LGGermany_Koeln_faraway.jpg","url":"https:\/\/www.bachhausen.de\/wp-content\/uploads\/2024\/07\/IMAGE_LGGermany_Koeln_faraway.jpg","height":0,"width":0},"keywords":["blockade","erklart","flughafen","generation","kundigt","letzte","weitere"]},{"@type":"NewsArticle","@id":"https:\/\/www.bachhausen.de\/so-viel-kostet-das-bewohnerparken-in-koeln-ab-oktober-2024\/","headline":"So viel kostet das Bewohnerparken in K\u00f6ln ab Oktober 2024","url":"https:\/\/www.bachhausen.de\/so-viel-kostet-das-bewohnerparken-in-koeln-ab-oktober-2024\/","datePublished":"2024-07-23","dateModified":"2024-07-23","mainEntityOfPage":"https:\/\/www.bachhausen.de\/so-viel-kostet-das-bewohnerparken-in-koeln-ab-oktober-2024\/","author":{"@type":"Person","@id":"##Person","name":"Report K","url":"#","identifier":20,"image":{"@type":"ImageObject","@id":"https:\/\/secure.gravatar.com\/avatar\/36af2c4c1f6de1245282e2f6d3e4483d8c1fb911663df347a69e69f7ff897aac?s=96&d=monsterid&r=g","url":"https:\/\/secure.gravatar.com\/avatar\/36af2c4c1f6de1245282e2f6d3e4483d8c1fb911663df347a69e69f7ff897aac?s=96&d=monsterid&r=g","height":96,"width":96}},"publisher":{"@type":"Person","name":"Dirk Bachhausen","image":{"@type":"ImageObject","@id":"https:\/\/www.bachhausen.de\/wp-content\/uploads\/2019\/07\/dirk_profil-300x300.jpg","url":"https:\/\/www.bachhausen.de\/wp-content\/uploads\/2019\/07\/dirk_profil-300x300.jpg","width":600,"height":60}},"image":{"@type":"ImageObject","@id":"https:\/\/www.bachhausen.de\/wp-content\/uploads\/2024\/07\/parken_pix_23072024.jpg","url":"https:\/\/www.bachhausen.de\/wp-content\/uploads\/2024\/07\/parken_pix_23072024.jpg","height":768,"width":1024},"keywords":["bewohnerparken","kostet","oktober"]},{"@type":"NewsArticle","@id":"https:\/\/www.bachhausen.de\/stadt-kauft-gebaeude-rossio-in-der-messecity-sued-in-deutz\/","headline":"Stadt kauft Geb\u00e4ude \u201eRossio\u201c in der Messecity S\u00fcd in Deutz","url":"https:\/\/www.bachhausen.de\/stadt-kauft-gebaeude-rossio-in-der-messecity-sued-in-deutz\/","datePublished":"2024-07-23","dateModified":"2024-07-23","mainEntityOfPage":"https:\/\/www.bachhausen.de\/stadt-kauft-gebaeude-rossio-in-der-messecity-sued-in-deutz\/","author":{"@type":"Person","@id":"##Person","name":"Report K","url":"#","identifier":20,"image":{"@type":"ImageObject","@id":"https:\/\/secure.gravatar.com\/avatar\/36af2c4c1f6de1245282e2f6d3e4483d8c1fb911663df347a69e69f7ff897aac?s=96&d=monsterid&r=g","url":"https:\/\/secure.gravatar.com\/avatar\/36af2c4c1f6de1245282e2f6d3e4483d8c1fb911663df347a69e69f7ff897aac?s=96&d=monsterid&r=g","height":96,"width":96}},"publisher":{"@type":"Person","name":"Dirk Bachhausen","image":{"@type":"ImageObject","@id":"https:\/\/www.bachhausen.de\/wp-content\/uploads\/2019\/07\/dirk_profil-300x300.jpg","url":"https:\/\/www.bachhausen.de\/wp-content\/uploads\/2019\/07\/dirk_profil-300x300.jpg","width":600,"height":60}},"image":{"@type":"ImageObject","@id":"https:\/\/www.bachhausen.de\/wp-content\/uploads\/2024\/07\/ROSSIO_Strassenansicht_HHVision.jpg","url":"https:\/\/www.bachhausen.de\/wp-content\/uploads\/2024\/07\/ROSSIO_Strassenansicht_HHVision.jpg","height":0,"width":0},"keywords":["deutz","gebaude","kauft","messecity","rossio","stadt"]},{"@type":"NewsArticle","@id":"https:\/\/www.bachhausen.de\/zum-zehnten-mal-fc-fans-vor-start-in-die-neue-saison-zum-domgottesdienst-geladen\/","headline":"Zum zehnten Mal: FC-Fans vor Start in die neue Saison zum Domgottesdienst geladen","url":"https:\/\/www.bachhausen.de\/zum-zehnten-mal-fc-fans-vor-start-in-die-neue-saison-zum-domgottesdienst-geladen\/","datePublished":"2024-07-22","dateModified":"2024-07-22","mainEntityOfPage":"https:\/\/www.bachhausen.de\/zum-zehnten-mal-fc-fans-vor-start-in-die-neue-saison-zum-domgottesdienst-geladen\/","author":{"@type":"Person","@id":"##Person","name":"Report K","url":"#","identifier":20,"image":{"@type":"ImageObject","@id":"https:\/\/secure.gravatar.com\/avatar\/36af2c4c1f6de1245282e2f6d3e4483d8c1fb911663df347a69e69f7ff897aac?s=96&d=monsterid&r=g","url":"https:\/\/secure.gravatar.com\/avatar\/36af2c4c1f6de1245282e2f6d3e4483d8c1fb911663df347a69e69f7ff897aac?s=96&d=monsterid&r=g","height":96,"width":96}},"publisher":{"@type":"Person","name":"Dirk Bachhausen","image":{"@type":"ImageObject","@id":"https:\/\/www.bachhausen.de\/wp-content\/uploads\/2019\/07\/dirk_profil-300x300.jpg","url":"https:\/\/www.bachhausen.de\/wp-content\/uploads\/2019\/07\/dirk_profil-300x300.jpg","width":600,"height":60}},"image":{"@type":"ImageObject","@id":"https:\/\/www.bachhausen.de\/wp-content\/uploads\/2024\/02\/IMG_6052_dom_24042024.jpg","url":"https:\/\/www.bachhausen.de\/wp-content\/uploads\/2024\/02\/IMG_6052_dom_24042024.jpg","height":0,"width":0},"keywords":["domgottesdienst","geladen","saison","start","zehnten"]},{"@type":"NewsArticle","@id":"https:\/\/www.bachhausen.de\/koelner-bundestagsabgeordnete-droege-plaediert-fuer-habeck-als-kanzlerkandidat\/","headline":"K\u00f6lner Bundestagsabgeordnete Dr\u00f6ge pl\u00e4diert f\u00fcr Habeck als Kanzlerkandidat","url":"https:\/\/www.bachhausen.de\/koelner-bundestagsabgeordnete-droege-plaediert-fuer-habeck-als-kanzlerkandidat\/","datePublished":"2024-07-22","dateModified":"2024-07-22","mainEntityOfPage":"https:\/\/www.bachhausen.de\/koelner-bundestagsabgeordnete-droege-plaediert-fuer-habeck-als-kanzlerkandidat\/","author":{"@type":"Person","@id":"##Person","name":"Report K","url":"#","identifier":20,"image":{"@type":"ImageObject","@id":"https:\/\/secure.gravatar.com\/avatar\/36af2c4c1f6de1245282e2f6d3e4483d8c1fb911663df347a69e69f7ff897aac?s=96&d=monsterid&r=g","url":"https:\/\/secure.gravatar.com\/avatar\/36af2c4c1f6de1245282e2f6d3e4483d8c1fb911663df347a69e69f7ff897aac?s=96&d=monsterid&r=g","height":96,"width":96}},"publisher":{"@type":"Person","name":"Dirk Bachhausen","image":{"@type":"ImageObject","@id":"https:\/\/www.bachhausen.de\/wp-content\/uploads\/2019\/07\/dirk_profil-300x300.jpg","url":"https:\/\/www.bachhausen.de\/wp-content\/uploads\/2019\/07\/dirk_profil-300x300.jpg","width":600,"height":60}},"image":{"@type":"ImageObject","@id":"https:\/\/www.bachhausen.de\/wp-content\/uploads\/2024\/07\/dts_photo35209.jpg","url":"https:\/\/www.bachhausen.de\/wp-content\/uploads\/2024\/07\/dts_photo35209.jpg","height":0,"width":0},"keywords":["bundestagsabgeordnete","droge","habeck","kanzlerkandidat","kolner","pladiert"]},{"@type":"NewsArticle","@id":"https:\/\/www.bachhausen.de\/rechtsradikale-und-homophobe-aeusserungen-am-rande-der-csd-parade\/","headline":"Rechtsradikale und homophobe \u00c4u\u00dferungen am Rande der CSD-Parade","url":"https:\/\/www.bachhausen.de\/rechtsradikale-und-homophobe-aeusserungen-am-rande-der-csd-parade\/","datePublished":"2024-07-21","dateModified":"2024-07-21","mainEntityOfPage":"https:\/\/www.bachhausen.de\/rechtsradikale-und-homophobe-aeusserungen-am-rande-der-csd-parade\/","author":{"@type":"Person","@id":"##Person","name":"Report K","url":"#","identifier":20,"image":{"@type":"ImageObject","@id":"https:\/\/secure.gravatar.com\/avatar\/36af2c4c1f6de1245282e2f6d3e4483d8c1fb911663df347a69e69f7ff897aac?s=96&d=monsterid&r=g","url":"https:\/\/secure.gravatar.com\/avatar\/36af2c4c1f6de1245282e2f6d3e4483d8c1fb911663df347a69e69f7ff897aac?s=96&d=monsterid&r=g","height":96,"width":96}},"publisher":{"@type":"Person","name":"Dirk Bachhausen","image":{"@type":"ImageObject","@id":"https:\/\/www.bachhausen.de\/wp-content\/uploads\/2019\/07\/dirk_profil-300x300.jpg","url":"https:\/\/www.bachhausen.de\/wp-content\/uploads\/2019\/07\/dirk_profil-300x300.jpg","width":600,"height":60}},"image":{"@type":"ImageObject","@id":"https:\/\/www.bachhausen.de\/wp-content\/uploads\/2024\/05\/dts_photo33675.jpg","url":"https:\/\/www.bachhausen.de\/wp-content\/uploads\/2024\/05\/dts_photo33675.jpg","height":0,"width":0},"keywords":["erungen","homophobe","parade","rande","rechtsradikale"]},{"@type":"NewsArticle","@id":"https:\/\/www.bachhausen.de\/kritik-an-den-oeffnungszeiten-des-freibades-vingst-von-badegaesten\/","headline":"Kritik an den \u00d6ffnungszeiten des Freibades Vingst von Badeg\u00e4sten","url":"https:\/\/www.bachhausen.de\/kritik-an-den-oeffnungszeiten-des-freibades-vingst-von-badegaesten\/","datePublished":"2024-07-21","dateModified":"2024-07-21","mainEntityOfPage":"https:\/\/www.bachhausen.de\/kritik-an-den-oeffnungszeiten-des-freibades-vingst-von-badegaesten\/","author":{"@type":"Person","@id":"##Person","name":"Report K","url":"#","identifier":20,"image":{"@type":"ImageObject","@id":"https:\/\/secure.gravatar.com\/avatar\/36af2c4c1f6de1245282e2f6d3e4483d8c1fb911663df347a69e69f7ff897aac?s=96&d=monsterid&r=g","url":"https:\/\/secure.gravatar.com\/avatar\/36af2c4c1f6de1245282e2f6d3e4483d8c1fb911663df347a69e69f7ff897aac?s=96&d=monsterid&r=g","height":96,"width":96}},"publisher":{"@type":"Person","name":"Dirk Bachhausen","image":{"@type":"ImageObject","@id":"https:\/\/www.bachhausen.de\/wp-content\/uploads\/2019\/07\/dirk_profil-300x300.jpg","url":"https:\/\/www.bachhausen.de\/wp-content\/uploads\/2019\/07\/dirk_profil-300x300.jpg","width":600,"height":60}},"image":{"@type":"ImageObject","@id":"https:\/\/www.bachhausen.de\/wp-content\/uploads\/2024\/07\/screen_koelnbaeder_21072024.png","url":"https:\/\/www.bachhausen.de\/wp-content\/uploads\/2024\/07\/screen_koelnbaeder_21072024.png","height":768,"width":1024},"keywords":["badegasten","freibades","kritik","offnungszeiten","vingst"]},{"@type":"NewsArticle","@id":"https:\/\/www.bachhausen.de\/cologne-pride-2024-die-demo-parade-fuer-menschenrechte\/","headline":"Cologne Pride 2024: Die Demo-Parade f\u00fcr Menschenrechte","url":"https:\/\/www.bachhausen.de\/cologne-pride-2024-die-demo-parade-fuer-menschenrechte\/","datePublished":"2024-07-21","dateModified":"2024-07-21","mainEntityOfPage":"https:\/\/www.bachhausen.de\/cologne-pride-2024-die-demo-parade-fuer-menschenrechte\/","author":{"@type":"Person","@id":"##Person","name":"Report K","url":"#","identifier":20,"image":{"@type":"ImageObject","@id":"https:\/\/secure.gravatar.com\/avatar\/36af2c4c1f6de1245282e2f6d3e4483d8c1fb911663df347a69e69f7ff897aac?s=96&d=monsterid&r=g","url":"https:\/\/secure.gravatar.com\/avatar\/36af2c4c1f6de1245282e2f6d3e4483d8c1fb911663df347a69e69f7ff897aac?s=96&d=monsterid&r=g","height":96,"width":96}},"publisher":{"@type":"Person","name":"Dirk Bachhausen","image":{"@type":"ImageObject","@id":"https:\/\/www.bachhausen.de\/wp-content\/uploads\/2019\/07\/dirk_profil-300x300.jpg","url":"https:\/\/www.bachhausen.de\/wp-content\/uploads\/2019\/07\/dirk_profil-300x300.jpg","width":600,"height":60}},"image":{"@type":"ImageObject","@id":"https:\/\/www.bachhausen.de\/wp-content\/uploads\/2023\/07\/csd_koeln_pix_26072023.jpg","url":"https:\/\/www.bachhausen.de\/wp-content\/uploads\/2023\/07\/csd_koeln_pix_26072023.jpg","height":0,"width":0},"keywords":["cologne","menschenrechte","parade","pride"]},{"@type":"NewsArticle","@id":"https:\/\/www.bachhausen.de\/csd-empfang-2024-emcke-mit-kompassnadel-geehrt\/","headline":"CSD Empfang 2024: Emcke mit Kompassnadel geehrt","url":"https:\/\/www.bachhausen.de\/csd-empfang-2024-emcke-mit-kompassnadel-geehrt\/","datePublished":"2024-07-20","dateModified":"2024-07-20","mainEntityOfPage":"https:\/\/www.bachhausen.de\/csd-empfang-2024-emcke-mit-kompassnadel-geehrt\/","author":{"@type":"Person","@id":"##Person","name":"Report K","url":"#","identifier":20,"image":{"@type":"ImageObject","@id":"https:\/\/secure.gravatar.com\/avatar\/36af2c4c1f6de1245282e2f6d3e4483d8c1fb911663df347a69e69f7ff897aac?s=96&d=monsterid&r=g","url":"https:\/\/secure.gravatar.com\/avatar\/36af2c4c1f6de1245282e2f6d3e4483d8c1fb911663df347a69e69f7ff897aac?s=96&d=monsterid&r=g","height":96,"width":96}},"publisher":{"@type":"Person","name":"Dirk Bachhausen","image":{"@type":"ImageObject","@id":"https:\/\/www.bachhausen.de\/wp-content\/uploads\/2019\/07\/dirk_profil-300x300.jpg","url":"https:\/\/www.bachhausen.de\/wp-content\/uploads\/2019\/07\/dirk_profil-300x300.jpg","width":600,"height":60}},"image":{"@type":"ImageObject","@id":"https:\/\/www.bachhausen.de\/wp-content\/uploads\/2024\/07\/Emcke_Carolin_pressefoto_web_20072024.jpg","url":"https:\/\/www.bachhausen.de\/wp-content\/uploads\/2024\/07\/Emcke_Carolin_pressefoto_web_20072024.jpg","height":768,"width":1024},"keywords":["emcke","empfang","geehrt","kompassnadel"]}]}