{"@context":"https:\/\/schema.org\/","@type":"CollectionPage","@id":"https:\/\/www.bachhausen.de\/Thema\/politik\/koeln\/#CollectionPage","headline":"K\u00f6ln Category","description":"","url":"https:\/\/www.bachhausen.de\/Thema\/politik\/koeln\/","hasPart":[{"@type":"NewsArticle","@id":"https:\/\/www.bachhausen.de\/verbot-von-huawei-teilen-im-5-g-netz\/","headline":"Verbot von Huawei-Teilen im 5-G-Netz","url":"https:\/\/www.bachhausen.de\/verbot-von-huawei-teilen-im-5-g-netz\/","datePublished":"2024-07-11","dateModified":"2024-07-11","mainEntityOfPage":"https:\/\/www.bachhausen.de\/verbot-von-huawei-teilen-im-5-g-netz\/","author":{"@type":"Person","@id":"##Person","name":"SPD K\u00f6ln","url":"#","identifier":4,"image":{"@type":"ImageObject","@id":"https:\/\/secure.gravatar.com\/avatar\/9e275a42f0e2d615e7358ea63859947f3ea63517a2bcb7a2b26010d9ca858396?s=96&d=monsterid&r=g","url":"https:\/\/secure.gravatar.com\/avatar\/9e275a42f0e2d615e7358ea63859947f3ea63517a2bcb7a2b26010d9ca858396?s=96&d=monsterid&r=g","height":96,"width":96}},"publisher":{"@type":"Person","name":"Dirk Bachhausen","image":{"@type":"ImageObject","@id":"https:\/\/www.bachhausen.de\/wp-content\/uploads\/2019\/07\/dirk_profil-300x300.jpg","url":"https:\/\/www.bachhausen.de\/wp-content\/uploads\/2019\/07\/dirk_profil-300x300.jpg","width":600,"height":60}},"image":{"@type":"ImageObject","@id":"https:\/\/www.bachhausen.de\/wp-content\/uploads\/2023\/09\/Zeitungsleser.webp","url":"https:\/\/www.bachhausen.de\/wp-content\/uploads\/2023\/09\/Zeitungsleser.webp","height":534,"width":800},"keywords":["huawei","teilen","verbot"]},{"@type":"NewsArticle","@id":"https:\/\/www.bachhausen.de\/zwei-tage-warnstreik-beim-wdr-seit-2-uhr-wird-gestreikt\/","headline":"Zwei Tage Warnstreik beim \u201eWDR\u201c: Seit 2 Uhr wird gestreikt","url":"https:\/\/www.bachhausen.de\/zwei-tage-warnstreik-beim-wdr-seit-2-uhr-wird-gestreikt\/","datePublished":"2024-07-11","dateModified":"2024-07-11","mainEntityOfPage":"https:\/\/www.bachhausen.de\/zwei-tage-warnstreik-beim-wdr-seit-2-uhr-wird-gestreikt\/","author":{"@type":"Person","@id":"##Person","name":"Report K","url":"#","identifier":20,"image":{"@type":"ImageObject","@id":"https:\/\/secure.gravatar.com\/avatar\/36af2c4c1f6de1245282e2f6d3e4483d8c1fb911663df347a69e69f7ff897aac?s=96&d=monsterid&r=g","url":"https:\/\/secure.gravatar.com\/avatar\/36af2c4c1f6de1245282e2f6d3e4483d8c1fb911663df347a69e69f7ff897aac?s=96&d=monsterid&r=g","height":96,"width":96}},"publisher":{"@type":"Person","name":"Dirk Bachhausen","image":{"@type":"ImageObject","@id":"https:\/\/www.bachhausen.de\/wp-content\/uploads\/2019\/07\/dirk_profil-300x300.jpg","url":"https:\/\/www.bachhausen.de\/wp-content\/uploads\/2019\/07\/dirk_profil-300x300.jpg","width":600,"height":60}},"image":{"@type":"ImageObject","@id":"https:\/\/www.bachhausen.de\/wp-content\/uploads\/2022\/08\/wdr_pix_04082022.jpg","url":"https:\/\/www.bachhausen.de\/wp-content\/uploads\/2022\/08\/wdr_pix_04082022.jpg","height":0,"width":0},"keywords":["gestreikt","warnstreik"]},{"@type":"NewsArticle","@id":"https:\/\/www.bachhausen.de\/bi-kalkberg-schreibt-an-koelner-ratspolitik-wegen-kalkberg\/","headline":"BI Kalkberg schreibt an K\u00f6lner Ratspolitik wegen Kalkberg","url":"https:\/\/www.bachhausen.de\/bi-kalkberg-schreibt-an-koelner-ratspolitik-wegen-kalkberg\/","datePublished":"2024-07-10","dateModified":"2024-07-10","mainEntityOfPage":"https:\/\/www.bachhausen.de\/bi-kalkberg-schreibt-an-koelner-ratspolitik-wegen-kalkberg\/","author":{"@type":"Person","@id":"##Person","name":"Report K","url":"#","identifier":20,"image":{"@type":"ImageObject","@id":"https:\/\/secure.gravatar.com\/avatar\/36af2c4c1f6de1245282e2f6d3e4483d8c1fb911663df347a69e69f7ff897aac?s=96&d=monsterid&r=g","url":"https:\/\/secure.gravatar.com\/avatar\/36af2c4c1f6de1245282e2f6d3e4483d8c1fb911663df347a69e69f7ff897aac?s=96&d=monsterid&r=g","height":96,"width":96}},"publisher":{"@type":"Person","name":"Dirk Bachhausen","image":{"@type":"ImageObject","@id":"https:\/\/www.bachhausen.de\/wp-content\/uploads\/2019\/07\/dirk_profil-300x300.jpg","url":"https:\/\/www.bachhausen.de\/wp-content\/uploads\/2019\/07\/dirk_profil-300x300.jpg","width":600,"height":60}},"image":{"@type":"ImageObject","@id":"https:\/\/www.bachhausen.de\/wp-content\/uploads\/2021\/12\/kalkberg_14-03-2016-25.jpg","url":"https:\/\/www.bachhausen.de\/wp-content\/uploads\/2021\/12\/kalkberg_14-03-2016-25.jpg","height":0,"width":0},"keywords":["kalkberg","kolner","ratspolitik","schreibt","wegen"]},{"@type":"NewsArticle","@id":"https:\/\/www.bachhausen.de\/bernhard-conin-wird-mit-dem-rheinlandtaler-ausgezeichnet\/","headline":"Bernhard Conin wird mit dem Rheinlandtaler ausgezeichnet","url":"https:\/\/www.bachhausen.de\/bernhard-conin-wird-mit-dem-rheinlandtaler-ausgezeichnet\/","datePublished":"2024-07-10","dateModified":"2024-07-10","mainEntityOfPage":"https:\/\/www.bachhausen.de\/bernhard-conin-wird-mit-dem-rheinlandtaler-ausgezeichnet\/","author":{"@type":"Person","@id":"##Person","name":"Report K","url":"#","identifier":20,"image":{"@type":"ImageObject","@id":"https:\/\/secure.gravatar.com\/avatar\/36af2c4c1f6de1245282e2f6d3e4483d8c1fb911663df347a69e69f7ff897aac?s=96&d=monsterid&r=g","url":"https:\/\/secure.gravatar.com\/avatar\/36af2c4c1f6de1245282e2f6d3e4483d8c1fb911663df347a69e69f7ff897aac?s=96&d=monsterid&r=g","height":96,"width":96}},"publisher":{"@type":"Person","name":"Dirk Bachhausen","image":{"@type":"ImageObject","@id":"https:\/\/www.bachhausen.de\/wp-content\/uploads\/2019\/07\/dirk_profil-300x300.jpg","url":"https:\/\/www.bachhausen.de\/wp-content\/uploads\/2019\/07\/dirk_profil-300x300.jpg","width":600,"height":60}},"image":{"@type":"ImageObject","@id":"https:\/\/www.bachhausen.de\/wp-content\/uploads\/2023\/03\/Conin_Bernhard_Kc_.jpg","url":"https:\/\/www.bachhausen.de\/wp-content\/uploads\/2023\/03\/Conin_Bernhard_Kc_.jpg","height":0,"width":0},"keywords":["ausgezeichnet","bernhard","conin","rheinlandtaler"]},{"@type":"NewsArticle","@id":"https:\/\/www.bachhausen.de\/unterstuetzung-der-schuetzenbruderschaften-im-koelner-norden\/","headline":"Unterst\u00fctzung der Sch\u00fctzenbruderschaften im K\u00f6lner Norden","url":"https:\/\/www.bachhausen.de\/unterstuetzung-der-schuetzenbruderschaften-im-koelner-norden\/","datePublished":"2024-07-10","dateModified":"2024-07-10","mainEntityOfPage":"https:\/\/www.bachhausen.de\/unterstuetzung-der-schuetzenbruderschaften-im-koelner-norden\/","author":{"@type":"Person","@id":"##Person","name":"SPD K\u00f6ln","url":"#","identifier":4,"image":{"@type":"ImageObject","@id":"https:\/\/secure.gravatar.com\/avatar\/9e275a42f0e2d615e7358ea63859947f3ea63517a2bcb7a2b26010d9ca858396?s=96&d=monsterid&r=g","url":"https:\/\/secure.gravatar.com\/avatar\/9e275a42f0e2d615e7358ea63859947f3ea63517a2bcb7a2b26010d9ca858396?s=96&d=monsterid&r=g","height":96,"width":96}},"publisher":{"@type":"Person","name":"Dirk Bachhausen","image":{"@type":"ImageObject","@id":"https:\/\/www.bachhausen.de\/wp-content\/uploads\/2019\/07\/dirk_profil-300x300.jpg","url":"https:\/\/www.bachhausen.de\/wp-content\/uploads\/2019\/07\/dirk_profil-300x300.jpg","width":600,"height":60}},"image":{"@type":"ImageObject","@id":"https:\/\/www.bachhausen.de\/wp-content\/uploads\/2023\/09\/Zeitungsleser.webp","url":"https:\/\/www.bachhausen.de\/wp-content\/uploads\/2023\/09\/Zeitungsleser.webp","height":534,"width":800},"keywords":["kolner","norden","schutzenbruderschaften","unterstutzung"]},{"@type":"NewsArticle","@id":"https:\/\/www.bachhausen.de\/koelner-sportstaetten-machen-geringeres-minus-in-2023\/","headline":"K\u00f6lner Sportst\u00e4tten machen geringeres Minus in 2023","url":"https:\/\/www.bachhausen.de\/koelner-sportstaetten-machen-geringeres-minus-in-2023\/","datePublished":"2024-07-10","dateModified":"2024-07-10","mainEntityOfPage":"https:\/\/www.bachhausen.de\/koelner-sportstaetten-machen-geringeres-minus-in-2023\/","author":{"@type":"Person","@id":"##Person","name":"Report K","url":"#","identifier":20,"image":{"@type":"ImageObject","@id":"https:\/\/secure.gravatar.com\/avatar\/36af2c4c1f6de1245282e2f6d3e4483d8c1fb911663df347a69e69f7ff897aac?s=96&d=monsterid&r=g","url":"https:\/\/secure.gravatar.com\/avatar\/36af2c4c1f6de1245282e2f6d3e4483d8c1fb911663df347a69e69f7ff897aac?s=96&d=monsterid&r=g","height":96,"width":96}},"publisher":{"@type":"Person","name":"Dirk Bachhausen","image":{"@type":"ImageObject","@id":"https:\/\/www.bachhausen.de\/wp-content\/uploads\/2019\/07\/dirk_profil-300x300.jpg","url":"https:\/\/www.bachhausen.de\/wp-content\/uploads\/2019\/07\/dirk_profil-300x300.jpg","width":600,"height":60}},"image":{"@type":"ImageObject","@id":"https:\/\/www.bachhausen.de\/wp-content\/uploads\/2024\/04\/rheinenergiestadion_gemeinfrei_25042024.jpg","url":"https:\/\/www.bachhausen.de\/wp-content\/uploads\/2024\/04\/rheinenergiestadion_gemeinfrei_25042024.jpg","height":0,"width":0},"keywords":["geringeres","kolner","machen","minus","sportstatten"]},{"@type":"NewsArticle","@id":"https:\/\/www.bachhausen.de\/spd-fordert-schnelle-einstellung-neuen-personals-fuer-hitdorfer-faehre-sankt-michael\/","headline":"SPD fordert schnelle Einstellung neuen Personals f\u00fcr Hitdorfer F\u00e4hre Sankt Michael","url":"https:\/\/www.bachhausen.de\/spd-fordert-schnelle-einstellung-neuen-personals-fuer-hitdorfer-faehre-sankt-michael\/","datePublished":"2024-07-10","dateModified":"2024-07-10","mainEntityOfPage":"https:\/\/www.bachhausen.de\/spd-fordert-schnelle-einstellung-neuen-personals-fuer-hitdorfer-faehre-sankt-michael\/","author":{"@type":"Person","@id":"##Person","name":"SPD K\u00f6ln","url":"#","identifier":4,"image":{"@type":"ImageObject","@id":"https:\/\/secure.gravatar.com\/avatar\/9e275a42f0e2d615e7358ea63859947f3ea63517a2bcb7a2b26010d9ca858396?s=96&d=monsterid&r=g","url":"https:\/\/secure.gravatar.com\/avatar\/9e275a42f0e2d615e7358ea63859947f3ea63517a2bcb7a2b26010d9ca858396?s=96&d=monsterid&r=g","height":96,"width":96}},"publisher":{"@type":"Person","name":"Dirk Bachhausen","image":{"@type":"ImageObject","@id":"https:\/\/www.bachhausen.de\/wp-content\/uploads\/2019\/07\/dirk_profil-300x300.jpg","url":"https:\/\/www.bachhausen.de\/wp-content\/uploads\/2019\/07\/dirk_profil-300x300.jpg","width":600,"height":60}},"image":{"@type":"ImageObject","@id":"https:\/\/www.bachhausen.de\/wp-content\/uploads\/2023\/09\/Zeitungsleser.webp","url":"https:\/\/www.bachhausen.de\/wp-content\/uploads\/2023\/09\/Zeitungsleser.webp","height":534,"width":800},"keywords":["einstellung","fahre","fordert","hitdorfer","neuen","personals","schnelle"]},{"@type":"NewsArticle","@id":"https:\/\/www.bachhausen.de\/schoene-sommerferien\/","headline":"Sch\u00f6ne Sommerferien!","url":"https:\/\/www.bachhausen.de\/schoene-sommerferien\/","datePublished":"2024-07-10","dateModified":"2024-07-10","mainEntityOfPage":"https:\/\/www.bachhausen.de\/schoene-sommerferien\/","author":{"@type":"Person","@id":"##Person","name":"SPD K\u00f6ln","url":"#","identifier":4,"image":{"@type":"ImageObject","@id":"https:\/\/secure.gravatar.com\/avatar\/9e275a42f0e2d615e7358ea63859947f3ea63517a2bcb7a2b26010d9ca858396?s=96&d=monsterid&r=g","url":"https:\/\/secure.gravatar.com\/avatar\/9e275a42f0e2d615e7358ea63859947f3ea63517a2bcb7a2b26010d9ca858396?s=96&d=monsterid&r=g","height":96,"width":96}},"publisher":{"@type":"Person","name":"Dirk Bachhausen","image":{"@type":"ImageObject","@id":"https:\/\/www.bachhausen.de\/wp-content\/uploads\/2019\/07\/dirk_profil-300x300.jpg","url":"https:\/\/www.bachhausen.de\/wp-content\/uploads\/2019\/07\/dirk_profil-300x300.jpg","width":600,"height":60}},"image":{"@type":"ImageObject","@id":"https:\/\/www.bachhausen.de\/wp-content\/uploads\/2023\/09\/Zeitungsleser.webp","url":"https:\/\/www.bachhausen.de\/wp-content\/uploads\/2023\/09\/Zeitungsleser.webp","height":534,"width":800},"keywords":["schone","sommerferien"]},{"@type":"NewsArticle","@id":"https:\/\/www.bachhausen.de\/unsere-buergermeistertour-am-26-06-2024\/","headline":"Unsere B\u00fcrgermeistertour am 26.06.2024","url":"https:\/\/www.bachhausen.de\/unsere-buergermeistertour-am-26-06-2024\/","datePublished":"2024-07-10","dateModified":"2024-07-10","mainEntityOfPage":"https:\/\/www.bachhausen.de\/unsere-buergermeistertour-am-26-06-2024\/","author":{"@type":"Person","@id":"##Person","name":"SPD K\u00f6ln","url":"#","identifier":4,"image":{"@type":"ImageObject","@id":"https:\/\/secure.gravatar.com\/avatar\/9e275a42f0e2d615e7358ea63859947f3ea63517a2bcb7a2b26010d9ca858396?s=96&d=monsterid&r=g","url":"https:\/\/secure.gravatar.com\/avatar\/9e275a42f0e2d615e7358ea63859947f3ea63517a2bcb7a2b26010d9ca858396?s=96&d=monsterid&r=g","height":96,"width":96}},"publisher":{"@type":"Person","name":"Dirk Bachhausen","image":{"@type":"ImageObject","@id":"https:\/\/www.bachhausen.de\/wp-content\/uploads\/2019\/07\/dirk_profil-300x300.jpg","url":"https:\/\/www.bachhausen.de\/wp-content\/uploads\/2019\/07\/dirk_profil-300x300.jpg","width":600,"height":60}},"image":{"@type":"ImageObject","@id":"https:\/\/www.bachhausen.de\/wp-content\/uploads\/2023\/09\/Zeitungsleser.webp","url":"https:\/\/www.bachhausen.de\/wp-content\/uploads\/2023\/09\/Zeitungsleser.webp","height":534,"width":800},"keywords":["burgermeistertour","unsere"]},{"@type":"NewsArticle","@id":"https:\/\/www.bachhausen.de\/gourmet-festival-am-rhein-ende-juli-2024\/","headline":"Gourmet Festival am Rhein Ende Juli 2024","url":"https:\/\/www.bachhausen.de\/gourmet-festival-am-rhein-ende-juli-2024\/","datePublished":"2024-07-08","dateModified":"2024-07-08","mainEntityOfPage":"https:\/\/www.bachhausen.de\/gourmet-festival-am-rhein-ende-juli-2024\/","author":{"@type":"Person","@id":"##Person","name":"Report K","url":"#","identifier":20,"image":{"@type":"ImageObject","@id":"https:\/\/secure.gravatar.com\/avatar\/36af2c4c1f6de1245282e2f6d3e4483d8c1fb911663df347a69e69f7ff897aac?s=96&d=monsterid&r=g","url":"https:\/\/secure.gravatar.com\/avatar\/36af2c4c1f6de1245282e2f6d3e4483d8c1fb911663df347a69e69f7ff897aac?s=96&d=monsterid&r=g","height":96,"width":96}},"publisher":{"@type":"Person","name":"Dirk Bachhausen","image":{"@type":"ImageObject","@id":"https:\/\/www.bachhausen.de\/wp-content\/uploads\/2019\/07\/dirk_profil-300x300.jpg","url":"https:\/\/www.bachhausen.de\/wp-content\/uploads\/2019\/07\/dirk_profil-300x300.jpg","width":600,"height":60}},"image":{"@type":"ImageObject","@id":"https:\/\/www.bachhausen.de\/wp-content\/uploads\/2024\/07\/gfk_pr_08072024-1068x756.jpg","url":"https:\/\/www.bachhausen.de\/wp-content\/uploads\/2024\/07\/gfk_pr_08072024-1068x756.jpg","height":756,"width":1068},"keywords":["festival","gourmet","rhein"]}]}