{"@context":"https:\/\/schema.org\/","@type":"CollectionPage","@id":"https:\/\/www.bachhausen.de\/Thema\/politik\/koeln\/#CollectionPage","headline":"K\u00f6ln Category","description":"","url":"https:\/\/www.bachhausen.de\/Thema\/politik\/koeln\/","hasPart":[{"@type":"NewsArticle","@id":"https:\/\/www.bachhausen.de\/stadt-nennt-traegerinnen-der-ehrenamtspreise-2024\/","headline":"Stadt nennt Tr\u00e4ger:innen der Ehrenamtspreise 2024","url":"https:\/\/www.bachhausen.de\/stadt-nennt-traegerinnen-der-ehrenamtspreise-2024\/","datePublished":"2024-07-08","dateModified":"2024-07-08","mainEntityOfPage":"https:\/\/www.bachhausen.de\/stadt-nennt-traegerinnen-der-ehrenamtspreise-2024\/","author":{"@type":"Person","@id":"##Person","name":"Report K","url":"#","identifier":20,"image":{"@type":"ImageObject","@id":"https:\/\/secure.gravatar.com\/avatar\/36af2c4c1f6de1245282e2f6d3e4483d8c1fb911663df347a69e69f7ff897aac?s=96&d=monsterid&r=g","url":"https:\/\/secure.gravatar.com\/avatar\/36af2c4c1f6de1245282e2f6d3e4483d8c1fb911663df347a69e69f7ff897aac?s=96&d=monsterid&r=g","height":96,"width":96}},"publisher":{"@type":"Person","name":"Dirk Bachhausen","image":{"@type":"ImageObject","@id":"https:\/\/www.bachhausen.de\/wp-content\/uploads\/2019\/07\/dirk_profil-300x300.jpg","url":"https:\/\/www.bachhausen.de\/wp-content\/uploads\/2019\/07\/dirk_profil-300x300.jpg","width":600,"height":60}},"image":{"@type":"ImageObject","@id":"https:\/\/www.bachhausen.de\/wp-content\/uploads\/2024\/07\/ehreneamt_pix_08072024-1068x756.jpg","url":"https:\/\/www.bachhausen.de\/wp-content\/uploads\/2024\/07\/ehreneamt_pix_08072024-1068x756.jpg","height":0,"width":0},"keywords":["ehrenamtspreise","innen","nennt","stadt","trager"]},{"@type":"NewsArticle","@id":"https:\/\/www.bachhausen.de\/sommer-open-air-in-esch\/","headline":"Sommer Open Air in Esch","url":"https:\/\/www.bachhausen.de\/sommer-open-air-in-esch\/","datePublished":"2024-07-07","dateModified":"2024-07-07","mainEntityOfPage":"https:\/\/www.bachhausen.de\/sommer-open-air-in-esch\/","author":{"@type":"Person","@id":"##Person","name":"SPD K\u00f6ln","url":"#","identifier":4,"image":{"@type":"ImageObject","@id":"https:\/\/secure.gravatar.com\/avatar\/9e275a42f0e2d615e7358ea63859947f3ea63517a2bcb7a2b26010d9ca858396?s=96&d=monsterid&r=g","url":"https:\/\/secure.gravatar.com\/avatar\/9e275a42f0e2d615e7358ea63859947f3ea63517a2bcb7a2b26010d9ca858396?s=96&d=monsterid&r=g","height":96,"width":96}},"publisher":{"@type":"Person","name":"Dirk Bachhausen","image":{"@type":"ImageObject","@id":"https:\/\/www.bachhausen.de\/wp-content\/uploads\/2019\/07\/dirk_profil-300x300.jpg","url":"https:\/\/www.bachhausen.de\/wp-content\/uploads\/2019\/07\/dirk_profil-300x300.jpg","width":600,"height":60}},"image":{"@type":"ImageObject","@id":"https:\/\/www.bachhausen.de\/wp-content\/uploads\/2023\/09\/Zeitungsleser.webp","url":"https:\/\/www.bachhausen.de\/wp-content\/uploads\/2023\/09\/Zeitungsleser.webp","height":534,"width":800},"keywords":["sommer"]},{"@type":"NewsArticle","@id":"https:\/\/www.bachhausen.de\/ueberarbeitung-der-games-foerderung-und-foerderzulage-kommen\/","headline":"\u00dcberarbeitung der Games-F\u00f6rderung und F\u00f6rderzulage kommen","url":"https:\/\/www.bachhausen.de\/ueberarbeitung-der-games-foerderung-und-foerderzulage-kommen\/","datePublished":"2024-07-06","dateModified":"2024-07-06","mainEntityOfPage":"https:\/\/www.bachhausen.de\/ueberarbeitung-der-games-foerderung-und-foerderzulage-kommen\/","author":{"@type":"Person","@id":"##Person","name":"SPD K\u00f6ln","url":"#","identifier":4,"image":{"@type":"ImageObject","@id":"https:\/\/secure.gravatar.com\/avatar\/9e275a42f0e2d615e7358ea63859947f3ea63517a2bcb7a2b26010d9ca858396?s=96&d=monsterid&r=g","url":"https:\/\/secure.gravatar.com\/avatar\/9e275a42f0e2d615e7358ea63859947f3ea63517a2bcb7a2b26010d9ca858396?s=96&d=monsterid&r=g","height":96,"width":96}},"publisher":{"@type":"Person","name":"Dirk Bachhausen","image":{"@type":"ImageObject","@id":"https:\/\/www.bachhausen.de\/wp-content\/uploads\/2019\/07\/dirk_profil-300x300.jpg","url":"https:\/\/www.bachhausen.de\/wp-content\/uploads\/2019\/07\/dirk_profil-300x300.jpg","width":600,"height":60}},"image":{"@type":"ImageObject","@id":"https:\/\/www.bachhausen.de\/wp-content\/uploads\/2023\/09\/Zeitungsleser.webp","url":"https:\/\/www.bachhausen.de\/wp-content\/uploads\/2023\/09\/Zeitungsleser.webp","height":534,"width":800},"keywords":["forderung","forderzulage","games","kommen","uberarbeitung"]},{"@type":"NewsArticle","@id":"https:\/\/www.bachhausen.de\/gehsteigbelaestigungen-werden-verboten\/","headline":"Gehsteigbel\u00e4stigungen werden verboten","url":"https:\/\/www.bachhausen.de\/gehsteigbelaestigungen-werden-verboten\/","datePublished":"2024-07-06","dateModified":"2024-07-06","mainEntityOfPage":"https:\/\/www.bachhausen.de\/gehsteigbelaestigungen-werden-verboten\/","author":{"@type":"Person","@id":"##Person","name":"SPD K\u00f6ln","url":"#","identifier":4,"image":{"@type":"ImageObject","@id":"https:\/\/secure.gravatar.com\/avatar\/9e275a42f0e2d615e7358ea63859947f3ea63517a2bcb7a2b26010d9ca858396?s=96&d=monsterid&r=g","url":"https:\/\/secure.gravatar.com\/avatar\/9e275a42f0e2d615e7358ea63859947f3ea63517a2bcb7a2b26010d9ca858396?s=96&d=monsterid&r=g","height":96,"width":96}},"publisher":{"@type":"Person","name":"Dirk Bachhausen","image":{"@type":"ImageObject","@id":"https:\/\/www.bachhausen.de\/wp-content\/uploads\/2019\/07\/dirk_profil-300x300.jpg","url":"https:\/\/www.bachhausen.de\/wp-content\/uploads\/2019\/07\/dirk_profil-300x300.jpg","width":600,"height":60}},"image":{"@type":"ImageObject","@id":"https:\/\/www.bachhausen.de\/wp-content\/uploads\/2023\/09\/Zeitungsleser.webp","url":"https:\/\/www.bachhausen.de\/wp-content\/uploads\/2023\/09\/Zeitungsleser.webp","height":534,"width":800},"keywords":["gehsteigbelastigungen","verboten","werden"]},{"@type":"NewsArticle","@id":"https:\/\/www.bachhausen.de\/public-viewing-in-koeln-platz-nur-noch-am-konrad-adenauer-ufer\/","headline":"Public Viewing in K\u00f6ln: Platz nur noch am Konrad-Adenauer-Ufer","url":"https:\/\/www.bachhausen.de\/public-viewing-in-koeln-platz-nur-noch-am-konrad-adenauer-ufer\/","datePublished":"2024-07-05","dateModified":"2024-07-05","mainEntityOfPage":"https:\/\/www.bachhausen.de\/public-viewing-in-koeln-platz-nur-noch-am-konrad-adenauer-ufer\/","author":{"@type":"Person","@id":"##Person","name":"Report K","url":"#","identifier":20,"image":{"@type":"ImageObject","@id":"https:\/\/secure.gravatar.com\/avatar\/36af2c4c1f6de1245282e2f6d3e4483d8c1fb911663df347a69e69f7ff897aac?s=96&d=monsterid&r=g","url":"https:\/\/secure.gravatar.com\/avatar\/36af2c4c1f6de1245282e2f6d3e4483d8c1fb911663df347a69e69f7ff897aac?s=96&d=monsterid&r=g","height":96,"width":96}},"publisher":{"@type":"Person","name":"Dirk Bachhausen","image":{"@type":"ImageObject","@id":"https:\/\/www.bachhausen.de\/wp-content\/uploads\/2019\/07\/dirk_profil-300x300.jpg","url":"https:\/\/www.bachhausen.de\/wp-content\/uploads\/2019\/07\/dirk_profil-300x300.jpg","width":600,"height":60}},"image":{"@type":"ImageObject","@id":"https:\/\/www.bachhausen.de\/wp-content\/uploads\/2024\/07\/dts_photo40182.jpg","url":"https:\/\/www.bachhausen.de\/wp-content\/uploads\/2024\/07\/dts_photo40182.jpg","height":768,"width":1064},"keywords":["adenauer","konrad","platz","public","viewing"]},{"@type":"NewsArticle","@id":"https:\/\/www.bachhausen.de\/kooperativen-sind-demokratischer-stabilitaetsanker\/","headline":"Kooperativen sind demokratischer Stabilit\u00e4tsanker","url":"https:\/\/www.bachhausen.de\/kooperativen-sind-demokratischer-stabilitaetsanker\/","datePublished":"2024-07-05","dateModified":"2024-07-05","mainEntityOfPage":"https:\/\/www.bachhausen.de\/kooperativen-sind-demokratischer-stabilitaetsanker\/","author":{"@type":"Person","@id":"##Person","name":"SPD K\u00f6ln","url":"#","identifier":4,"image":{"@type":"ImageObject","@id":"https:\/\/secure.gravatar.com\/avatar\/9e275a42f0e2d615e7358ea63859947f3ea63517a2bcb7a2b26010d9ca858396?s=96&d=monsterid&r=g","url":"https:\/\/secure.gravatar.com\/avatar\/9e275a42f0e2d615e7358ea63859947f3ea63517a2bcb7a2b26010d9ca858396?s=96&d=monsterid&r=g","height":96,"width":96}},"publisher":{"@type":"Person","name":"Dirk Bachhausen","image":{"@type":"ImageObject","@id":"https:\/\/www.bachhausen.de\/wp-content\/uploads\/2019\/07\/dirk_profil-300x300.jpg","url":"https:\/\/www.bachhausen.de\/wp-content\/uploads\/2019\/07\/dirk_profil-300x300.jpg","width":600,"height":60}},"image":{"@type":"ImageObject","@id":"https:\/\/www.bachhausen.de\/wp-content\/uploads\/2023\/09\/Zeitungsleser.webp","url":"https:\/\/www.bachhausen.de\/wp-content\/uploads\/2023\/09\/Zeitungsleser.webp","height":534,"width":800},"keywords":["demokratischer","kooperativen","stabilitatsanker"]},{"@type":"NewsArticle","@id":"https:\/\/www.bachhausen.de\/hallo-zukunft\/","headline":"Hallo Zukunft!","url":"https:\/\/www.bachhausen.de\/hallo-zukunft\/","datePublished":"2024-07-05","dateModified":"2024-07-05","mainEntityOfPage":"https:\/\/www.bachhausen.de\/hallo-zukunft\/","author":{"@type":"Person","@id":"##Person","name":"SPD K\u00f6ln","url":"#","identifier":4,"image":{"@type":"ImageObject","@id":"https:\/\/secure.gravatar.com\/avatar\/9e275a42f0e2d615e7358ea63859947f3ea63517a2bcb7a2b26010d9ca858396?s=96&d=monsterid&r=g","url":"https:\/\/secure.gravatar.com\/avatar\/9e275a42f0e2d615e7358ea63859947f3ea63517a2bcb7a2b26010d9ca858396?s=96&d=monsterid&r=g","height":96,"width":96}},"publisher":{"@type":"Person","name":"Dirk Bachhausen","image":{"@type":"ImageObject","@id":"https:\/\/www.bachhausen.de\/wp-content\/uploads\/2019\/07\/dirk_profil-300x300.jpg","url":"https:\/\/www.bachhausen.de\/wp-content\/uploads\/2019\/07\/dirk_profil-300x300.jpg","width":600,"height":60}},"image":{"@type":"ImageObject","@id":"https:\/\/www.bachhausen.de\/wp-content\/uploads\/2023\/09\/Zeitungsleser.webp","url":"https:\/\/www.bachhausen.de\/wp-content\/uploads\/2023\/09\/Zeitungsleser.webp","height":534,"width":800},"keywords":["hallo","zukunft"]},{"@type":"NewsArticle","@id":"https:\/\/www.bachhausen.de\/untitled\/","headline":"(Untitled)","url":"https:\/\/www.bachhausen.de\/untitled\/","datePublished":"2024-07-05","dateModified":"2024-07-05","mainEntityOfPage":"https:\/\/www.bachhausen.de\/untitled\/","author":{"@type":"Person","@id":"##Person","name":"SPD K\u00f6ln","url":"#","identifier":4,"image":{"@type":"ImageObject","@id":"https:\/\/secure.gravatar.com\/avatar\/9e275a42f0e2d615e7358ea63859947f3ea63517a2bcb7a2b26010d9ca858396?s=96&d=monsterid&r=g","url":"https:\/\/secure.gravatar.com\/avatar\/9e275a42f0e2d615e7358ea63859947f3ea63517a2bcb7a2b26010d9ca858396?s=96&d=monsterid&r=g","height":96,"width":96}},"publisher":{"@type":"Person","name":"Dirk Bachhausen","image":{"@type":"ImageObject","@id":"https:\/\/www.bachhausen.de\/wp-content\/uploads\/2019\/07\/dirk_profil-300x300.jpg","url":"https:\/\/www.bachhausen.de\/wp-content\/uploads\/2019\/07\/dirk_profil-300x300.jpg","width":600,"height":60}},"image":{"@type":"ImageObject","@id":"https:\/\/www.bachhausen.de\/wp-content\/uploads\/2023\/09\/Zeitungsleser.webp","url":"https:\/\/www.bachhausen.de\/wp-content\/uploads\/2023\/09\/Zeitungsleser.webp","height":534,"width":800},"keywords":["untitled"]},{"@type":"NewsArticle","@id":"https:\/\/www.bachhausen.de\/gremberger-waeldchen-das-sagen-die-geraeumten-besetzer-und-statement-von-fff\/","headline":"Gremberger W\u00e4ldchen: Das sagen die ger\u00e4umten Besetzer und Statement von FFF","url":"https:\/\/www.bachhausen.de\/gremberger-waeldchen-das-sagen-die-geraeumten-besetzer-und-statement-von-fff\/","datePublished":"2024-07-04","dateModified":"2024-07-04","mainEntityOfPage":"https:\/\/www.bachhausen.de\/gremberger-waeldchen-das-sagen-die-geraeumten-besetzer-und-statement-von-fff\/","author":{"@type":"Person","@id":"##Person","name":"Report K","url":"#","identifier":20,"image":{"@type":"ImageObject","@id":"https:\/\/secure.gravatar.com\/avatar\/36af2c4c1f6de1245282e2f6d3e4483d8c1fb911663df347a69e69f7ff897aac?s=96&d=monsterid&r=g","url":"https:\/\/secure.gravatar.com\/avatar\/36af2c4c1f6de1245282e2f6d3e4483d8c1fb911663df347a69e69f7ff897aac?s=96&d=monsterid&r=g","height":96,"width":96}},"publisher":{"@type":"Person","name":"Dirk Bachhausen","image":{"@type":"ImageObject","@id":"https:\/\/www.bachhausen.de\/wp-content\/uploads\/2019\/07\/dirk_profil-300x300.jpg","url":"https:\/\/www.bachhausen.de\/wp-content\/uploads\/2019\/07\/dirk_profil-300x300.jpg","width":600,"height":60}},"image":{"@type":"ImageObject","@id":"https:\/\/www.bachhausen.de\/wp-content\/uploads\/2024\/06\/gremberger_waeldchen_14062024.jpg","url":"https:\/\/www.bachhausen.de\/wp-content\/uploads\/2024\/06\/gremberger_waeldchen_14062024.jpg","height":0,"width":0},"keywords":["besetzer","geraumten","gremberger","sagen","statement","waldchen"]},{"@type":"NewsArticle","@id":"https:\/\/www.bachhausen.de\/koelner-architekturbuero-gewinnt-wettbewerb-um-devk-hochhaus-am-rhein\/","headline":"K\u00f6lner Architekturb\u00fcro gewinnt Wettbewerb um DEVK-Hochhaus am Rhein","url":"https:\/\/www.bachhausen.de\/koelner-architekturbuero-gewinnt-wettbewerb-um-devk-hochhaus-am-rhein\/","datePublished":"2024-07-04","dateModified":"2024-07-04","mainEntityOfPage":"https:\/\/www.bachhausen.de\/koelner-architekturbuero-gewinnt-wettbewerb-um-devk-hochhaus-am-rhein\/","author":{"@type":"Person","@id":"##Person","name":"Report K","url":"#","identifier":20,"image":{"@type":"ImageObject","@id":"https:\/\/secure.gravatar.com\/avatar\/36af2c4c1f6de1245282e2f6d3e4483d8c1fb911663df347a69e69f7ff897aac?s=96&d=monsterid&r=g","url":"https:\/\/secure.gravatar.com\/avatar\/36af2c4c1f6de1245282e2f6d3e4483d8c1fb911663df347a69e69f7ff897aac?s=96&d=monsterid&r=g","height":96,"width":96}},"publisher":{"@type":"Person","name":"Dirk Bachhausen","image":{"@type":"ImageObject","@id":"https:\/\/www.bachhausen.de\/wp-content\/uploads\/2019\/07\/dirk_profil-300x300.jpg","url":"https:\/\/www.bachhausen.de\/wp-content\/uploads\/2019\/07\/dirk_profil-300x300.jpg","width":600,"height":60}},"image":{"@type":"ImageObject","@id":"https:\/\/www.bachhausen.de\/wp-content\/uploads\/2024\/07\/DEVK-PM-Neubau-2024-07-01-DEVK-Plaene-Turmmodell-JSWD-Architekten-GmbH-und-Co-KG-2.jpg","url":"https:\/\/www.bachhausen.de\/wp-content\/uploads\/2024\/07\/DEVK-PM-Neubau-2024-07-01-DEVK-Plaene-Turmmodell-JSWD-Architekten-GmbH-und-Co-KG-2.jpg","height":0,"width":0},"keywords":["architekturburo","gewinnt","hochhaus","kolner","rhein","wettbewerb"]}]}