{"@context":"https:\/\/schema.org\/","@type":"CollectionPage","@id":"https:\/\/www.bachhausen.de\/Thema\/politik\/koeln\/#CollectionPage","headline":"K\u00f6ln Category","description":"","url":"https:\/\/www.bachhausen.de\/Thema\/politik\/koeln\/","hasPart":[{"@type":"NewsArticle","@id":"https:\/\/www.bachhausen.de\/kinder-mit-psychisch-kranken-oder-suchtkranken-eltern-unterstuetzen\/","headline":"Kinder mit psychisch kranken oder suchtkranken Eltern unterst\u00fctzen","url":"https:\/\/www.bachhausen.de\/kinder-mit-psychisch-kranken-oder-suchtkranken-eltern-unterstuetzen\/","datePublished":"2024-07-03","dateModified":"2024-07-03","mainEntityOfPage":"https:\/\/www.bachhausen.de\/kinder-mit-psychisch-kranken-oder-suchtkranken-eltern-unterstuetzen\/","author":{"@type":"Person","@id":"##Person","name":"SPD K\u00f6ln","url":"#","identifier":4,"image":{"@type":"ImageObject","@id":"https:\/\/secure.gravatar.com\/avatar\/9e275a42f0e2d615e7358ea63859947f3ea63517a2bcb7a2b26010d9ca858396?s=96&d=monsterid&r=g","url":"https:\/\/secure.gravatar.com\/avatar\/9e275a42f0e2d615e7358ea63859947f3ea63517a2bcb7a2b26010d9ca858396?s=96&d=monsterid&r=g","height":96,"width":96}},"publisher":{"@type":"Person","name":"Dirk Bachhausen","image":{"@type":"ImageObject","@id":"https:\/\/www.bachhausen.de\/wp-content\/uploads\/2019\/07\/dirk_profil-300x300.jpg","url":"https:\/\/www.bachhausen.de\/wp-content\/uploads\/2019\/07\/dirk_profil-300x300.jpg","width":600,"height":60}},"image":{"@type":"ImageObject","@id":"https:\/\/www.bachhausen.de\/wp-content\/uploads\/2023\/09\/Zeitungsleser.webp","url":"https:\/\/www.bachhausen.de\/wp-content\/uploads\/2023\/09\/Zeitungsleser.webp","height":534,"width":800},"keywords":["eltern","kinder","kranken","psychisch","suchtkranken","unterstutzen"]},{"@type":"NewsArticle","@id":"https:\/\/www.bachhausen.de\/mitglieder-des-beirates-bei-der-koordinierungsstelle-fuer-digitale-dienste-nach-dem-digitalen-dienste-gesetz\/","headline":"Mitglieder des Beirates bei der Koordinierungsstelle f\u00fcr digitale Dienste nach dem Digitalen-Dienste-Gesetz","url":"https:\/\/www.bachhausen.de\/mitglieder-des-beirates-bei-der-koordinierungsstelle-fuer-digitale-dienste-nach-dem-digitalen-dienste-gesetz\/","datePublished":"2024-07-03","dateModified":"2024-07-03","mainEntityOfPage":"https:\/\/www.bachhausen.de\/mitglieder-des-beirates-bei-der-koordinierungsstelle-fuer-digitale-dienste-nach-dem-digitalen-dienste-gesetz\/","author":{"@type":"Person","@id":"##Person","name":"SPD K\u00f6ln","url":"#","identifier":4,"image":{"@type":"ImageObject","@id":"https:\/\/secure.gravatar.com\/avatar\/9e275a42f0e2d615e7358ea63859947f3ea63517a2bcb7a2b26010d9ca858396?s=96&d=monsterid&r=g","url":"https:\/\/secure.gravatar.com\/avatar\/9e275a42f0e2d615e7358ea63859947f3ea63517a2bcb7a2b26010d9ca858396?s=96&d=monsterid&r=g","height":96,"width":96}},"publisher":{"@type":"Person","name":"Dirk Bachhausen","image":{"@type":"ImageObject","@id":"https:\/\/www.bachhausen.de\/wp-content\/uploads\/2019\/07\/dirk_profil-300x300.jpg","url":"https:\/\/www.bachhausen.de\/wp-content\/uploads\/2019\/07\/dirk_profil-300x300.jpg","width":600,"height":60}},"image":{"@type":"ImageObject","@id":"https:\/\/www.bachhausen.de\/wp-content\/uploads\/2023\/09\/Zeitungsleser.webp","url":"https:\/\/www.bachhausen.de\/wp-content\/uploads\/2023\/09\/Zeitungsleser.webp","height":534,"width":800},"keywords":["beirates","dienste","digitale","digitalen","koordinierungsstelle","mitglieder"]},{"@type":"NewsArticle","@id":"https:\/\/www.bachhausen.de\/arbeitsgericht-entscheidet-gegen-stadt-koeln-kuendigung-nach-potsdamer-treffen-unwirksam\/","headline":"Arbeitsgericht entscheidet gegen Stadt K\u00f6ln: K\u00fcndigung nach \u201ePotsdamer Treffen\u201c unwirksam","url":"https:\/\/www.bachhausen.de\/arbeitsgericht-entscheidet-gegen-stadt-koeln-kuendigung-nach-potsdamer-treffen-unwirksam\/","datePublished":"2024-07-03","dateModified":"2024-07-03","mainEntityOfPage":"https:\/\/www.bachhausen.de\/arbeitsgericht-entscheidet-gegen-stadt-koeln-kuendigung-nach-potsdamer-treffen-unwirksam\/","author":{"@type":"Person","@id":"##Person","name":"Report K","url":"#","identifier":20,"image":{"@type":"ImageObject","@id":"https:\/\/secure.gravatar.com\/avatar\/36af2c4c1f6de1245282e2f6d3e4483d8c1fb911663df347a69e69f7ff897aac?s=96&d=monsterid&r=g","url":"https:\/\/secure.gravatar.com\/avatar\/36af2c4c1f6de1245282e2f6d3e4483d8c1fb911663df347a69e69f7ff897aac?s=96&d=monsterid&r=g","height":96,"width":96}},"publisher":{"@type":"Person","name":"Dirk Bachhausen","image":{"@type":"ImageObject","@id":"https:\/\/www.bachhausen.de\/wp-content\/uploads\/2019\/07\/dirk_profil-300x300.jpg","url":"https:\/\/www.bachhausen.de\/wp-content\/uploads\/2019\/07\/dirk_profil-300x300.jpg","width":600,"height":60}},"image":{"@type":"ImageObject","@id":"https:\/\/www.bachhausen.de\/wp-content\/uploads\/2024\/07\/justizia_pix_ag_16062022.png","url":"https:\/\/www.bachhausen.de\/wp-content\/uploads\/2024\/07\/justizia_pix_ag_16062022.png","height":768,"width":1064},"keywords":["arbeitsgericht","entscheidet","gegen","kundigung","potsdamer","stadt","treffen"]},{"@type":"NewsArticle","@id":"https:\/\/www.bachhausen.de\/polizei-koeln-raeumt-waldbesetzung-im-gremberger-waeldchen\/","headline":"Polizei K\u00f6ln r\u00e4umt Waldbesetzung im Gremberger W\u00e4ldchen","url":"https:\/\/www.bachhausen.de\/polizei-koeln-raeumt-waldbesetzung-im-gremberger-waeldchen\/","datePublished":"2024-07-03","dateModified":"2024-07-03","mainEntityOfPage":"https:\/\/www.bachhausen.de\/polizei-koeln-raeumt-waldbesetzung-im-gremberger-waeldchen\/","author":{"@type":"Person","@id":"##Person","name":"Report K","url":"#","identifier":20,"image":{"@type":"ImageObject","@id":"https:\/\/secure.gravatar.com\/avatar\/36af2c4c1f6de1245282e2f6d3e4483d8c1fb911663df347a69e69f7ff897aac?s=96&d=monsterid&r=g","url":"https:\/\/secure.gravatar.com\/avatar\/36af2c4c1f6de1245282e2f6d3e4483d8c1fb911663df347a69e69f7ff897aac?s=96&d=monsterid&r=g","height":96,"width":96}},"publisher":{"@type":"Person","name":"Dirk Bachhausen","image":{"@type":"ImageObject","@id":"https:\/\/www.bachhausen.de\/wp-content\/uploads\/2019\/07\/dirk_profil-300x300.jpg","url":"https:\/\/www.bachhausen.de\/wp-content\/uploads\/2019\/07\/dirk_profil-300x300.jpg","width":600,"height":60}},"image":{"@type":"ImageObject","@id":"https:\/\/www.bachhausen.de\/wp-content\/uploads\/2024\/07\/511A2999_gremberg_14062024.jpg","url":"https:\/\/www.bachhausen.de\/wp-content\/uploads\/2024\/07\/511A2999_gremberg_14062024.jpg","height":768,"width":1064},"keywords":["gremberger","polizei","raumt","waldbesetzung","waldchen"]},{"@type":"NewsArticle","@id":"https:\/\/www.bachhausen.de\/euro-2024-koeln-sagt-tschoe-als-austragungsort\/","headline":"Euro 2024: K\u00f6ln sagt Tsch\u00f6 als Austragungsort","url":"https:\/\/www.bachhausen.de\/euro-2024-koeln-sagt-tschoe-als-austragungsort\/","datePublished":"2024-07-01","dateModified":"2024-07-01","mainEntityOfPage":"https:\/\/www.bachhausen.de\/euro-2024-koeln-sagt-tschoe-als-austragungsort\/","author":{"@type":"Person","@id":"##Person","name":"Report K","url":"#","identifier":20,"image":{"@type":"ImageObject","@id":"https:\/\/secure.gravatar.com\/avatar\/36af2c4c1f6de1245282e2f6d3e4483d8c1fb911663df347a69e69f7ff897aac?s=96&d=monsterid&r=g","url":"https:\/\/secure.gravatar.com\/avatar\/36af2c4c1f6de1245282e2f6d3e4483d8c1fb911663df347a69e69f7ff897aac?s=96&d=monsterid&r=g","height":96,"width":96}},"publisher":{"@type":"Person","name":"Dirk Bachhausen","image":{"@type":"ImageObject","@id":"https:\/\/www.bachhausen.de\/wp-content\/uploads\/2019\/07\/dirk_profil-300x300.jpg","url":"https:\/\/www.bachhausen.de\/wp-content\/uploads\/2019\/07\/dirk_profil-300x300.jpg","width":600,"height":60}},"image":{"@type":"ImageObject","@id":"https:\/\/www.bachhausen.de\/wp-content\/uploads\/2024\/07\/DSC_5018-1068x712.jpg","url":"https:\/\/www.bachhausen.de\/wp-content\/uploads\/2024\/07\/DSC_5018-1068x712.jpg","height":712,"width":1068},"keywords":["austragungsort","tscho"]},{"@type":"NewsArticle","@id":"https:\/\/www.bachhausen.de\/sommerempfang-der-spd-fraktion\/","headline":"Sommerempfang der SPD-Fraktion","url":"https:\/\/www.bachhausen.de\/sommerempfang-der-spd-fraktion\/","datePublished":"2024-07-01","dateModified":"2024-07-01","mainEntityOfPage":"https:\/\/www.bachhausen.de\/sommerempfang-der-spd-fraktion\/","author":{"@type":"Person","@id":"##Person","name":"SPD K\u00f6ln","url":"#","identifier":4,"image":{"@type":"ImageObject","@id":"https:\/\/secure.gravatar.com\/avatar\/9e275a42f0e2d615e7358ea63859947f3ea63517a2bcb7a2b26010d9ca858396?s=96&d=monsterid&r=g","url":"https:\/\/secure.gravatar.com\/avatar\/9e275a42f0e2d615e7358ea63859947f3ea63517a2bcb7a2b26010d9ca858396?s=96&d=monsterid&r=g","height":96,"width":96}},"publisher":{"@type":"Person","name":"Dirk Bachhausen","image":{"@type":"ImageObject","@id":"https:\/\/www.bachhausen.de\/wp-content\/uploads\/2019\/07\/dirk_profil-300x300.jpg","url":"https:\/\/www.bachhausen.de\/wp-content\/uploads\/2019\/07\/dirk_profil-300x300.jpg","width":600,"height":60}},"image":{"@type":"ImageObject","@id":"https:\/\/www.bachhausen.de\/wp-content\/uploads\/2023\/09\/Zeitungsleser.webp","url":"https:\/\/www.bachhausen.de\/wp-content\/uploads\/2023\/09\/Zeitungsleser.webp","height":534,"width":800},"keywords":["fraktion","sommerempfang"]},{"@type":"NewsArticle","@id":"https:\/\/www.bachhausen.de\/kita-plaetze-in-nrw-kritik-an-der-landesregierung\/","headline":"Kita-Pl\u00e4tze in NRW: Kritik an der Landesregierung","url":"https:\/\/www.bachhausen.de\/kita-plaetze-in-nrw-kritik-an-der-landesregierung\/","datePublished":"2024-07-01","dateModified":"2024-07-01","mainEntityOfPage":"https:\/\/www.bachhausen.de\/kita-plaetze-in-nrw-kritik-an-der-landesregierung\/","author":{"@type":"Person","@id":"##Person","name":"SPD K\u00f6ln","url":"#","identifier":4,"image":{"@type":"ImageObject","@id":"https:\/\/secure.gravatar.com\/avatar\/9e275a42f0e2d615e7358ea63859947f3ea63517a2bcb7a2b26010d9ca858396?s=96&d=monsterid&r=g","url":"https:\/\/secure.gravatar.com\/avatar\/9e275a42f0e2d615e7358ea63859947f3ea63517a2bcb7a2b26010d9ca858396?s=96&d=monsterid&r=g","height":96,"width":96}},"publisher":{"@type":"Person","name":"Dirk Bachhausen","image":{"@type":"ImageObject","@id":"https:\/\/www.bachhausen.de\/wp-content\/uploads\/2019\/07\/dirk_profil-300x300.jpg","url":"https:\/\/www.bachhausen.de\/wp-content\/uploads\/2019\/07\/dirk_profil-300x300.jpg","width":600,"height":60}},"image":{"@type":"ImageObject","@id":"https:\/\/www.bachhausen.de\/wp-content\/uploads\/2023\/09\/Zeitungsleser.webp","url":"https:\/\/www.bachhausen.de\/wp-content\/uploads\/2023\/09\/Zeitungsleser.webp","height":534,"width":800},"keywords":["kritik","landesregierung","platze"]},{"@type":"NewsArticle","@id":"https:\/\/www.bachhausen.de\/wetterdienst-warnt-vor-schweren-gewittern\/","headline":"Wetterdienst warnt vor schweren Gewittern","url":"https:\/\/www.bachhausen.de\/wetterdienst-warnt-vor-schweren-gewittern\/","datePublished":"2024-06-30","dateModified":"2024-06-30","mainEntityOfPage":"https:\/\/www.bachhausen.de\/wetterdienst-warnt-vor-schweren-gewittern\/","author":{"@type":"Person","@id":"##Person","name":"Report K","url":"#","identifier":20,"image":{"@type":"ImageObject","@id":"https:\/\/secure.gravatar.com\/avatar\/36af2c4c1f6de1245282e2f6d3e4483d8c1fb911663df347a69e69f7ff897aac?s=96&d=monsterid&r=g","url":"https:\/\/secure.gravatar.com\/avatar\/36af2c4c1f6de1245282e2f6d3e4483d8c1fb911663df347a69e69f7ff897aac?s=96&d=monsterid&r=g","height":96,"width":96}},"publisher":{"@type":"Person","name":"Dirk Bachhausen","image":{"@type":"ImageObject","@id":"https:\/\/www.bachhausen.de\/wp-content\/uploads\/2019\/07\/dirk_profil-300x300.jpg","url":"https:\/\/www.bachhausen.de\/wp-content\/uploads\/2019\/07\/dirk_profil-300x300.jpg","width":600,"height":60}},"image":{"@type":"ImageObject","@id":"https:\/\/www.bachhausen.de\/wp-content\/uploads\/2024\/06\/unwetter_pix_08062023.jpg","url":"https:\/\/www.bachhausen.de\/wp-content\/uploads\/2024\/06\/unwetter_pix_08062023.jpg","height":768,"width":1064},"keywords":["gewittern","schweren","warnt","wetterdienst"]},{"@type":"NewsArticle","@id":"https:\/\/www.bachhausen.de\/auf-der-opernbaustelle-steht-die-stabuebergabe-bei-der-spitzenposition-an\/","headline":"Auf der Opernbaustelle steht die Stab\u00fcbergabe bei der Spitzenposition an","url":"https:\/\/www.bachhausen.de\/auf-der-opernbaustelle-steht-die-stabuebergabe-bei-der-spitzenposition-an\/","datePublished":"2024-06-28","dateModified":"2024-06-28","mainEntityOfPage":"https:\/\/www.bachhausen.de\/auf-der-opernbaustelle-steht-die-stabuebergabe-bei-der-spitzenposition-an\/","author":{"@type":"Person","@id":"##Person","name":"Report K","url":"#","identifier":20,"image":{"@type":"ImageObject","@id":"https:\/\/secure.gravatar.com\/avatar\/36af2c4c1f6de1245282e2f6d3e4483d8c1fb911663df347a69e69f7ff897aac?s=96&d=monsterid&r=g","url":"https:\/\/secure.gravatar.com\/avatar\/36af2c4c1f6de1245282e2f6d3e4483d8c1fb911663df347a69e69f7ff897aac?s=96&d=monsterid&r=g","height":96,"width":96}},"publisher":{"@type":"Person","name":"Dirk Bachhausen","image":{"@type":"ImageObject","@id":"https:\/\/www.bachhausen.de\/wp-content\/uploads\/2019\/07\/dirk_profil-300x300.jpg","url":"https:\/\/www.bachhausen.de\/wp-content\/uploads\/2019\/07\/dirk_profil-300x300.jpg","width":600,"height":60}},"image":{"@type":"ImageObject","@id":"https:\/\/www.bachhausen.de\/wp-content\/uploads\/2024\/06\/reker_streitberger_170120232.jpg","url":"https:\/\/www.bachhausen.de\/wp-content\/uploads\/2024\/06\/reker_streitberger_170120232.jpg","height":768,"width":1064},"keywords":["opernbaustelle","spitzenposition","stabubergabe","steht"]},{"@type":"NewsArticle","@id":"https:\/\/www.bachhausen.de\/kreisverband-der-koelner-cdu-bekennt-sich-zum-grossmarkt\/","headline":"Kreisverband der K\u00f6lner CDU bekennt sich zum Gro\u00dfmarkt","url":"https:\/\/www.bachhausen.de\/kreisverband-der-koelner-cdu-bekennt-sich-zum-grossmarkt\/","datePublished":"2024-06-28","dateModified":"2024-06-28","mainEntityOfPage":"https:\/\/www.bachhausen.de\/kreisverband-der-koelner-cdu-bekennt-sich-zum-grossmarkt\/","author":{"@type":"Person","@id":"##Person","name":"Report K","url":"#","identifier":20,"image":{"@type":"ImageObject","@id":"https:\/\/secure.gravatar.com\/avatar\/36af2c4c1f6de1245282e2f6d3e4483d8c1fb911663df347a69e69f7ff897aac?s=96&d=monsterid&r=g","url":"https:\/\/secure.gravatar.com\/avatar\/36af2c4c1f6de1245282e2f6d3e4483d8c1fb911663df347a69e69f7ff897aac?s=96&d=monsterid&r=g","height":96,"width":96}},"publisher":{"@type":"Person","name":"Dirk Bachhausen","image":{"@type":"ImageObject","@id":"https:\/\/www.bachhausen.de\/wp-content\/uploads\/2019\/07\/dirk_profil-300x300.jpg","url":"https:\/\/www.bachhausen.de\/wp-content\/uploads\/2019\/07\/dirk_profil-300x300.jpg","width":600,"height":60}},"image":{"@type":"ImageObject","@id":"https:\/\/www.bachhausen.de\/wp-content\/uploads\/2024\/06\/511A7570grossmarkt_09042024.jpg","url":"https:\/\/www.bachhausen.de\/wp-content\/uploads\/2024\/06\/511A7570grossmarkt_09042024.jpg","height":768,"width":1024},"keywords":["bekennt","kolner","kreisverband","markt"]}]}