{"@context":"https:\/\/schema.org\/","@type":"CollectionPage","@id":"https:\/\/www.bachhausen.de\/Thema\/politik\/koeln\/#CollectionPage","headline":"K\u00f6ln Category","description":"","url":"https:\/\/www.bachhausen.de\/Thema\/politik\/koeln\/","hasPart":[{"@type":"NewsArticle","@id":"https:\/\/www.bachhausen.de\/sauberes-trinkwasser-st-martin-schule-in-koeln-seeberg-finanziert-brunnenbau-in-nigeria\/","headline":"Sauberes Trinkwasser: St. Martin-Schule in K\u00f6ln-Seeberg finanziert Brunnenbau in Nigeria","url":"https:\/\/www.bachhausen.de\/sauberes-trinkwasser-st-martin-schule-in-koeln-seeberg-finanziert-brunnenbau-in-nigeria\/","datePublished":"2025-12-24","dateModified":"2025-12-24","mainEntityOfPage":"https:\/\/www.bachhausen.de\/sauberes-trinkwasser-st-martin-schule-in-koeln-seeberg-finanziert-brunnenbau-in-nigeria\/","author":{"@type":"Person","@id":"##Person","name":"K\u00f6lner Stadtanzeiger","url":"#","identifier":3,"description":"Der K\u00f6lner Stadtanzeiger","image":{"@type":"ImageObject","@id":"https:\/\/secure.gravatar.com\/avatar\/a3f43e8250594c4ed8be9e86201eefa6cc06ef89c032788db696432ac7e77173?s=96&d=monsterid&r=g","url":"https:\/\/secure.gravatar.com\/avatar\/a3f43e8250594c4ed8be9e86201eefa6cc06ef89c032788db696432ac7e77173?s=96&d=monsterid&r=g","height":96,"width":96}},"publisher":{"@type":"Person","name":"Dirk Bachhausen","image":{"@type":"ImageObject","@id":"https:\/\/www.bachhausen.de\/wp-content\/uploads\/2019\/07\/dirk_profil-300x300.jpg","url":"https:\/\/www.bachhausen.de\/wp-content\/uploads\/2019\/07\/dirk_profil-300x300.jpg","width":600,"height":60}},"image":{"@type":"ImageObject","@id":"https:\/\/www.bachhausen.de\/wp-content\/uploads\/2019\/07\/dirk_profil-300x300.jpg","url":"https:\/\/www.bachhausen.de\/wp-content\/uploads\/2019\/07\/dirk_profil-300x300.jpg","width":100,"height":100},"keywords":null},{"@type":"NewsArticle","@id":"https:\/\/www.bachhausen.de\/fuehlinger-see-wohncontainer-fuer-gefluechtete-werden-abgebaut\/","headline":"F\u00fchlinger See: Wohncontainer f\u00fcr Gefl\u00fcchtete werden abgebaut","url":"https:\/\/www.bachhausen.de\/fuehlinger-see-wohncontainer-fuer-gefluechtete-werden-abgebaut\/","datePublished":"2025-12-24","dateModified":"2025-12-24","mainEntityOfPage":"https:\/\/www.bachhausen.de\/fuehlinger-see-wohncontainer-fuer-gefluechtete-werden-abgebaut\/","author":{"@type":"Person","@id":"##Person","name":"K\u00f6lner Stadtanzeiger","url":"#","identifier":3,"description":"Der K\u00f6lner Stadtanzeiger","image":{"@type":"ImageObject","@id":"https:\/\/secure.gravatar.com\/avatar\/a3f43e8250594c4ed8be9e86201eefa6cc06ef89c032788db696432ac7e77173?s=96&d=monsterid&r=g","url":"https:\/\/secure.gravatar.com\/avatar\/a3f43e8250594c4ed8be9e86201eefa6cc06ef89c032788db696432ac7e77173?s=96&d=monsterid&r=g","height":96,"width":96}},"publisher":{"@type":"Person","name":"Dirk Bachhausen","image":{"@type":"ImageObject","@id":"https:\/\/www.bachhausen.de\/wp-content\/uploads\/2019\/07\/dirk_profil-300x300.jpg","url":"https:\/\/www.bachhausen.de\/wp-content\/uploads\/2019\/07\/dirk_profil-300x300.jpg","width":600,"height":60}},"image":{"@type":"ImageObject","@id":"https:\/\/www.bachhausen.de\/wp-content\/uploads\/2019\/07\/dirk_profil-300x300.jpg","url":"https:\/\/www.bachhausen.de\/wp-content\/uploads\/2019\/07\/dirk_profil-300x300.jpg","width":100,"height":100},"keywords":null},{"@type":"NewsArticle","@id":"https:\/\/www.bachhausen.de\/wunschbaum-aktion-koelner-friseur-kunden-sorgen-fuer-rekordzahl-von-geschenken\/","headline":"Wunschbaum-Aktion: K\u00f6lner Friseur-Kunden sorgen f\u00fcr Rekordzahl von Geschenken","url":"https:\/\/www.bachhausen.de\/wunschbaum-aktion-koelner-friseur-kunden-sorgen-fuer-rekordzahl-von-geschenken\/","datePublished":"2025-12-21","dateModified":"2025-12-21","mainEntityOfPage":"https:\/\/www.bachhausen.de\/wunschbaum-aktion-koelner-friseur-kunden-sorgen-fuer-rekordzahl-von-geschenken\/","author":{"@type":"Person","@id":"##Person","name":"K\u00f6lner Stadtanzeiger","url":"#","identifier":3,"description":"Der K\u00f6lner Stadtanzeiger","image":{"@type":"ImageObject","@id":"https:\/\/secure.gravatar.com\/avatar\/a3f43e8250594c4ed8be9e86201eefa6cc06ef89c032788db696432ac7e77173?s=96&d=monsterid&r=g","url":"https:\/\/secure.gravatar.com\/avatar\/a3f43e8250594c4ed8be9e86201eefa6cc06ef89c032788db696432ac7e77173?s=96&d=monsterid&r=g","height":96,"width":96}},"publisher":{"@type":"Person","name":"Dirk Bachhausen","image":{"@type":"ImageObject","@id":"https:\/\/www.bachhausen.de\/wp-content\/uploads\/2019\/07\/dirk_profil-300x300.jpg","url":"https:\/\/www.bachhausen.de\/wp-content\/uploads\/2019\/07\/dirk_profil-300x300.jpg","width":600,"height":60}},"image":{"@type":"ImageObject","@id":"https:\/\/www.bachhausen.de\/wp-content\/uploads\/2019\/07\/dirk_profil-300x300.jpg","url":"https:\/\/www.bachhausen.de\/wp-content\/uploads\/2019\/07\/dirk_profil-300x300.jpg","width":100,"height":100},"keywords":null},{"@type":"NewsArticle","@id":"https:\/\/www.bachhausen.de\/rechnungspruefer-mahnen-was-wuerde-olympia-koeln-kosten\/","headline":"Rechnungspr\u00fcfer mahnen: Was w\u00fcrde Olympia K\u00f6ln kosten?","url":"https:\/\/www.bachhausen.de\/rechnungspruefer-mahnen-was-wuerde-olympia-koeln-kosten\/","datePublished":"2025-12-17","dateModified":"2025-12-17","mainEntityOfPage":"https:\/\/www.bachhausen.de\/rechnungspruefer-mahnen-was-wuerde-olympia-koeln-kosten\/","author":{"@type":"Person","@id":"##Person","name":"K\u00f6lner Stadtanzeiger","url":"#","identifier":3,"description":"Der K\u00f6lner Stadtanzeiger","image":{"@type":"ImageObject","@id":"https:\/\/secure.gravatar.com\/avatar\/a3f43e8250594c4ed8be9e86201eefa6cc06ef89c032788db696432ac7e77173?s=96&d=monsterid&r=g","url":"https:\/\/secure.gravatar.com\/avatar\/a3f43e8250594c4ed8be9e86201eefa6cc06ef89c032788db696432ac7e77173?s=96&d=monsterid&r=g","height":96,"width":96}},"publisher":{"@type":"Person","name":"Dirk Bachhausen","image":{"@type":"ImageObject","@id":"https:\/\/www.bachhausen.de\/wp-content\/uploads\/2019\/07\/dirk_profil-300x300.jpg","url":"https:\/\/www.bachhausen.de\/wp-content\/uploads\/2019\/07\/dirk_profil-300x300.jpg","width":600,"height":60}},"image":{"@type":"ImageObject","@id":"https:\/\/www.bachhausen.de\/wp-content\/uploads\/2019\/07\/dirk_profil-300x300.jpg","url":"https:\/\/www.bachhausen.de\/wp-content\/uploads\/2019\/07\/dirk_profil-300x300.jpg","width":100,"height":100},"keywords":null},{"@type":"NewsArticle","@id":"https:\/\/www.bachhausen.de\/stadt-pausiert-rueckbau-abriss-der-hauptschule-in-koeln-worringen-unterbrochen\/","headline":"Stadt pausiert R\u00fcckbau: Abriss der Hauptschule in K\u00f6ln-Worringen unterbrochen","url":"https:\/\/www.bachhausen.de\/stadt-pausiert-rueckbau-abriss-der-hauptschule-in-koeln-worringen-unterbrochen\/","datePublished":"2025-12-13","dateModified":"2025-12-13","mainEntityOfPage":"https:\/\/www.bachhausen.de\/stadt-pausiert-rueckbau-abriss-der-hauptschule-in-koeln-worringen-unterbrochen\/","author":{"@type":"Person","@id":"##Person","name":"K\u00f6lner Stadtanzeiger","url":"#","identifier":3,"description":"Der K\u00f6lner Stadtanzeiger","image":{"@type":"ImageObject","@id":"https:\/\/secure.gravatar.com\/avatar\/a3f43e8250594c4ed8be9e86201eefa6cc06ef89c032788db696432ac7e77173?s=96&d=monsterid&r=g","url":"https:\/\/secure.gravatar.com\/avatar\/a3f43e8250594c4ed8be9e86201eefa6cc06ef89c032788db696432ac7e77173?s=96&d=monsterid&r=g","height":96,"width":96}},"publisher":{"@type":"Person","name":"Dirk Bachhausen","image":{"@type":"ImageObject","@id":"https:\/\/www.bachhausen.de\/wp-content\/uploads\/2019\/07\/dirk_profil-300x300.jpg","url":"https:\/\/www.bachhausen.de\/wp-content\/uploads\/2019\/07\/dirk_profil-300x300.jpg","width":600,"height":60}},"image":{"@type":"ImageObject","@id":"https:\/\/www.bachhausen.de\/wp-content\/uploads\/2019\/07\/dirk_profil-300x300.jpg","url":"https:\/\/www.bachhausen.de\/wp-content\/uploads\/2019\/07\/dirk_profil-300x300.jpg","width":100,"height":100},"keywords":null},{"@type":"NewsArticle","@id":"https:\/\/www.bachhausen.de\/ueberfall-in-koeln-seeberg-unbekannter-attackiert-17-jaehrige-und-stiehlt-ihr-handy\/","headline":"\u00dcberfall in K\u00f6ln-Seeberg: Unbekannter attackiert 17-J\u00e4hrige und stiehlt ihr Handy","url":"https:\/\/www.bachhausen.de\/ueberfall-in-koeln-seeberg-unbekannter-attackiert-17-jaehrige-und-stiehlt-ihr-handy\/","datePublished":"2025-12-09","dateModified":"2025-12-09","mainEntityOfPage":"https:\/\/www.bachhausen.de\/ueberfall-in-koeln-seeberg-unbekannter-attackiert-17-jaehrige-und-stiehlt-ihr-handy\/","author":{"@type":"Person","@id":"##Person","name":"K\u00f6lner Stadtanzeiger","url":"#","identifier":3,"description":"Der K\u00f6lner Stadtanzeiger","image":{"@type":"ImageObject","@id":"https:\/\/secure.gravatar.com\/avatar\/a3f43e8250594c4ed8be9e86201eefa6cc06ef89c032788db696432ac7e77173?s=96&d=monsterid&r=g","url":"https:\/\/secure.gravatar.com\/avatar\/a3f43e8250594c4ed8be9e86201eefa6cc06ef89c032788db696432ac7e77173?s=96&d=monsterid&r=g","height":96,"width":96}},"publisher":{"@type":"Person","name":"Dirk Bachhausen","image":{"@type":"ImageObject","@id":"https:\/\/www.bachhausen.de\/wp-content\/uploads\/2019\/07\/dirk_profil-300x300.jpg","url":"https:\/\/www.bachhausen.de\/wp-content\/uploads\/2019\/07\/dirk_profil-300x300.jpg","width":600,"height":60}},"image":{"@type":"ImageObject","@id":"https:\/\/www.bachhausen.de\/wp-content\/uploads\/2019\/07\/dirk_profil-300x300.jpg","url":"https:\/\/www.bachhausen.de\/wp-content\/uploads\/2019\/07\/dirk_profil-300x300.jpg","width":100,"height":100},"keywords":null},{"@type":"NewsArticle","@id":"https:\/\/www.bachhausen.de\/eiserne-hochzeit-koelner-paar-ist-seit-65-jahren-verheiratet\/","headline":"Eiserne Hochzeit: K\u00f6lner Paar ist seit 65 Jahren verheiratet","url":"https:\/\/www.bachhausen.de\/eiserne-hochzeit-koelner-paar-ist-seit-65-jahren-verheiratet\/","datePublished":"2025-12-07","dateModified":"2025-12-07","mainEntityOfPage":"https:\/\/www.bachhausen.de\/eiserne-hochzeit-koelner-paar-ist-seit-65-jahren-verheiratet\/","author":{"@type":"Person","@id":"##Person","name":"K\u00f6lner Stadtanzeiger","url":"#","identifier":3,"description":"Der K\u00f6lner Stadtanzeiger","image":{"@type":"ImageObject","@id":"https:\/\/secure.gravatar.com\/avatar\/a3f43e8250594c4ed8be9e86201eefa6cc06ef89c032788db696432ac7e77173?s=96&d=monsterid&r=g","url":"https:\/\/secure.gravatar.com\/avatar\/a3f43e8250594c4ed8be9e86201eefa6cc06ef89c032788db696432ac7e77173?s=96&d=monsterid&r=g","height":96,"width":96}},"publisher":{"@type":"Person","name":"Dirk Bachhausen","image":{"@type":"ImageObject","@id":"https:\/\/www.bachhausen.de\/wp-content\/uploads\/2019\/07\/dirk_profil-300x300.jpg","url":"https:\/\/www.bachhausen.de\/wp-content\/uploads\/2019\/07\/dirk_profil-300x300.jpg","width":600,"height":60}},"image":{"@type":"ImageObject","@id":"https:\/\/www.bachhausen.de\/wp-content\/uploads\/2019\/07\/dirk_profil-300x300.jpg","url":"https:\/\/www.bachhausen.de\/wp-content\/uploads\/2019\/07\/dirk_profil-300x300.jpg","width":100,"height":100},"keywords":null},{"@type":"NewsArticle","@id":"https:\/\/www.bachhausen.de\/mitbestimmung-koelner-kinderrat-schaut-preview-mit-fritz-fuchs\/","headline":"Mitbestimmung: K\u00f6lner Kinderrat schaut Preview mit Fritz Fuchs","url":"https:\/\/www.bachhausen.de\/mitbestimmung-koelner-kinderrat-schaut-preview-mit-fritz-fuchs\/","datePublished":"2025-12-05","dateModified":"2025-12-05","mainEntityOfPage":"https:\/\/www.bachhausen.de\/mitbestimmung-koelner-kinderrat-schaut-preview-mit-fritz-fuchs\/","author":{"@type":"Person","@id":"##Person","name":"K\u00f6lner Stadtanzeiger","url":"#","identifier":3,"description":"Der K\u00f6lner Stadtanzeiger","image":{"@type":"ImageObject","@id":"https:\/\/secure.gravatar.com\/avatar\/a3f43e8250594c4ed8be9e86201eefa6cc06ef89c032788db696432ac7e77173?s=96&d=monsterid&r=g","url":"https:\/\/secure.gravatar.com\/avatar\/a3f43e8250594c4ed8be9e86201eefa6cc06ef89c032788db696432ac7e77173?s=96&d=monsterid&r=g","height":96,"width":96}},"publisher":{"@type":"Person","name":"Dirk Bachhausen","image":{"@type":"ImageObject","@id":"https:\/\/www.bachhausen.de\/wp-content\/uploads\/2019\/07\/dirk_profil-300x300.jpg","url":"https:\/\/www.bachhausen.de\/wp-content\/uploads\/2019\/07\/dirk_profil-300x300.jpg","width":600,"height":60}},"image":{"@type":"ImageObject","@id":"https:\/\/static.ksta.de\/__images\/2025\/12\/05\/f7ba648a-ce16-46a1-aa6e-1dffda473454.jpeg?q=75&q=70&w=2000&h=1334&fm=jpeg&s=b38ec3e599ee28b40a4c291293e9c02b","url":"https:\/\/static.ksta.de\/__images\/2025\/12\/05\/f7ba648a-ce16-46a1-aa6e-1dffda473454.jpeg?q=75&q=70&w=2000&h=1334&fm=jpeg&s=b38ec3e599ee28b40a4c291293e9c02b","height":"","width":""},"keywords":null},{"@type":"NewsArticle","@id":"https:\/\/www.bachhausen.de\/einen-boesendorfer-wirft-man-nicht-weg-pescher-schul-fluegel-erfolgreich-restauriert\/","headline":"\u201eEinen B\u00f6sendorfer wirft man nicht weg\u201c: Pescher Schul-Fl\u00fcgel erfolgreich restauriert","url":"https:\/\/www.bachhausen.de\/einen-boesendorfer-wirft-man-nicht-weg-pescher-schul-fluegel-erfolgreich-restauriert\/","datePublished":"2025-12-05","dateModified":"2025-12-05","mainEntityOfPage":"https:\/\/www.bachhausen.de\/einen-boesendorfer-wirft-man-nicht-weg-pescher-schul-fluegel-erfolgreich-restauriert\/","author":{"@type":"Person","@id":"##Person","name":"K\u00f6lner Stadtanzeiger","url":"#","identifier":3,"description":"Der K\u00f6lner Stadtanzeiger","image":{"@type":"ImageObject","@id":"https:\/\/secure.gravatar.com\/avatar\/a3f43e8250594c4ed8be9e86201eefa6cc06ef89c032788db696432ac7e77173?s=96&d=monsterid&r=g","url":"https:\/\/secure.gravatar.com\/avatar\/a3f43e8250594c4ed8be9e86201eefa6cc06ef89c032788db696432ac7e77173?s=96&d=monsterid&r=g","height":96,"width":96}},"publisher":{"@type":"Person","name":"Dirk Bachhausen","image":{"@type":"ImageObject","@id":"https:\/\/www.bachhausen.de\/wp-content\/uploads\/2019\/07\/dirk_profil-300x300.jpg","url":"https:\/\/www.bachhausen.de\/wp-content\/uploads\/2019\/07\/dirk_profil-300x300.jpg","width":600,"height":60}},"image":{"@type":"ImageObject","@id":"https:\/\/www.bachhausen.de\/wp-content\/uploads\/2019\/07\/dirk_profil-300x300.jpg","url":"https:\/\/www.bachhausen.de\/wp-content\/uploads\/2019\/07\/dirk_profil-300x300.jpg","width":100,"height":100},"keywords":null},{"@type":"NewsArticle","@id":"https:\/\/www.bachhausen.de\/einkaufen-in-chorweiler-discounter-investieren-in-koelner-norden\/","headline":"Einkaufen in Chorweiler: Discounter investieren in K\u00f6lner Norden","url":"https:\/\/www.bachhausen.de\/einkaufen-in-chorweiler-discounter-investieren-in-koelner-norden\/","datePublished":"2025-11-29","dateModified":"2025-11-29","mainEntityOfPage":"https:\/\/www.bachhausen.de\/einkaufen-in-chorweiler-discounter-investieren-in-koelner-norden\/","author":{"@type":"Person","@id":"##Person","name":"K\u00f6lner Stadtanzeiger","url":"#","identifier":3,"description":"Der K\u00f6lner Stadtanzeiger","image":{"@type":"ImageObject","@id":"https:\/\/secure.gravatar.com\/avatar\/a3f43e8250594c4ed8be9e86201eefa6cc06ef89c032788db696432ac7e77173?s=96&d=monsterid&r=g","url":"https:\/\/secure.gravatar.com\/avatar\/a3f43e8250594c4ed8be9e86201eefa6cc06ef89c032788db696432ac7e77173?s=96&d=monsterid&r=g","height":96,"width":96}},"publisher":{"@type":"Person","name":"Dirk Bachhausen","image":{"@type":"ImageObject","@id":"https:\/\/www.bachhausen.de\/wp-content\/uploads\/2019\/07\/dirk_profil-300x300.jpg","url":"https:\/\/www.bachhausen.de\/wp-content\/uploads\/2019\/07\/dirk_profil-300x300.jpg","width":600,"height":60}},"image":{"@type":"ImageObject","@id":"https:\/\/www.bachhausen.de\/wp-content\/uploads\/2019\/07\/dirk_profil-300x300.jpg","url":"https:\/\/www.bachhausen.de\/wp-content\/uploads\/2019\/07\/dirk_profil-300x300.jpg","width":100,"height":100},"keywords":null}]}