{"@context":"https:\/\/schema.org\/","@type":"CollectionPage","@id":"https:\/\/www.bachhausen.de\/Thema\/politik\/koeln\/#CollectionPage","headline":"K\u00f6ln Category","description":"","url":"https:\/\/www.bachhausen.de\/Thema\/politik\/koeln\/","hasPart":[{"@type":"NewsArticle","@id":"https:\/\/www.bachhausen.de\/geplanter-terroranschlag-auf-weihnachtsmarkt-in-leverkusen-15-jaehriger-zu-vier-jahren-jugendstrafe-verurteilt\/","headline":"Geplanter Terroranschlag auf Weihnachtsmarkt in Leverkusen: 15-J\u00e4hriger zu vier Jahren Jugendstrafe verurteilt","url":"https:\/\/www.bachhausen.de\/geplanter-terroranschlag-auf-weihnachtsmarkt-in-leverkusen-15-jaehriger-zu-vier-jahren-jugendstrafe-verurteilt\/","datePublished":"2024-06-28","dateModified":"2024-06-28","mainEntityOfPage":"https:\/\/www.bachhausen.de\/geplanter-terroranschlag-auf-weihnachtsmarkt-in-leverkusen-15-jaehriger-zu-vier-jahren-jugendstrafe-verurteilt\/","author":{"@type":"Person","@id":"##Person","name":"Report K","url":"#","identifier":20,"image":{"@type":"ImageObject","@id":"https:\/\/secure.gravatar.com\/avatar\/36af2c4c1f6de1245282e2f6d3e4483d8c1fb911663df347a69e69f7ff897aac?s=96&d=monsterid&r=g","url":"https:\/\/secure.gravatar.com\/avatar\/36af2c4c1f6de1245282e2f6d3e4483d8c1fb911663df347a69e69f7ff897aac?s=96&d=monsterid&r=g","height":96,"width":96}},"publisher":{"@type":"Person","name":"Dirk Bachhausen","image":{"@type":"ImageObject","@id":"https:\/\/www.bachhausen.de\/wp-content\/uploads\/2019\/07\/dirk_profil-300x300.jpg","url":"https:\/\/www.bachhausen.de\/wp-content\/uploads\/2019\/07\/dirk_profil-300x300.jpg","width":600,"height":60}},"image":{"@type":"ImageObject","@id":"https:\/\/www.bachhausen.de\/wp-content\/uploads\/2022\/10\/511A3322.jpg","url":"https:\/\/www.bachhausen.de\/wp-content\/uploads\/2022\/10\/511A3322.jpg","height":0,"width":0},"keywords":["geplanter","jahren","jahriger","jugendstrafe","leverkusen","terroranschlag","weihnachtsmarkt"]},{"@type":"NewsArticle","@id":"https:\/\/www.bachhausen.de\/katrin-vernau-als-neue-wdr-intendantin-gewaehlt\/","headline":"Katrin Vernau als neue WDR-Intendantin gew\u00e4hlt","url":"https:\/\/www.bachhausen.de\/katrin-vernau-als-neue-wdr-intendantin-gewaehlt\/","datePublished":"2024-06-27","dateModified":"2024-06-27","mainEntityOfPage":"https:\/\/www.bachhausen.de\/katrin-vernau-als-neue-wdr-intendantin-gewaehlt\/","author":{"@type":"Person","@id":"##Person","name":"Report K","url":"#","identifier":20,"image":{"@type":"ImageObject","@id":"https:\/\/secure.gravatar.com\/avatar\/36af2c4c1f6de1245282e2f6d3e4483d8c1fb911663df347a69e69f7ff897aac?s=96&d=monsterid&r=g","url":"https:\/\/secure.gravatar.com\/avatar\/36af2c4c1f6de1245282e2f6d3e4483d8c1fb911663df347a69e69f7ff897aac?s=96&d=monsterid&r=g","height":96,"width":96}},"publisher":{"@type":"Person","name":"Dirk Bachhausen","image":{"@type":"ImageObject","@id":"https:\/\/www.bachhausen.de\/wp-content\/uploads\/2019\/07\/dirk_profil-300x300.jpg","url":"https:\/\/www.bachhausen.de\/wp-content\/uploads\/2019\/07\/dirk_profil-300x300.jpg","width":600,"height":60}},"image":{"@type":"ImageObject","@id":"https:\/\/www.bachhausen.de\/wp-content\/uploads\/2022\/08\/WDR_14082022.jpg","url":"https:\/\/www.bachhausen.de\/wp-content\/uploads\/2022\/08\/WDR_14082022.jpg","height":0,"width":0},"keywords":["gewahlt","intendantin","katrin","vernau"]},{"@type":"NewsArticle","@id":"https:\/\/www.bachhausen.de\/emotionale-debatte-im-rat-ende-des-grossmarktes-zum-31-dezember-2025-scheint-endgueltig-besiegelt\/","headline":"Emotionale Debatte im Rat: Ende des Gro\u00dfmarktes zum 31. Dezember 2025 scheint endg\u00fcltig besiegelt","url":"https:\/\/www.bachhausen.de\/emotionale-debatte-im-rat-ende-des-grossmarktes-zum-31-dezember-2025-scheint-endgueltig-besiegelt\/","datePublished":"2024-06-27","dateModified":"2024-06-27","mainEntityOfPage":"https:\/\/www.bachhausen.de\/emotionale-debatte-im-rat-ende-des-grossmarktes-zum-31-dezember-2025-scheint-endgueltig-besiegelt\/","author":{"@type":"Person","@id":"##Person","name":"Report K","url":"#","identifier":20,"image":{"@type":"ImageObject","@id":"https:\/\/secure.gravatar.com\/avatar\/36af2c4c1f6de1245282e2f6d3e4483d8c1fb911663df347a69e69f7ff897aac?s=96&d=monsterid&r=g","url":"https:\/\/secure.gravatar.com\/avatar\/36af2c4c1f6de1245282e2f6d3e4483d8c1fb911663df347a69e69f7ff897aac?s=96&d=monsterid&r=g","height":96,"width":96}},"publisher":{"@type":"Person","name":"Dirk Bachhausen","image":{"@type":"ImageObject","@id":"https:\/\/www.bachhausen.de\/wp-content\/uploads\/2019\/07\/dirk_profil-300x300.jpg","url":"https:\/\/www.bachhausen.de\/wp-content\/uploads\/2019\/07\/dirk_profil-300x300.jpg","width":600,"height":60}},"image":{"@type":"ImageObject","@id":"https:\/\/www.bachhausen.de\/wp-content\/uploads\/2024\/04\/511A7529grossmarkt_09042024.jpg","url":"https:\/\/www.bachhausen.de\/wp-content\/uploads\/2024\/04\/511A7529grossmarkt_09042024.jpg","height":0,"width":0},"keywords":["besiegelt","debatte","dezember","emotionale","endgultig","marktes","scheint"]},{"@type":"NewsArticle","@id":"https:\/\/www.bachhausen.de\/weltkriegsbombe-in-longerich-entdeckt-entschaerfung-geglueckt\/","headline":"Weltkriegsbombe in Longerich entdeckt \u2013 Entsch\u00e4rfung gegl\u00fcckt","url":"https:\/\/www.bachhausen.de\/weltkriegsbombe-in-longerich-entdeckt-entschaerfung-geglueckt\/","datePublished":"2024-06-27","dateModified":"2024-06-27","mainEntityOfPage":"https:\/\/www.bachhausen.de\/weltkriegsbombe-in-longerich-entdeckt-entschaerfung-geglueckt\/","author":{"@type":"Person","@id":"##Person","name":"Report K","url":"#","identifier":20,"image":{"@type":"ImageObject","@id":"https:\/\/secure.gravatar.com\/avatar\/36af2c4c1f6de1245282e2f6d3e4483d8c1fb911663df347a69e69f7ff897aac?s=96&d=monsterid&r=g","url":"https:\/\/secure.gravatar.com\/avatar\/36af2c4c1f6de1245282e2f6d3e4483d8c1fb911663df347a69e69f7ff897aac?s=96&d=monsterid&r=g","height":96,"width":96}},"publisher":{"@type":"Person","name":"Dirk Bachhausen","image":{"@type":"ImageObject","@id":"https:\/\/www.bachhausen.de\/wp-content\/uploads\/2019\/07\/dirk_profil-300x300.jpg","url":"https:\/\/www.bachhausen.de\/wp-content\/uploads\/2019\/07\/dirk_profil-300x300.jpg","width":600,"height":60}},"image":{"@type":"ImageObject","@id":"https:\/\/www.bachhausen.de\/wp-content\/uploads\/2024\/06\/32-Longerich-300-Meter-Radius.jpg","url":"https:\/\/www.bachhausen.de\/wp-content\/uploads\/2024\/06\/32-Longerich-300-Meter-Radius.jpg","height":768,"width":1064},"keywords":["entdeckt","entscharfung","gegluckt","longerich","weltkriegsbombe"]},{"@type":"NewsArticle","@id":"https:\/\/www.bachhausen.de\/die-neue-faehre-heisst-ms-st-michael\/","headline":"Die neue F\u00e4hre hei\u00dft MS St. Michael","url":"https:\/\/www.bachhausen.de\/die-neue-faehre-heisst-ms-st-michael\/","datePublished":"2024-06-27","dateModified":"2024-06-27","mainEntityOfPage":"https:\/\/www.bachhausen.de\/die-neue-faehre-heisst-ms-st-michael\/","author":{"@type":"Person","@id":"##Person","name":"SPD K\u00f6ln","url":"#","identifier":4,"image":{"@type":"ImageObject","@id":"https:\/\/secure.gravatar.com\/avatar\/9e275a42f0e2d615e7358ea63859947f3ea63517a2bcb7a2b26010d9ca858396?s=96&d=monsterid&r=g","url":"https:\/\/secure.gravatar.com\/avatar\/9e275a42f0e2d615e7358ea63859947f3ea63517a2bcb7a2b26010d9ca858396?s=96&d=monsterid&r=g","height":96,"width":96}},"publisher":{"@type":"Person","name":"Dirk Bachhausen","image":{"@type":"ImageObject","@id":"https:\/\/www.bachhausen.de\/wp-content\/uploads\/2019\/07\/dirk_profil-300x300.jpg","url":"https:\/\/www.bachhausen.de\/wp-content\/uploads\/2019\/07\/dirk_profil-300x300.jpg","width":600,"height":60}},"image":{"@type":"ImageObject","@id":"https:\/\/www.bachhausen.de\/wp-content\/uploads\/2023\/09\/Zeitungsleser.webp","url":"https:\/\/www.bachhausen.de\/wp-content\/uploads\/2023\/09\/Zeitungsleser.webp","height":534,"width":800},"keywords":["fahre","michael"]},{"@type":"NewsArticle","@id":"https:\/\/www.bachhausen.de\/nettozuwanderung-nach-deutschland-gegenueber-2022-deutlich-gesunken\/","headline":"Nettozuwanderung nach Deutschland gegen\u00fcber 2022 deutlich gesunken\u00a0","url":"https:\/\/www.bachhausen.de\/nettozuwanderung-nach-deutschland-gegenueber-2022-deutlich-gesunken\/","datePublished":"2024-06-27","dateModified":"2024-06-27","mainEntityOfPage":"https:\/\/www.bachhausen.de\/nettozuwanderung-nach-deutschland-gegenueber-2022-deutlich-gesunken\/","author":{"@type":"Person","@id":"##Person","name":"Report K","url":"#","identifier":20,"image":{"@type":"ImageObject","@id":"https:\/\/secure.gravatar.com\/avatar\/36af2c4c1f6de1245282e2f6d3e4483d8c1fb911663df347a69e69f7ff897aac?s=96&d=monsterid&r=g","url":"https:\/\/secure.gravatar.com\/avatar\/36af2c4c1f6de1245282e2f6d3e4483d8c1fb911663df347a69e69f7ff897aac?s=96&d=monsterid&r=g","height":96,"width":96}},"publisher":{"@type":"Person","name":"Dirk Bachhausen","image":{"@type":"ImageObject","@id":"https:\/\/www.bachhausen.de\/wp-content\/uploads\/2019\/07\/dirk_profil-300x300.jpg","url":"https:\/\/www.bachhausen.de\/wp-content\/uploads\/2019\/07\/dirk_profil-300x300.jpg","width":600,"height":60}},"image":{"@type":"ImageObject","@id":"https:\/\/www.bachhausen.de\/wp-content\/uploads\/2024\/06\/auswandern_pix_27062024.jpg","url":"https:\/\/www.bachhausen.de\/wp-content\/uploads\/2024\/06\/auswandern_pix_27062024.jpg","height":0,"width":0},"keywords":["deutlich","deutschland","gegenuber","gesunken","nettozuwanderung"]},{"@type":"NewsArticle","@id":"https:\/\/www.bachhausen.de\/tempo-30-auf-der-luxemburger-strasse-morgen-thema-im-rat\/","headline":"Tempo 30 auf der Luxemburger Stra\u00dfe: Morgen Thema im Rat?","url":"https:\/\/www.bachhausen.de\/tempo-30-auf-der-luxemburger-strasse-morgen-thema-im-rat\/","datePublished":"2024-06-27","dateModified":"2024-06-27","mainEntityOfPage":"https:\/\/www.bachhausen.de\/tempo-30-auf-der-luxemburger-strasse-morgen-thema-im-rat\/","author":{"@type":"Person","@id":"##Person","name":"Report K","url":"#","identifier":20,"image":{"@type":"ImageObject","@id":"https:\/\/secure.gravatar.com\/avatar\/36af2c4c1f6de1245282e2f6d3e4483d8c1fb911663df347a69e69f7ff897aac?s=96&d=monsterid&r=g","url":"https:\/\/secure.gravatar.com\/avatar\/36af2c4c1f6de1245282e2f6d3e4483d8c1fb911663df347a69e69f7ff897aac?s=96&d=monsterid&r=g","height":96,"width":96}},"publisher":{"@type":"Person","name":"Dirk Bachhausen","image":{"@type":"ImageObject","@id":"https:\/\/www.bachhausen.de\/wp-content\/uploads\/2019\/07\/dirk_profil-300x300.jpg","url":"https:\/\/www.bachhausen.de\/wp-content\/uploads\/2019\/07\/dirk_profil-300x300.jpg","width":600,"height":60}},"image":{"@type":"ImageObject","@id":"https:\/\/www.bachhausen.de\/wp-content\/uploads\/2024\/06\/tempo30_pex_20052022.jpg","url":"https:\/\/www.bachhausen.de\/wp-content\/uploads\/2024\/06\/tempo30_pex_20052022.jpg","height":768,"width":1064},"keywords":["luxemburger","morgen","tempo","thema"]},{"@type":"NewsArticle","@id":"https:\/\/www.bachhausen.de\/es-wird-heiss-in-nrw\/","headline":"Es wird hei\u00df in NRW","url":"https:\/\/www.bachhausen.de\/es-wird-heiss-in-nrw\/","datePublished":"2024-06-26","dateModified":"2024-06-26","mainEntityOfPage":"https:\/\/www.bachhausen.de\/es-wird-heiss-in-nrw\/","author":{"@type":"Person","@id":"##Person","name":"Report K","url":"#","identifier":20,"image":{"@type":"ImageObject","@id":"https:\/\/secure.gravatar.com\/avatar\/36af2c4c1f6de1245282e2f6d3e4483d8c1fb911663df347a69e69f7ff897aac?s=96&d=monsterid&r=g","url":"https:\/\/secure.gravatar.com\/avatar\/36af2c4c1f6de1245282e2f6d3e4483d8c1fb911663df347a69e69f7ff897aac?s=96&d=monsterid&r=g","height":96,"width":96}},"publisher":{"@type":"Person","name":"Dirk Bachhausen","image":{"@type":"ImageObject","@id":"https:\/\/www.bachhausen.de\/wp-content\/uploads\/2019\/07\/dirk_profil-300x300.jpg","url":"https:\/\/www.bachhausen.de\/wp-content\/uploads\/2019\/07\/dirk_profil-300x300.jpg","width":600,"height":60}},"image":{"@type":"ImageObject","@id":"https:\/\/www.bachhausen.de\/wp-content\/uploads\/2024\/06\/blume_sonne_pix_26062024.jpg","url":"https:\/\/www.bachhausen.de\/wp-content\/uploads\/2024\/06\/blume_sonne_pix_26062024.jpg","height":768,"width":1064},"keywords":null},{"@type":"NewsArticle","@id":"https:\/\/www.bachhausen.de\/die-kontroverse-um-die-gestalt-der-altstadthaeuser-am-fischmarkt-koeln\/","headline":"Die Kontroverse um die Gestalt der Altstadth\u00e4user am Fischmarkt K\u00f6ln","url":"https:\/\/www.bachhausen.de\/die-kontroverse-um-die-gestalt-der-altstadthaeuser-am-fischmarkt-koeln\/","datePublished":"2024-06-26","dateModified":"2024-06-26","mainEntityOfPage":"https:\/\/www.bachhausen.de\/die-kontroverse-um-die-gestalt-der-altstadthaeuser-am-fischmarkt-koeln\/","author":{"@type":"Person","@id":"##Person","name":"Report K","url":"#","identifier":20,"image":{"@type":"ImageObject","@id":"https:\/\/secure.gravatar.com\/avatar\/36af2c4c1f6de1245282e2f6d3e4483d8c1fb911663df347a69e69f7ff897aac?s=96&d=monsterid&r=g","url":"https:\/\/secure.gravatar.com\/avatar\/36af2c4c1f6de1245282e2f6d3e4483d8c1fb911663df347a69e69f7ff897aac?s=96&d=monsterid&r=g","height":96,"width":96}},"publisher":{"@type":"Person","name":"Dirk Bachhausen","image":{"@type":"ImageObject","@id":"https:\/\/www.bachhausen.de\/wp-content\/uploads\/2019\/07\/dirk_profil-300x300.jpg","url":"https:\/\/www.bachhausen.de\/wp-content\/uploads\/2019\/07\/dirk_profil-300x300.jpg","width":600,"height":60}},"image":{"@type":"ImageObject","@id":"https:\/\/www.bachhausen.de\/wp-content\/uploads\/2024\/06\/variante_fischmarkt_PR_26062024.jpg","url":"https:\/\/www.bachhausen.de\/wp-content\/uploads\/2024\/06\/variante_fischmarkt_PR_26062024.jpg","height":0,"width":0},"keywords":["altstadthauser","fischmarkt","gestalt","kontroverse"]},{"@type":"NewsArticle","@id":"https:\/\/www.bachhausen.de\/zensus-deutschland-hat-14-millionen-einwohner-weniger-als-gedacht-koeln-mit-groesster-abweichung\/","headline":"Zensus: Deutschland hat 1,4 Millionen Einwohner weniger als gedacht \u2013 K\u00f6ln mit gr\u00f6\u00dfter Abweichung","url":"https:\/\/www.bachhausen.de\/zensus-deutschland-hat-14-millionen-einwohner-weniger-als-gedacht-koeln-mit-groesster-abweichung\/","datePublished":"2024-06-25","dateModified":"2024-06-25","mainEntityOfPage":"https:\/\/www.bachhausen.de\/zensus-deutschland-hat-14-millionen-einwohner-weniger-als-gedacht-koeln-mit-groesster-abweichung\/","author":{"@type":"Person","@id":"##Person","name":"Report K","url":"#","identifier":20,"image":{"@type":"ImageObject","@id":"https:\/\/secure.gravatar.com\/avatar\/36af2c4c1f6de1245282e2f6d3e4483d8c1fb911663df347a69e69f7ff897aac?s=96&d=monsterid&r=g","url":"https:\/\/secure.gravatar.com\/avatar\/36af2c4c1f6de1245282e2f6d3e4483d8c1fb911663df347a69e69f7ff897aac?s=96&d=monsterid&r=g","height":96,"width":96}},"publisher":{"@type":"Person","name":"Dirk Bachhausen","image":{"@type":"ImageObject","@id":"https:\/\/www.bachhausen.de\/wp-content\/uploads\/2019\/07\/dirk_profil-300x300.jpg","url":"https:\/\/www.bachhausen.de\/wp-content\/uploads\/2019\/07\/dirk_profil-300x300.jpg","width":600,"height":60}},"image":{"@type":"ImageObject","@id":"https:\/\/www.bachhausen.de\/wp-content\/uploads\/2024\/06\/ghosting_25062024.png","url":"https:\/\/www.bachhausen.de\/wp-content\/uploads\/2024\/06\/ghosting_25062024.png","height":768,"width":1024},"keywords":["abweichung","deutschland","einwohner","gedacht","millionen","weniger","zensus"]}]}