{"@context":"https:\/\/schema.org\/","@type":"CollectionPage","@id":"https:\/\/www.bachhausen.de\/Thema\/politik\/koeln\/#CollectionPage","headline":"K\u00f6ln Category","description":"","url":"https:\/\/www.bachhausen.de\/Thema\/politik\/koeln\/","hasPart":[{"@type":"NewsArticle","@id":"https:\/\/www.bachhausen.de\/zensus-deutschland-hat-14-millionen-einwohner-weniger-als-gedacht-koeln-mit-groesster-abweichung\/","headline":"Zensus: Deutschland hat 1,4 Millionen Einwohner weniger als gedacht \u2013 K\u00f6ln mit gr\u00f6\u00dfter Abweichung","url":"https:\/\/www.bachhausen.de\/zensus-deutschland-hat-14-millionen-einwohner-weniger-als-gedacht-koeln-mit-groesster-abweichung\/","datePublished":"2024-06-25","dateModified":"2024-06-25","mainEntityOfPage":"https:\/\/www.bachhausen.de\/zensus-deutschland-hat-14-millionen-einwohner-weniger-als-gedacht-koeln-mit-groesster-abweichung\/","author":{"@type":"Person","@id":"##Person","name":"Report K","url":"#","identifier":20,"image":{"@type":"ImageObject","@id":"https:\/\/secure.gravatar.com\/avatar\/36af2c4c1f6de1245282e2f6d3e4483d8c1fb911663df347a69e69f7ff897aac?s=96&d=monsterid&r=g","url":"https:\/\/secure.gravatar.com\/avatar\/36af2c4c1f6de1245282e2f6d3e4483d8c1fb911663df347a69e69f7ff897aac?s=96&d=monsterid&r=g","height":96,"width":96}},"publisher":{"@type":"Person","name":"Dirk Bachhausen","image":{"@type":"ImageObject","@id":"https:\/\/www.bachhausen.de\/wp-content\/uploads\/2019\/07\/dirk_profil-300x300.jpg","url":"https:\/\/www.bachhausen.de\/wp-content\/uploads\/2019\/07\/dirk_profil-300x300.jpg","width":600,"height":60}},"image":{"@type":"ImageObject","@id":"https:\/\/www.bachhausen.de\/wp-content\/uploads\/2024\/06\/ghosting_25062024.png","url":"https:\/\/www.bachhausen.de\/wp-content\/uploads\/2024\/06\/ghosting_25062024.png","height":768,"width":1024},"keywords":["abweichung","deutschland","einwohner","gedacht","millionen","weniger","zensus"]},{"@type":"NewsArticle","@id":"https:\/\/www.bachhausen.de\/alleinerziehende-brauchen-bessere-rahmenbedingungen\/","headline":"Alleinerziehende brauchen bessere Rahmenbedingungen","url":"https:\/\/www.bachhausen.de\/alleinerziehende-brauchen-bessere-rahmenbedingungen\/","datePublished":"2024-06-25","dateModified":"2024-06-25","mainEntityOfPage":"https:\/\/www.bachhausen.de\/alleinerziehende-brauchen-bessere-rahmenbedingungen\/","author":{"@type":"Person","@id":"##Person","name":"SPD K\u00f6ln","url":"#","identifier":4,"image":{"@type":"ImageObject","@id":"https:\/\/secure.gravatar.com\/avatar\/9e275a42f0e2d615e7358ea63859947f3ea63517a2bcb7a2b26010d9ca858396?s=96&d=monsterid&r=g","url":"https:\/\/secure.gravatar.com\/avatar\/9e275a42f0e2d615e7358ea63859947f3ea63517a2bcb7a2b26010d9ca858396?s=96&d=monsterid&r=g","height":96,"width":96}},"publisher":{"@type":"Person","name":"Dirk Bachhausen","image":{"@type":"ImageObject","@id":"https:\/\/www.bachhausen.de\/wp-content\/uploads\/2019\/07\/dirk_profil-300x300.jpg","url":"https:\/\/www.bachhausen.de\/wp-content\/uploads\/2019\/07\/dirk_profil-300x300.jpg","width":600,"height":60}},"image":{"@type":"ImageObject","@id":"https:\/\/www.bachhausen.de\/wp-content\/uploads\/2023\/09\/Zeitungsleser.webp","url":"https:\/\/www.bachhausen.de\/wp-content\/uploads\/2023\/09\/Zeitungsleser.webp","height":534,"width":800},"keywords":["alleinerziehende","bessere","brauchen","rahmenbedingungen"]},{"@type":"NewsArticle","@id":"https:\/\/www.bachhausen.de\/vor-deutschland-spiel-in-koeln-fanzonen-am-heumarkt-und-tanzbrunnen-proppevoll\/","headline":"Vor Deutschland-Spiel in K\u00f6ln:\u00a0Fanzonen am Heumarkt und Tanzbrunnen proppevoll","url":"https:\/\/www.bachhausen.de\/vor-deutschland-spiel-in-koeln-fanzonen-am-heumarkt-und-tanzbrunnen-proppevoll\/","datePublished":"2024-06-23","dateModified":"2024-06-23","mainEntityOfPage":"https:\/\/www.bachhausen.de\/vor-deutschland-spiel-in-koeln-fanzonen-am-heumarkt-und-tanzbrunnen-proppevoll\/","author":{"@type":"Person","@id":"##Person","name":"Report K","url":"#","identifier":20,"image":{"@type":"ImageObject","@id":"https:\/\/secure.gravatar.com\/avatar\/36af2c4c1f6de1245282e2f6d3e4483d8c1fb911663df347a69e69f7ff897aac?s=96&d=monsterid&r=g","url":"https:\/\/secure.gravatar.com\/avatar\/36af2c4c1f6de1245282e2f6d3e4483d8c1fb911663df347a69e69f7ff897aac?s=96&d=monsterid&r=g","height":96,"width":96}},"publisher":{"@type":"Person","name":"Dirk Bachhausen","image":{"@type":"ImageObject","@id":"https:\/\/www.bachhausen.de\/wp-content\/uploads\/2019\/07\/dirk_profil-300x300.jpg","url":"https:\/\/www.bachhausen.de\/wp-content\/uploads\/2019\/07\/dirk_profil-300x300.jpg","width":600,"height":60}},"image":{"@type":"ImageObject","@id":"https:\/\/www.bachhausen.de\/wp-content\/uploads\/2012\/05\/public_viewing_2010_2752012.jpg","url":"https:\/\/www.bachhausen.de\/wp-content\/uploads\/2012\/05\/public_viewing_2010_2752012.jpg","height":0,"width":0},"keywords":["deutschland","fanzonen","heumarkt","proppevoll","spiel","tanzbrunnen"]},{"@type":"NewsArticle","@id":"https:\/\/www.bachhausen.de\/das-programm-in-den-fanzonen-koelns-zum-ende-der-gruppenphase\/","headline":"Das Programm in den Fanzonen K\u00f6lns zum Ende der Gruppenphase","url":"https:\/\/www.bachhausen.de\/das-programm-in-den-fanzonen-koelns-zum-ende-der-gruppenphase\/","datePublished":"2024-06-23","dateModified":"2024-06-23","mainEntityOfPage":"https:\/\/www.bachhausen.de\/das-programm-in-den-fanzonen-koelns-zum-ende-der-gruppenphase\/","author":{"@type":"Person","@id":"##Person","name":"Report K","url":"#","identifier":20,"image":{"@type":"ImageObject","@id":"https:\/\/secure.gravatar.com\/avatar\/36af2c4c1f6de1245282e2f6d3e4483d8c1fb911663df347a69e69f7ff897aac?s=96&d=monsterid&r=g","url":"https:\/\/secure.gravatar.com\/avatar\/36af2c4c1f6de1245282e2f6d3e4483d8c1fb911663df347a69e69f7ff897aac?s=96&d=monsterid&r=g","height":96,"width":96}},"publisher":{"@type":"Person","name":"Dirk Bachhausen","image":{"@type":"ImageObject","@id":"https:\/\/www.bachhausen.de\/wp-content\/uploads\/2019\/07\/dirk_profil-300x300.jpg","url":"https:\/\/www.bachhausen.de\/wp-content\/uploads\/2019\/07\/dirk_profil-300x300.jpg","width":600,"height":60}},"image":{"@type":"ImageObject","@id":"https:\/\/www.bachhausen.de\/wp-content\/uploads\/2024\/03\/dts_image_7862_qfhmstrmis.jpg","url":"https:\/\/www.bachhausen.de\/wp-content\/uploads\/2024\/03\/dts_image_7862_qfhmstrmis.jpg","height":0,"width":0},"keywords":["fanzonen","gruppenphase","kolns","programm"]},{"@type":"NewsArticle","@id":"https:\/\/www.bachhausen.de\/koelner-gruene-kein-konkreter-termin-fuer-oberbuergermeister-entscheidung\/","headline":"K\u00f6lner Gr\u00fcne: Kein konkreter Termin f\u00fcr Oberb\u00fcrgermeister-Entscheidung","url":"https:\/\/www.bachhausen.de\/koelner-gruene-kein-konkreter-termin-fuer-oberbuergermeister-entscheidung\/","datePublished":"2024-06-23","dateModified":"2024-06-23","mainEntityOfPage":"https:\/\/www.bachhausen.de\/koelner-gruene-kein-konkreter-termin-fuer-oberbuergermeister-entscheidung\/","author":{"@type":"Person","@id":"##Person","name":"Report K","url":"#","identifier":20,"image":{"@type":"ImageObject","@id":"https:\/\/secure.gravatar.com\/avatar\/36af2c4c1f6de1245282e2f6d3e4483d8c1fb911663df347a69e69f7ff897aac?s=96&d=monsterid&r=g","url":"https:\/\/secure.gravatar.com\/avatar\/36af2c4c1f6de1245282e2f6d3e4483d8c1fb911663df347a69e69f7ff897aac?s=96&d=monsterid&r=g","height":96,"width":96}},"publisher":{"@type":"Person","name":"Dirk Bachhausen","image":{"@type":"ImageObject","@id":"https:\/\/www.bachhausen.de\/wp-content\/uploads\/2019\/07\/dirk_profil-300x300.jpg","url":"https:\/\/www.bachhausen.de\/wp-content\/uploads\/2019\/07\/dirk_profil-300x300.jpg","width":600,"height":60}},"image":{"@type":"ImageObject","@id":"https:\/\/www.bachhausen.de\/wp-content\/uploads\/2024\/03\/sonnenblumen_pix_04032024.jpg","url":"https:\/\/www.bachhausen.de\/wp-content\/uploads\/2024\/03\/sonnenblumen_pix_04032024.jpg","height":0,"width":0},"keywords":["entscheidung","grune","kolner","konkreter","oberburgermeister","termin"]},{"@type":"NewsArticle","@id":"https:\/\/www.bachhausen.de\/verleihung-des-kommunalzertifikats-der-koelner-spd\/","headline":"Verleihung des Kommunalzertifikats der K\u00f6lner SPD","url":"https:\/\/www.bachhausen.de\/verleihung-des-kommunalzertifikats-der-koelner-spd\/","datePublished":"2024-06-22","dateModified":"2024-06-22","mainEntityOfPage":"https:\/\/www.bachhausen.de\/verleihung-des-kommunalzertifikats-der-koelner-spd\/","author":{"@type":"Person","@id":"##Person","name":"SPD K\u00f6ln","url":"#","identifier":4,"image":{"@type":"ImageObject","@id":"https:\/\/secure.gravatar.com\/avatar\/9e275a42f0e2d615e7358ea63859947f3ea63517a2bcb7a2b26010d9ca858396?s=96&d=monsterid&r=g","url":"https:\/\/secure.gravatar.com\/avatar\/9e275a42f0e2d615e7358ea63859947f3ea63517a2bcb7a2b26010d9ca858396?s=96&d=monsterid&r=g","height":96,"width":96}},"publisher":{"@type":"Person","name":"Dirk Bachhausen","image":{"@type":"ImageObject","@id":"https:\/\/www.bachhausen.de\/wp-content\/uploads\/2019\/07\/dirk_profil-300x300.jpg","url":"https:\/\/www.bachhausen.de\/wp-content\/uploads\/2019\/07\/dirk_profil-300x300.jpg","width":600,"height":60}},"image":{"@type":"ImageObject","@id":"https:\/\/www.bachhausen.de\/wp-content\/uploads\/2023\/09\/Zeitungsleser.webp","url":"https:\/\/www.bachhausen.de\/wp-content\/uploads\/2023\/09\/Zeitungsleser.webp","height":534,"width":800},"keywords":["kolner","kommunalzertifikats","verleihung"]},{"@type":"NewsArticle","@id":"https:\/\/www.bachhausen.de\/zu-viele-fans-downtown-stadt-koeln-sperrt-deutzer-bruecke\/","headline":"Zu viele Fans downtown: Stadt K\u00f6ln sperrt Deutzer Br\u00fccke","url":"https:\/\/www.bachhausen.de\/zu-viele-fans-downtown-stadt-koeln-sperrt-deutzer-bruecke\/","datePublished":"2024-06-22","dateModified":"2024-06-22","mainEntityOfPage":"https:\/\/www.bachhausen.de\/zu-viele-fans-downtown-stadt-koeln-sperrt-deutzer-bruecke\/","author":{"@type":"Person","@id":"##Person","name":"Report K","url":"#","identifier":20,"image":{"@type":"ImageObject","@id":"https:\/\/secure.gravatar.com\/avatar\/36af2c4c1f6de1245282e2f6d3e4483d8c1fb911663df347a69e69f7ff897aac?s=96&d=monsterid&r=g","url":"https:\/\/secure.gravatar.com\/avatar\/36af2c4c1f6de1245282e2f6d3e4483d8c1fb911663df347a69e69f7ff897aac?s=96&d=monsterid&r=g","height":96,"width":96}},"publisher":{"@type":"Person","name":"Dirk Bachhausen","image":{"@type":"ImageObject","@id":"https:\/\/www.bachhausen.de\/wp-content\/uploads\/2019\/07\/dirk_profil-300x300.jpg","url":"https:\/\/www.bachhausen.de\/wp-content\/uploads\/2019\/07\/dirk_profil-300x300.jpg","width":600,"height":60}},"image":{"@type":"ImageObject","@id":"https:\/\/www.bachhausen.de\/wp-content\/uploads\/2024\/06\/ordnungsamt_27112021.jpg","url":"https:\/\/www.bachhausen.de\/wp-content\/uploads\/2024\/06\/ordnungsamt_27112021.jpg","height":768,"width":1024},"keywords":["brucke","deutzer","downtown","sperrt","stadt","viele"]},{"@type":"NewsArticle","@id":"https:\/\/www.bachhausen.de\/buendnis-verkehrswende-pocht-auf-faktische-betrachtung-der-ost-west-achse-und-argumentiert-fuer-oben-bleiben\/","headline":"B\u00fcndnis Verkehrswende pocht auf faktische Betrachtung der Ost-West-Achse und argumentiert f\u00fcr \u201eOben bleiben\u201c","url":"https:\/\/www.bachhausen.de\/buendnis-verkehrswende-pocht-auf-faktische-betrachtung-der-ost-west-achse-und-argumentiert-fuer-oben-bleiben\/","datePublished":"2024-06-22","dateModified":"2024-06-22","mainEntityOfPage":"https:\/\/www.bachhausen.de\/buendnis-verkehrswende-pocht-auf-faktische-betrachtung-der-ost-west-achse-und-argumentiert-fuer-oben-bleiben\/","author":{"@type":"Person","@id":"##Person","name":"Report K","url":"#","identifier":20,"image":{"@type":"ImageObject","@id":"https:\/\/secure.gravatar.com\/avatar\/36af2c4c1f6de1245282e2f6d3e4483d8c1fb911663df347a69e69f7ff897aac?s=96&d=monsterid&r=g","url":"https:\/\/secure.gravatar.com\/avatar\/36af2c4c1f6de1245282e2f6d3e4483d8c1fb911663df347a69e69f7ff897aac?s=96&d=monsterid&r=g","height":96,"width":96}},"publisher":{"@type":"Person","name":"Dirk Bachhausen","image":{"@type":"ImageObject","@id":"https:\/\/www.bachhausen.de\/wp-content\/uploads\/2019\/07\/dirk_profil-300x300.jpg","url":"https:\/\/www.bachhausen.de\/wp-content\/uploads\/2019\/07\/dirk_profil-300x300.jpg","width":600,"height":60}},"image":{"@type":"ImageObject","@id":"https:\/\/www.bachhausen.de\/wp-content\/uploads\/2024\/06\/kvb_511A6814.jpg","url":"https:\/\/www.bachhausen.de\/wp-content\/uploads\/2024\/06\/kvb_511A6814.jpg","height":768,"width":1024},"keywords":["achse","argumentiert","betrachtung","bundnis","faktische","pocht","verkehrswende"]},{"@type":"NewsArticle","@id":"https:\/\/www.bachhausen.de\/aus-fuer-autokino-in-porz-spd-mit-deutlicher-kritik-an-gruenen-und-cdu\/","headline":"Aus f\u00fcr Autokino in Porz: SPD mit deutlicher Kritik an Gr\u00fcnen und CDU","url":"https:\/\/www.bachhausen.de\/aus-fuer-autokino-in-porz-spd-mit-deutlicher-kritik-an-gruenen-und-cdu\/","datePublished":"2024-06-21","dateModified":"2024-06-21","mainEntityOfPage":"https:\/\/www.bachhausen.de\/aus-fuer-autokino-in-porz-spd-mit-deutlicher-kritik-an-gruenen-und-cdu\/","author":{"@type":"Person","@id":"##Person","name":"Report K","url":"#","identifier":20,"image":{"@type":"ImageObject","@id":"https:\/\/secure.gravatar.com\/avatar\/36af2c4c1f6de1245282e2f6d3e4483d8c1fb911663df347a69e69f7ff897aac?s=96&d=monsterid&r=g","url":"https:\/\/secure.gravatar.com\/avatar\/36af2c4c1f6de1245282e2f6d3e4483d8c1fb911663df347a69e69f7ff897aac?s=96&d=monsterid&r=g","height":96,"width":96}},"publisher":{"@type":"Person","name":"Dirk Bachhausen","image":{"@type":"ImageObject","@id":"https:\/\/www.bachhausen.de\/wp-content\/uploads\/2019\/07\/dirk_profil-300x300.jpg","url":"https:\/\/www.bachhausen.de\/wp-content\/uploads\/2019\/07\/dirk_profil-300x300.jpg","width":600,"height":60}},"image":{"@type":"ImageObject","@id":"https:\/\/www.bachhausen.de\/wp-content\/uploads\/2024\/06\/autokino_pixa_21062024.jpg","url":"https:\/\/www.bachhausen.de\/wp-content\/uploads\/2024\/06\/autokino_pixa_21062024.jpg","height":768,"width":1064},"keywords":["autokino","deutlicher","grunen","kritik"]},{"@type":"NewsArticle","@id":"https:\/\/www.bachhausen.de\/kritik-am-beschluss-der-bundeslaender-zur-bezahlkarte\/","headline":"Kritik am Beschluss der Bundesl\u00e4nder zur Bezahlkarte","url":"https:\/\/www.bachhausen.de\/kritik-am-beschluss-der-bundeslaender-zur-bezahlkarte\/","datePublished":"2024-06-21","dateModified":"2024-06-21","mainEntityOfPage":"https:\/\/www.bachhausen.de\/kritik-am-beschluss-der-bundeslaender-zur-bezahlkarte\/","author":{"@type":"Person","@id":"##Person","name":"Report K","url":"#","identifier":20,"image":{"@type":"ImageObject","@id":"https:\/\/secure.gravatar.com\/avatar\/36af2c4c1f6de1245282e2f6d3e4483d8c1fb911663df347a69e69f7ff897aac?s=96&d=monsterid&r=g","url":"https:\/\/secure.gravatar.com\/avatar\/36af2c4c1f6de1245282e2f6d3e4483d8c1fb911663df347a69e69f7ff897aac?s=96&d=monsterid&r=g","height":96,"width":96}},"publisher":{"@type":"Person","name":"Dirk Bachhausen","image":{"@type":"ImageObject","@id":"https:\/\/www.bachhausen.de\/wp-content\/uploads\/2019\/07\/dirk_profil-300x300.jpg","url":"https:\/\/www.bachhausen.de\/wp-content\/uploads\/2019\/07\/dirk_profil-300x300.jpg","width":600,"height":60}},"image":{"@type":"ImageObject","@id":"https:\/\/www.bachhausen.de\/wp-content\/uploads\/2024\/06\/euro_pix_21062024.png","url":"https:\/\/www.bachhausen.de\/wp-content\/uploads\/2024\/06\/euro_pix_21062024.png","height":768,"width":1064},"keywords":["beschluss","bezahlkarte","bundeslander","kritik"]}]}