{"@context":"https:\/\/schema.org\/","@type":"CollectionPage","@id":"https:\/\/www.bachhausen.de\/Thema\/politik\/koeln\/#CollectionPage","headline":"K\u00f6ln Category","description":"","url":"https:\/\/www.bachhausen.de\/Thema\/politik\/koeln\/","hasPart":[{"@type":"NewsArticle","@id":"https:\/\/www.bachhausen.de\/blindgaenger-aus-dem-2-weltkrieg-auf-baggerschiff-in-koeln-langel-zuender-muss-gesprengt-werden\/","headline":"Blindg\u00e4nger aus dem 2. Weltkrieg auf Baggerschiff in K\u00f6ln-Langel \u2013 Z\u00fcnder muss gesprengt werden","url":"https:\/\/www.bachhausen.de\/blindgaenger-aus-dem-2-weltkrieg-auf-baggerschiff-in-koeln-langel-zuender-muss-gesprengt-werden\/","datePublished":"2024-06-19","dateModified":"2024-06-19","mainEntityOfPage":"https:\/\/www.bachhausen.de\/blindgaenger-aus-dem-2-weltkrieg-auf-baggerschiff-in-koeln-langel-zuender-muss-gesprengt-werden\/","author":{"@type":"Person","@id":"##Person","name":"Report K","url":"#","identifier":20,"image":{"@type":"ImageObject","@id":"https:\/\/secure.gravatar.com\/avatar\/36af2c4c1f6de1245282e2f6d3e4483d8c1fb911663df347a69e69f7ff897aac?s=96&d=monsterid&r=g","url":"https:\/\/secure.gravatar.com\/avatar\/36af2c4c1f6de1245282e2f6d3e4483d8c1fb911663df347a69e69f7ff897aac?s=96&d=monsterid&r=g","height":96,"width":96}},"publisher":{"@type":"Person","name":"Dirk Bachhausen","image":{"@type":"ImageObject","@id":"https:\/\/www.bachhausen.de\/wp-content\/uploads\/2019\/07\/dirk_profil-300x300.jpg","url":"https:\/\/www.bachhausen.de\/wp-content\/uploads\/2019\/07\/dirk_profil-300x300.jpg","width":600,"height":60}},"image":{"@type":"ImageObject","@id":"https:\/\/www.bachhausen.de\/wp-content\/uploads\/2024\/04\/blindgaenger_16042024.png","url":"https:\/\/www.bachhausen.de\/wp-content\/uploads\/2024\/04\/blindgaenger_16042024.png","height":0,"width":0},"keywords":["baggerschiff","blindganger","gesprengt","langel","weltkrieg","werden","zunder"]},{"@type":"NewsArticle","@id":"https:\/\/www.bachhausen.de\/sexueller-missbrauch-von-kindern-geht-uns-alle-an\/","headline":"Sexueller Missbrauch von Kindern geht uns alle an","url":"https:\/\/www.bachhausen.de\/sexueller-missbrauch-von-kindern-geht-uns-alle-an\/","datePublished":"2024-06-19","dateModified":"2024-06-19","mainEntityOfPage":"https:\/\/www.bachhausen.de\/sexueller-missbrauch-von-kindern-geht-uns-alle-an\/","author":{"@type":"Person","@id":"##Person","name":"SPD K\u00f6ln","url":"#","identifier":4,"image":{"@type":"ImageObject","@id":"https:\/\/secure.gravatar.com\/avatar\/9e275a42f0e2d615e7358ea63859947f3ea63517a2bcb7a2b26010d9ca858396?s=96&d=monsterid&r=g","url":"https:\/\/secure.gravatar.com\/avatar\/9e275a42f0e2d615e7358ea63859947f3ea63517a2bcb7a2b26010d9ca858396?s=96&d=monsterid&r=g","height":96,"width":96}},"publisher":{"@type":"Person","name":"Dirk Bachhausen","image":{"@type":"ImageObject","@id":"https:\/\/www.bachhausen.de\/wp-content\/uploads\/2019\/07\/dirk_profil-300x300.jpg","url":"https:\/\/www.bachhausen.de\/wp-content\/uploads\/2019\/07\/dirk_profil-300x300.jpg","width":600,"height":60}},"image":{"@type":"ImageObject","@id":"https:\/\/www.bachhausen.de\/wp-content\/uploads\/2023\/09\/Zeitungsleser.webp","url":"https:\/\/www.bachhausen.de\/wp-content\/uploads\/2023\/09\/Zeitungsleser.webp","height":534,"width":800},"keywords":["kindern","missbrauch","sexueller"]},{"@type":"NewsArticle","@id":"https:\/\/www.bachhausen.de\/koelner-fanzone-am-heumarkt-schon-voll-stadt-mit-bitte-an-fans\/","headline":"K\u00f6lner Fanzone am Heumarkt schon voll \u2013 Stadt mit Bitte an Fans","url":"https:\/\/www.bachhausen.de\/koelner-fanzone-am-heumarkt-schon-voll-stadt-mit-bitte-an-fans\/","datePublished":"2024-06-19","dateModified":"2024-06-19","mainEntityOfPage":"https:\/\/www.bachhausen.de\/koelner-fanzone-am-heumarkt-schon-voll-stadt-mit-bitte-an-fans\/","author":{"@type":"Person","@id":"##Person","name":"Report K","url":"#","identifier":20,"image":{"@type":"ImageObject","@id":"https:\/\/secure.gravatar.com\/avatar\/36af2c4c1f6de1245282e2f6d3e4483d8c1fb911663df347a69e69f7ff897aac?s=96&d=monsterid&r=g","url":"https:\/\/secure.gravatar.com\/avatar\/36af2c4c1f6de1245282e2f6d3e4483d8c1fb911663df347a69e69f7ff897aac?s=96&d=monsterid&r=g","height":96,"width":96}},"publisher":{"@type":"Person","name":"Dirk Bachhausen","image":{"@type":"ImageObject","@id":"https:\/\/www.bachhausen.de\/wp-content\/uploads\/2019\/07\/dirk_profil-300x300.jpg","url":"https:\/\/www.bachhausen.de\/wp-content\/uploads\/2019\/07\/dirk_profil-300x300.jpg","width":600,"height":60}},"image":{"@type":"ImageObject","@id":"https:\/\/www.bachhausen.de\/wp-content\/uploads\/2024\/06\/public_viewing_pix_08062024.jpg","url":"https:\/\/www.bachhausen.de\/wp-content\/uploads\/2024\/06\/public_viewing_pix_08062024.jpg","height":768,"width":1064},"keywords":["bitte","fanzone","heumarkt","kolner","schon","stadt"]},{"@type":"NewsArticle","@id":"https:\/\/www.bachhausen.de\/massnahmen-zur-erhoehung-der-sicherheit-und-sauberkeit-auf-spielplaetzen-und-in-den-gruenanlagen\/","headline":"Ma\u00dfnahmen zur Erh\u00f6hung der Sicherheit und Sauberkeit auf Spielpl\u00e4tzen und in den Gr\u00fcnanlagen","url":"https:\/\/www.bachhausen.de\/massnahmen-zur-erhoehung-der-sicherheit-und-sauberkeit-auf-spielplaetzen-und-in-den-gruenanlagen\/","datePublished":"2024-06-18","dateModified":"2024-06-18","mainEntityOfPage":"https:\/\/www.bachhausen.de\/massnahmen-zur-erhoehung-der-sicherheit-und-sauberkeit-auf-spielplaetzen-und-in-den-gruenanlagen\/","author":{"@type":"Person","@id":"##Person","name":"SPD K\u00f6ln","url":"#","identifier":4,"image":{"@type":"ImageObject","@id":"https:\/\/secure.gravatar.com\/avatar\/9e275a42f0e2d615e7358ea63859947f3ea63517a2bcb7a2b26010d9ca858396?s=96&d=monsterid&r=g","url":"https:\/\/secure.gravatar.com\/avatar\/9e275a42f0e2d615e7358ea63859947f3ea63517a2bcb7a2b26010d9ca858396?s=96&d=monsterid&r=g","height":96,"width":96}},"publisher":{"@type":"Person","name":"Dirk Bachhausen","image":{"@type":"ImageObject","@id":"https:\/\/www.bachhausen.de\/wp-content\/uploads\/2019\/07\/dirk_profil-300x300.jpg","url":"https:\/\/www.bachhausen.de\/wp-content\/uploads\/2019\/07\/dirk_profil-300x300.jpg","width":600,"height":60}},"image":{"@type":"ImageObject","@id":"https:\/\/www.bachhausen.de\/wp-content\/uploads\/2023\/09\/Zeitungsleser.webp","url":"https:\/\/www.bachhausen.de\/wp-content\/uploads\/2023\/09\/Zeitungsleser.webp","height":534,"width":800},"keywords":["erhohung","grunanlagen","nahmen","sauberkeit","sicherheit","spielplatzen"]},{"@type":"NewsArticle","@id":"https:\/\/www.bachhausen.de\/rueckschnitt-der-ueberwuchernden-pflanzen-auf-dem-grasnelkenweg\/","headline":"R\u00fcckschnitt der \u00fcberwuchernden Pflanzen auf dem Grasnelkenweg","url":"https:\/\/www.bachhausen.de\/rueckschnitt-der-ueberwuchernden-pflanzen-auf-dem-grasnelkenweg\/","datePublished":"2024-06-18","dateModified":"2024-06-18","mainEntityOfPage":"https:\/\/www.bachhausen.de\/rueckschnitt-der-ueberwuchernden-pflanzen-auf-dem-grasnelkenweg\/","author":{"@type":"Person","@id":"##Person","name":"SPD K\u00f6ln","url":"#","identifier":4,"image":{"@type":"ImageObject","@id":"https:\/\/secure.gravatar.com\/avatar\/9e275a42f0e2d615e7358ea63859947f3ea63517a2bcb7a2b26010d9ca858396?s=96&d=monsterid&r=g","url":"https:\/\/secure.gravatar.com\/avatar\/9e275a42f0e2d615e7358ea63859947f3ea63517a2bcb7a2b26010d9ca858396?s=96&d=monsterid&r=g","height":96,"width":96}},"publisher":{"@type":"Person","name":"Dirk Bachhausen","image":{"@type":"ImageObject","@id":"https:\/\/www.bachhausen.de\/wp-content\/uploads\/2019\/07\/dirk_profil-300x300.jpg","url":"https:\/\/www.bachhausen.de\/wp-content\/uploads\/2019\/07\/dirk_profil-300x300.jpg","width":600,"height":60}},"image":{"@type":"ImageObject","@id":"https:\/\/www.bachhausen.de\/wp-content\/uploads\/2023\/09\/Zeitungsleser.webp","url":"https:\/\/www.bachhausen.de\/wp-content\/uploads\/2023\/09\/Zeitungsleser.webp","height":534,"width":800},"keywords":["grasnelkenweg","pflanzen","ruckschnitt","uberwuchernden"]},{"@type":"NewsArticle","@id":"https:\/\/www.bachhausen.de\/koelner-gruene-zu-tempo-30-auf-der-luxemburger-strasse-verkehrsdezernent-entschied-richtig\/","headline":"K\u00f6lner Gr\u00fcne zu Tempo 30 auf der Luxemburger Stra\u00dfe: Verkehrsdezernent entschied richtig","url":"https:\/\/www.bachhausen.de\/koelner-gruene-zu-tempo-30-auf-der-luxemburger-strasse-verkehrsdezernent-entschied-richtig\/","datePublished":"2024-06-18","dateModified":"2024-06-18","mainEntityOfPage":"https:\/\/www.bachhausen.de\/koelner-gruene-zu-tempo-30-auf-der-luxemburger-strasse-verkehrsdezernent-entschied-richtig\/","author":{"@type":"Person","@id":"##Person","name":"Report K","url":"#","identifier":20,"image":{"@type":"ImageObject","@id":"https:\/\/secure.gravatar.com\/avatar\/36af2c4c1f6de1245282e2f6d3e4483d8c1fb911663df347a69e69f7ff897aac?s=96&d=monsterid&r=g","url":"https:\/\/secure.gravatar.com\/avatar\/36af2c4c1f6de1245282e2f6d3e4483d8c1fb911663df347a69e69f7ff897aac?s=96&d=monsterid&r=g","height":96,"width":96}},"publisher":{"@type":"Person","name":"Dirk Bachhausen","image":{"@type":"ImageObject","@id":"https:\/\/www.bachhausen.de\/wp-content\/uploads\/2019\/07\/dirk_profil-300x300.jpg","url":"https:\/\/www.bachhausen.de\/wp-content\/uploads\/2019\/07\/dirk_profil-300x300.jpg","width":600,"height":60}},"image":{"@type":"ImageObject","@id":"https:\/\/www.bachhausen.de\/wp-content\/uploads\/2024\/06\/gruene_cdU_18062024.png","url":"https:\/\/www.bachhausen.de\/wp-content\/uploads\/2024\/06\/gruene_cdU_18062024.png","height":0,"width":0},"keywords":["entschied","grune","kolner","luxemburger","richtig","tempo","verkehrsdezernent"]},{"@type":"NewsArticle","@id":"https:\/\/www.bachhausen.de\/unwetterwarnung-koeln-stadtverwaltung-warnt-sportanlagen-werden-geschlossen\/","headline":"Unwetterwarnung K\u00f6ln: Stadtverwaltung warnt \u2013 Sportanlagen werden geschlossen","url":"https:\/\/www.bachhausen.de\/unwetterwarnung-koeln-stadtverwaltung-warnt-sportanlagen-werden-geschlossen\/","datePublished":"2024-06-18","dateModified":"2024-06-18","mainEntityOfPage":"https:\/\/www.bachhausen.de\/unwetterwarnung-koeln-stadtverwaltung-warnt-sportanlagen-werden-geschlossen\/","author":{"@type":"Person","@id":"##Person","name":"Report K","url":"#","identifier":20,"image":{"@type":"ImageObject","@id":"https:\/\/secure.gravatar.com\/avatar\/36af2c4c1f6de1245282e2f6d3e4483d8c1fb911663df347a69e69f7ff897aac?s=96&d=monsterid&r=g","url":"https:\/\/secure.gravatar.com\/avatar\/36af2c4c1f6de1245282e2f6d3e4483d8c1fb911663df347a69e69f7ff897aac?s=96&d=monsterid&r=g","height":96,"width":96}},"publisher":{"@type":"Person","name":"Dirk Bachhausen","image":{"@type":"ImageObject","@id":"https:\/\/www.bachhausen.de\/wp-content\/uploads\/2019\/07\/dirk_profil-300x300.jpg","url":"https:\/\/www.bachhausen.de\/wp-content\/uploads\/2019\/07\/dirk_profil-300x300.jpg","width":600,"height":60}},"image":{"@type":"ImageObject","@id":"https:\/\/www.bachhausen.de\/wp-content\/uploads\/2024\/05\/starkregen_K_02052024.jpg","url":"https:\/\/www.bachhausen.de\/wp-content\/uploads\/2024\/05\/starkregen_K_02052024.jpg","height":0,"width":0},"keywords":["geschlossen","sportanlagen","stadtverwaltung","unwetterwarnung","warnt","werden"]},{"@type":"NewsArticle","@id":"https:\/\/www.bachhausen.de\/koelner-cdu-wettert-gegen-verkehrsdezernent-egerer-und-ist-erzuernt\/","headline":"K\u00f6lner CDU wettert gegen Verkehrsdezernent Egerer und ist erz\u00fcrnt","url":"https:\/\/www.bachhausen.de\/koelner-cdu-wettert-gegen-verkehrsdezernent-egerer-und-ist-erzuernt\/","datePublished":"2024-06-18","dateModified":"2024-06-18","mainEntityOfPage":"https:\/\/www.bachhausen.de\/koelner-cdu-wettert-gegen-verkehrsdezernent-egerer-und-ist-erzuernt\/","author":{"@type":"Person","@id":"##Person","name":"Report K","url":"#","identifier":20,"image":{"@type":"ImageObject","@id":"https:\/\/secure.gravatar.com\/avatar\/36af2c4c1f6de1245282e2f6d3e4483d8c1fb911663df347a69e69f7ff897aac?s=96&d=monsterid&r=g","url":"https:\/\/secure.gravatar.com\/avatar\/36af2c4c1f6de1245282e2f6d3e4483d8c1fb911663df347a69e69f7ff897aac?s=96&d=monsterid&r=g","height":96,"width":96}},"publisher":{"@type":"Person","name":"Dirk Bachhausen","image":{"@type":"ImageObject","@id":"https:\/\/www.bachhausen.de\/wp-content\/uploads\/2019\/07\/dirk_profil-300x300.jpg","url":"https:\/\/www.bachhausen.de\/wp-content\/uploads\/2019\/07\/dirk_profil-300x300.jpg","width":600,"height":60}},"image":{"@type":"ImageObject","@id":"https:\/\/www.bachhausen.de\/wp-content\/uploads\/2022\/05\/mandl_20052022.jpg","url":"https:\/\/www.bachhausen.de\/wp-content\/uploads\/2022\/05\/mandl_20052022.jpg","height":0,"width":0},"keywords":["egerer","erzurnt","gegen","kolner","verkehrsdezernent","wettert"]},{"@type":"NewsArticle","@id":"https:\/\/www.bachhausen.de\/laender-und-kommunen-beschaeftigen-immer-mehr-menschen\/","headline":"L\u00e4nder und Kommunen besch\u00e4ftigen immer mehr Menschen","url":"https:\/\/www.bachhausen.de\/laender-und-kommunen-beschaeftigen-immer-mehr-menschen\/","datePublished":"2024-06-18","dateModified":"2024-06-18","mainEntityOfPage":"https:\/\/www.bachhausen.de\/laender-und-kommunen-beschaeftigen-immer-mehr-menschen\/","author":{"@type":"Person","@id":"##Person","name":"Report K","url":"#","identifier":20,"image":{"@type":"ImageObject","@id":"https:\/\/secure.gravatar.com\/avatar\/36af2c4c1f6de1245282e2f6d3e4483d8c1fb911663df347a69e69f7ff897aac?s=96&d=monsterid&r=g","url":"https:\/\/secure.gravatar.com\/avatar\/36af2c4c1f6de1245282e2f6d3e4483d8c1fb911663df347a69e69f7ff897aac?s=96&d=monsterid&r=g","height":96,"width":96}},"publisher":{"@type":"Person","name":"Dirk Bachhausen","image":{"@type":"ImageObject","@id":"https:\/\/www.bachhausen.de\/wp-content\/uploads\/2019\/07\/dirk_profil-300x300.jpg","url":"https:\/\/www.bachhausen.de\/wp-content\/uploads\/2019\/07\/dirk_profil-300x300.jpg","width":600,"height":60}},"image":{"@type":"ImageObject","@id":"https:\/\/www.bachhausen.de\/wp-content\/uploads\/2018\/04\/personengruppe_pixabay_12042018.jpg","url":"https:\/\/www.bachhausen.de\/wp-content\/uploads\/2018\/04\/personengruppe_pixabay_12042018.jpg","height":0,"width":0},"keywords":["beschaftigen","immer","kommunen","lander","menschen"]},{"@type":"NewsArticle","@id":"https:\/\/www.bachhausen.de\/stadt-sagt-alle-events-rund-um-das-euro-2024-festival-cologne-ab\/","headline":"Stadt sagt alle Events rund um das EURO 2024 Festival Cologne ab","url":"https:\/\/www.bachhausen.de\/stadt-sagt-alle-events-rund-um-das-euro-2024-festival-cologne-ab\/","datePublished":"2024-06-18","dateModified":"2024-06-18","mainEntityOfPage":"https:\/\/www.bachhausen.de\/stadt-sagt-alle-events-rund-um-das-euro-2024-festival-cologne-ab\/","author":{"@type":"Person","@id":"##Person","name":"Report K","url":"#","identifier":20,"image":{"@type":"ImageObject","@id":"https:\/\/secure.gravatar.com\/avatar\/36af2c4c1f6de1245282e2f6d3e4483d8c1fb911663df347a69e69f7ff897aac?s=96&d=monsterid&r=g","url":"https:\/\/secure.gravatar.com\/avatar\/36af2c4c1f6de1245282e2f6d3e4483d8c1fb911663df347a69e69f7ff897aac?s=96&d=monsterid&r=g","height":96,"width":96}},"publisher":{"@type":"Person","name":"Dirk Bachhausen","image":{"@type":"ImageObject","@id":"https:\/\/www.bachhausen.de\/wp-content\/uploads\/2019\/07\/dirk_profil-300x300.jpg","url":"https:\/\/www.bachhausen.de\/wp-content\/uploads\/2019\/07\/dirk_profil-300x300.jpg","width":600,"height":60}},"image":{"@type":"ImageObject","@id":"https:\/\/www.bachhausen.de\/wp-content\/uploads\/2024\/06\/closed_schild_pix_18062024.jpg","url":"https:\/\/www.bachhausen.de\/wp-content\/uploads\/2024\/06\/closed_schild_pix_18062024.jpg","height":0,"width":0},"keywords":["cologne","events","festival","stadt"]}]}