{"@context":"https:\/\/schema.org\/","@type":"CollectionPage","@id":"https:\/\/www.bachhausen.de\/Thema\/politik\/koeln\/#CollectionPage","headline":"K\u00f6ln Category","description":"","url":"https:\/\/www.bachhausen.de\/Thema\/politik\/koeln\/","hasPart":[{"@type":"NewsArticle","@id":"https:\/\/www.bachhausen.de\/antrag-auf-einrichtung-von-behindertenparkplaetzen-auf-dem-turkuplatz\/","headline":"Antrag auf Einrichtung von Behindertenparkpl\u00e4tzen auf dem Turkuplatz","url":"https:\/\/www.bachhausen.de\/antrag-auf-einrichtung-von-behindertenparkplaetzen-auf-dem-turkuplatz\/","datePublished":"2024-06-17","dateModified":"2024-06-17","mainEntityOfPage":"https:\/\/www.bachhausen.de\/antrag-auf-einrichtung-von-behindertenparkplaetzen-auf-dem-turkuplatz\/","author":{"@type":"Person","@id":"##Person","name":"SPD K\u00f6ln","url":"#","identifier":4,"image":{"@type":"ImageObject","@id":"https:\/\/secure.gravatar.com\/avatar\/9e275a42f0e2d615e7358ea63859947f3ea63517a2bcb7a2b26010d9ca858396?s=96&d=monsterid&r=g","url":"https:\/\/secure.gravatar.com\/avatar\/9e275a42f0e2d615e7358ea63859947f3ea63517a2bcb7a2b26010d9ca858396?s=96&d=monsterid&r=g","height":96,"width":96}},"publisher":{"@type":"Person","name":"Dirk Bachhausen","image":{"@type":"ImageObject","@id":"https:\/\/www.bachhausen.de\/wp-content\/uploads\/2019\/07\/dirk_profil-300x300.jpg","url":"https:\/\/www.bachhausen.de\/wp-content\/uploads\/2019\/07\/dirk_profil-300x300.jpg","width":600,"height":60}},"image":{"@type":"ImageObject","@id":"https:\/\/www.bachhausen.de\/wp-content\/uploads\/2023\/09\/Zeitungsleser.webp","url":"https:\/\/www.bachhausen.de\/wp-content\/uploads\/2023\/09\/Zeitungsleser.webp","height":534,"width":800},"keywords":["antrag","behindertenparkplatzen","einrichtung","turkuplatz"]},{"@type":"NewsArticle","@id":"https:\/\/www.bachhausen.de\/4-euro-fuer-03-l-koelsch-in-der-koelner-fanzone-happig-oder-angemessen\/","headline":"4 Euro f\u00fcr 0,3 l K\u00f6lsch \u00a0in der K\u00f6lner Fanzone \u2013 happig oder angemessen?","url":"https:\/\/www.bachhausen.de\/4-euro-fuer-03-l-koelsch-in-der-koelner-fanzone-happig-oder-angemessen\/","datePublished":"2024-06-16","dateModified":"2024-06-16","mainEntityOfPage":"https:\/\/www.bachhausen.de\/4-euro-fuer-03-l-koelsch-in-der-koelner-fanzone-happig-oder-angemessen\/","author":{"@type":"Person","@id":"##Person","name":"Report K","url":"#","identifier":20,"image":{"@type":"ImageObject","@id":"https:\/\/secure.gravatar.com\/avatar\/36af2c4c1f6de1245282e2f6d3e4483d8c1fb911663df347a69e69f7ff897aac?s=96&d=monsterid&r=g","url":"https:\/\/secure.gravatar.com\/avatar\/36af2c4c1f6de1245282e2f6d3e4483d8c1fb911663df347a69e69f7ff897aac?s=96&d=monsterid&r=g","height":96,"width":96}},"publisher":{"@type":"Person","name":"Dirk Bachhausen","image":{"@type":"ImageObject","@id":"https:\/\/www.bachhausen.de\/wp-content\/uploads\/2019\/07\/dirk_profil-300x300.jpg","url":"https:\/\/www.bachhausen.de\/wp-content\/uploads\/2019\/07\/dirk_profil-300x300.jpg","width":600,"height":60}},"image":{"@type":"ImageObject","@id":"https:\/\/www.bachhausen.de\/wp-content\/uploads\/2024\/06\/em_bier_kosten_160612024.png","url":"https:\/\/www.bachhausen.de\/wp-content\/uploads\/2024\/06\/em_bier_kosten_160612024.png","height":768,"width":1024},"keywords":["angemessen","fanzone","happig","kolner","kolsch"]},{"@type":"NewsArticle","@id":"https:\/\/www.bachhausen.de\/grembi-bleibt-veranstalter-sprechen-von-500-besuchern-des-waldfestes\/","headline":"\u201eGrembi bleibt\u201c \u2013 Veranstalter sprechen von 500 Besuchern des Waldfestes","url":"https:\/\/www.bachhausen.de\/grembi-bleibt-veranstalter-sprechen-von-500-besuchern-des-waldfestes\/","datePublished":"2024-06-16","dateModified":"2024-06-16","mainEntityOfPage":"https:\/\/www.bachhausen.de\/grembi-bleibt-veranstalter-sprechen-von-500-besuchern-des-waldfestes\/","author":{"@type":"Person","@id":"##Person","name":"Report K","url":"#","identifier":20,"image":{"@type":"ImageObject","@id":"https:\/\/secure.gravatar.com\/avatar\/36af2c4c1f6de1245282e2f6d3e4483d8c1fb911663df347a69e69f7ff897aac?s=96&d=monsterid&r=g","url":"https:\/\/secure.gravatar.com\/avatar\/36af2c4c1f6de1245282e2f6d3e4483d8c1fb911663df347a69e69f7ff897aac?s=96&d=monsterid&r=g","height":96,"width":96}},"publisher":{"@type":"Person","name":"Dirk Bachhausen","image":{"@type":"ImageObject","@id":"https:\/\/www.bachhausen.de\/wp-content\/uploads\/2019\/07\/dirk_profil-300x300.jpg","url":"https:\/\/www.bachhausen.de\/wp-content\/uploads\/2019\/07\/dirk_profil-300x300.jpg","width":600,"height":60}},"image":{"@type":"ImageObject","@id":"https:\/\/www.bachhausen.de\/wp-content\/uploads\/2024\/06\/511A3006gremberger_w_14062024.jpg","url":"https:\/\/www.bachhausen.de\/wp-content\/uploads\/2024\/06\/511A3006gremberger_w_14062024.jpg","height":768,"width":1064},"keywords":["besuchern","bleibt","grembi","sprechen","veranstalter","waldfestes"]},{"@type":"NewsArticle","@id":"https:\/\/www.bachhausen.de\/wahlnachlese-fuer-die-europawahl\/","headline":"Wahlnachlese f\u00fcr die Europawahl","url":"https:\/\/www.bachhausen.de\/wahlnachlese-fuer-die-europawahl\/","datePublished":"2024-06-15","dateModified":"2024-06-15","mainEntityOfPage":"https:\/\/www.bachhausen.de\/wahlnachlese-fuer-die-europawahl\/","author":{"@type":"Person","@id":"##Person","name":"SPD K\u00f6ln","url":"#","identifier":4,"image":{"@type":"ImageObject","@id":"https:\/\/secure.gravatar.com\/avatar\/9e275a42f0e2d615e7358ea63859947f3ea63517a2bcb7a2b26010d9ca858396?s=96&d=monsterid&r=g","url":"https:\/\/secure.gravatar.com\/avatar\/9e275a42f0e2d615e7358ea63859947f3ea63517a2bcb7a2b26010d9ca858396?s=96&d=monsterid&r=g","height":96,"width":96}},"publisher":{"@type":"Person","name":"Dirk Bachhausen","image":{"@type":"ImageObject","@id":"https:\/\/www.bachhausen.de\/wp-content\/uploads\/2019\/07\/dirk_profil-300x300.jpg","url":"https:\/\/www.bachhausen.de\/wp-content\/uploads\/2019\/07\/dirk_profil-300x300.jpg","width":600,"height":60}},"image":{"@type":"ImageObject","@id":"https:\/\/www.bachhausen.de\/wp-content\/uploads\/2023\/09\/Zeitungsleser.webp","url":"https:\/\/www.bachhausen.de\/wp-content\/uploads\/2023\/09\/Zeitungsleser.webp","height":534,"width":800},"keywords":["europawahl","wahlnachlese"]},{"@type":"NewsArticle","@id":"https:\/\/www.bachhausen.de\/mit-lena-teschlade-in-den-landtag\/","headline":"Mit Lena Teschlade in den Landtag","url":"https:\/\/www.bachhausen.de\/mit-lena-teschlade-in-den-landtag\/","datePublished":"2024-06-15","dateModified":"2024-06-15","mainEntityOfPage":"https:\/\/www.bachhausen.de\/mit-lena-teschlade-in-den-landtag\/","author":{"@type":"Person","@id":"##Person","name":"SPD K\u00f6ln","url":"#","identifier":4,"image":{"@type":"ImageObject","@id":"https:\/\/secure.gravatar.com\/avatar\/9e275a42f0e2d615e7358ea63859947f3ea63517a2bcb7a2b26010d9ca858396?s=96&d=monsterid&r=g","url":"https:\/\/secure.gravatar.com\/avatar\/9e275a42f0e2d615e7358ea63859947f3ea63517a2bcb7a2b26010d9ca858396?s=96&d=monsterid&r=g","height":96,"width":96}},"publisher":{"@type":"Person","name":"Dirk Bachhausen","image":{"@type":"ImageObject","@id":"https:\/\/www.bachhausen.de\/wp-content\/uploads\/2019\/07\/dirk_profil-300x300.jpg","url":"https:\/\/www.bachhausen.de\/wp-content\/uploads\/2019\/07\/dirk_profil-300x300.jpg","width":600,"height":60}},"image":{"@type":"ImageObject","@id":"https:\/\/www.spdkoelnnord.de\/mit-lena-teschlade-in-den-landtag\/?quality=70","url":"https:\/\/www.spdkoelnnord.de\/mit-lena-teschlade-in-den-landtag\/?quality=70","height":"","width":""},"keywords":["landtag","teschlade"]},{"@type":"NewsArticle","@id":"https:\/\/www.bachhausen.de\/gedenken-zum-60-jahrestag-des-flammenwerferattentats-auf-die-schule-in-volkhoven\/","headline":"Gedenken zum 60. Jahrestag des Flammenwerferattentats auf die Schule in Volkhoven","url":"https:\/\/www.bachhausen.de\/gedenken-zum-60-jahrestag-des-flammenwerferattentats-auf-die-schule-in-volkhoven\/","datePublished":"2024-06-15","dateModified":"2024-06-15","mainEntityOfPage":"https:\/\/www.bachhausen.de\/gedenken-zum-60-jahrestag-des-flammenwerferattentats-auf-die-schule-in-volkhoven\/","author":{"@type":"Person","@id":"##Person","name":"SPD K\u00f6ln","url":"#","identifier":4,"image":{"@type":"ImageObject","@id":"https:\/\/secure.gravatar.com\/avatar\/9e275a42f0e2d615e7358ea63859947f3ea63517a2bcb7a2b26010d9ca858396?s=96&d=monsterid&r=g","url":"https:\/\/secure.gravatar.com\/avatar\/9e275a42f0e2d615e7358ea63859947f3ea63517a2bcb7a2b26010d9ca858396?s=96&d=monsterid&r=g","height":96,"width":96}},"publisher":{"@type":"Person","name":"Dirk Bachhausen","image":{"@type":"ImageObject","@id":"https:\/\/www.bachhausen.de\/wp-content\/uploads\/2019\/07\/dirk_profil-300x300.jpg","url":"https:\/\/www.bachhausen.de\/wp-content\/uploads\/2019\/07\/dirk_profil-300x300.jpg","width":600,"height":60}},"image":{"@type":"ImageObject","@id":"https:\/\/www.bachhausen.de\/wp-content\/uploads\/2023\/09\/Zeitungsleser.webp","url":"https:\/\/www.bachhausen.de\/wp-content\/uploads\/2023\/09\/Zeitungsleser.webp","height":534,"width":800},"keywords":["flammenwerferattentats","gedenken","jahrestag","schule","volkhoven"]},{"@type":"NewsArticle","@id":"https:\/\/www.bachhausen.de\/oecd-bericht-zu-ki-deutschland-international-fuehrend\/","headline":"OECD-Bericht zu KI: Deutschland international f\u00fchrend","url":"https:\/\/www.bachhausen.de\/oecd-bericht-zu-ki-deutschland-international-fuehrend\/","datePublished":"2024-06-15","dateModified":"2024-06-15","mainEntityOfPage":"https:\/\/www.bachhausen.de\/oecd-bericht-zu-ki-deutschland-international-fuehrend\/","author":{"@type":"Person","@id":"##Person","name":"SPD K\u00f6ln","url":"#","identifier":4,"image":{"@type":"ImageObject","@id":"https:\/\/secure.gravatar.com\/avatar\/9e275a42f0e2d615e7358ea63859947f3ea63517a2bcb7a2b26010d9ca858396?s=96&d=monsterid&r=g","url":"https:\/\/secure.gravatar.com\/avatar\/9e275a42f0e2d615e7358ea63859947f3ea63517a2bcb7a2b26010d9ca858396?s=96&d=monsterid&r=g","height":96,"width":96}},"publisher":{"@type":"Person","name":"Dirk Bachhausen","image":{"@type":"ImageObject","@id":"https:\/\/www.bachhausen.de\/wp-content\/uploads\/2019\/07\/dirk_profil-300x300.jpg","url":"https:\/\/www.bachhausen.de\/wp-content\/uploads\/2019\/07\/dirk_profil-300x300.jpg","width":600,"height":60}},"image":{"@type":"ImageObject","@id":"https:\/\/cdn.statically.io\/img\/www.spdkoelnnord.de\/wp-content\/uploads\/2024\/06\/6dced6c1-e50e-46f3-bd94-bdd8ee20b9fa-920x425.jpg?quality=70&f=auto","url":"https:\/\/cdn.statically.io\/img\/www.spdkoelnnord.de\/wp-content\/uploads\/2024\/06\/6dced6c1-e50e-46f3-bd94-bdd8ee20b9fa-920x425.jpg?quality=70&f=auto","height":"","width":""},"keywords":["bericht","deutschland","fuhrend","international"]},{"@type":"NewsArticle","@id":"https:\/\/www.bachhausen.de\/beweidungsmassnahme-in-der-rheinaue-worringen\/","headline":"Beweidungsma\u00dfnahme in der Rheinaue Worringen","url":"https:\/\/www.bachhausen.de\/beweidungsmassnahme-in-der-rheinaue-worringen\/","datePublished":"2024-06-15","dateModified":"2024-06-15","mainEntityOfPage":"https:\/\/www.bachhausen.de\/beweidungsmassnahme-in-der-rheinaue-worringen\/","author":{"@type":"Person","@id":"##Person","name":"SPD K\u00f6ln","url":"#","identifier":4,"image":{"@type":"ImageObject","@id":"https:\/\/secure.gravatar.com\/avatar\/9e275a42f0e2d615e7358ea63859947f3ea63517a2bcb7a2b26010d9ca858396?s=96&d=monsterid&r=g","url":"https:\/\/secure.gravatar.com\/avatar\/9e275a42f0e2d615e7358ea63859947f3ea63517a2bcb7a2b26010d9ca858396?s=96&d=monsterid&r=g","height":96,"width":96}},"publisher":{"@type":"Person","name":"Dirk Bachhausen","image":{"@type":"ImageObject","@id":"https:\/\/www.bachhausen.de\/wp-content\/uploads\/2019\/07\/dirk_profil-300x300.jpg","url":"https:\/\/www.bachhausen.de\/wp-content\/uploads\/2019\/07\/dirk_profil-300x300.jpg","width":600,"height":60}},"image":{"@type":"ImageObject","@id":"https:\/\/cdn.statically.io\/img\/www.spdkoelnnord.de\/wp-content\/plugins\/embed-any-document\/images\/loading.svg?quality=70&f=auto","url":"https:\/\/cdn.statically.io\/img\/www.spdkoelnnord.de\/wp-content\/plugins\/embed-any-document\/images\/loading.svg?quality=70&f=auto","height":"","width":""},"keywords":["beweidungsma","nahme","rheinaue","worringen"]},{"@type":"NewsArticle","@id":"https:\/\/www.bachhausen.de\/stadt-bestaetigt-verwaltungsgericht-koeln-tempo-30-auf-der-luxemburger-strasse\/","headline":"Stadt best\u00e4tigt Verwaltungsgericht K\u00f6ln Tempo 30 auf der Luxemburger Stra\u00dfe","url":"https:\/\/www.bachhausen.de\/stadt-bestaetigt-verwaltungsgericht-koeln-tempo-30-auf-der-luxemburger-strasse\/","datePublished":"2024-06-15","dateModified":"2024-06-15","mainEntityOfPage":"https:\/\/www.bachhausen.de\/stadt-bestaetigt-verwaltungsgericht-koeln-tempo-30-auf-der-luxemburger-strasse\/","author":{"@type":"Person","@id":"##Person","name":"Report K","url":"#","identifier":20,"image":{"@type":"ImageObject","@id":"https:\/\/secure.gravatar.com\/avatar\/36af2c4c1f6de1245282e2f6d3e4483d8c1fb911663df347a69e69f7ff897aac?s=96&d=monsterid&r=g","url":"https:\/\/secure.gravatar.com\/avatar\/36af2c4c1f6de1245282e2f6d3e4483d8c1fb911663df347a69e69f7ff897aac?s=96&d=monsterid&r=g","height":96,"width":96}},"publisher":{"@type":"Person","name":"Dirk Bachhausen","image":{"@type":"ImageObject","@id":"https:\/\/www.bachhausen.de\/wp-content\/uploads\/2019\/07\/dirk_profil-300x300.jpg","url":"https:\/\/www.bachhausen.de\/wp-content\/uploads\/2019\/07\/dirk_profil-300x300.jpg","width":600,"height":60}},"image":{"@type":"ImageObject","@id":"https:\/\/www.bachhausen.de\/wp-content\/uploads\/2024\/06\/ampel_pex_15062024.jpg","url":"https:\/\/www.bachhausen.de\/wp-content\/uploads\/2024\/06\/ampel_pex_15062024.jpg","height":0,"width":0},"keywords":["bestatigt","luxemburger","stadt","tempo","verwaltungsgericht"]},{"@type":"NewsArticle","@id":"https:\/\/www.bachhausen.de\/kalker-poller-porzer-und-rodenkirchener-gruene-solidarisieren-sich-mit-grembi-bleibt-protest\/","headline":"Kalker, Poller, Porzer und Rodenkirchener Gr\u00fcne solidarisieren sich mit \u201eGrembi bleibt\u201c-Protest","url":"https:\/\/www.bachhausen.de\/kalker-poller-porzer-und-rodenkirchener-gruene-solidarisieren-sich-mit-grembi-bleibt-protest\/","datePublished":"2024-06-15","dateModified":"2024-06-15","mainEntityOfPage":"https:\/\/www.bachhausen.de\/kalker-poller-porzer-und-rodenkirchener-gruene-solidarisieren-sich-mit-grembi-bleibt-protest\/","author":{"@type":"Person","@id":"##Person","name":"Report K","url":"#","identifier":20,"image":{"@type":"ImageObject","@id":"https:\/\/secure.gravatar.com\/avatar\/36af2c4c1f6de1245282e2f6d3e4483d8c1fb911663df347a69e69f7ff897aac?s=96&d=monsterid&r=g","url":"https:\/\/secure.gravatar.com\/avatar\/36af2c4c1f6de1245282e2f6d3e4483d8c1fb911663df347a69e69f7ff897aac?s=96&d=monsterid&r=g","height":96,"width":96}},"publisher":{"@type":"Person","name":"Dirk Bachhausen","image":{"@type":"ImageObject","@id":"https:\/\/www.bachhausen.de\/wp-content\/uploads\/2019\/07\/dirk_profil-300x300.jpg","url":"https:\/\/www.bachhausen.de\/wp-content\/uploads\/2019\/07\/dirk_profil-300x300.jpg","width":600,"height":60}},"image":{"@type":"ImageObject","@id":"https:\/\/www.bachhausen.de\/wp-content\/uploads\/2024\/06\/511A2999_gremberg_14062024.jpg","url":"https:\/\/www.bachhausen.de\/wp-content\/uploads\/2024\/06\/511A2999_gremberg_14062024.jpg","height":0,"width":0},"keywords":["grembi","grune","kalker","poller","porzer","rodenkirchener","solidarisieren"]}]}