{"@context":"https:\/\/schema.org\/","@type":"CollectionPage","@id":"https:\/\/www.bachhausen.de\/Thema\/politik\/koeln\/#CollectionPage","headline":"K\u00f6ln Category","description":"","url":"https:\/\/www.bachhausen.de\/Thema\/politik\/koeln\/","hasPart":[{"@type":"NewsArticle","@id":"https:\/\/www.bachhausen.de\/die-neue-koelner-dombauhuette-wird-200\/","headline":"Die neue K\u00f6lner Dombauh\u00fctte wird 200","url":"https:\/\/www.bachhausen.de\/die-neue-koelner-dombauhuette-wird-200\/","datePublished":"2024-06-15","dateModified":"2024-06-15","mainEntityOfPage":"https:\/\/www.bachhausen.de\/die-neue-koelner-dombauhuette-wird-200\/","author":{"@type":"Person","@id":"##Person","name":"Report K","url":"#","identifier":20,"image":{"@type":"ImageObject","@id":"https:\/\/secure.gravatar.com\/avatar\/36af2c4c1f6de1245282e2f6d3e4483d8c1fb911663df347a69e69f7ff897aac?s=96&d=monsterid&r=g","url":"https:\/\/secure.gravatar.com\/avatar\/36af2c4c1f6de1245282e2f6d3e4483d8c1fb911663df347a69e69f7ff897aac?s=96&d=monsterid&r=g","height":96,"width":96}},"publisher":{"@type":"Person","name":"Dirk Bachhausen","image":{"@type":"ImageObject","@id":"https:\/\/www.bachhausen.de\/wp-content\/uploads\/2019\/07\/dirk_profil-300x300.jpg","url":"https:\/\/www.bachhausen.de\/wp-content\/uploads\/2019\/07\/dirk_profil-300x300.jpg","width":600,"height":60}},"image":{"@type":"ImageObject","@id":"https:\/\/www.bachhausen.de\/wp-content\/uploads\/2024\/02\/IMG_6052_dom_24042024.jpg","url":"https:\/\/www.bachhausen.de\/wp-content\/uploads\/2024\/02\/IMG_6052_dom_24042024.jpg","height":0,"width":0},"keywords":["dombauhutte","kolner"]},{"@type":"NewsArticle","@id":"https:\/\/www.bachhausen.de\/wohngeld-in-koeln-linke-kritisiert-hohe-zahl-nicht-bearbeiteter-antraege\/","headline":"Wohngeld in K\u00f6ln: Linke kritisiert hohe Zahl nicht bearbeiteter Antr\u00e4ge","url":"https:\/\/www.bachhausen.de\/wohngeld-in-koeln-linke-kritisiert-hohe-zahl-nicht-bearbeiteter-antraege\/","datePublished":"2024-06-14","dateModified":"2024-06-14","mainEntityOfPage":"https:\/\/www.bachhausen.de\/wohngeld-in-koeln-linke-kritisiert-hohe-zahl-nicht-bearbeiteter-antraege\/","author":{"@type":"Person","@id":"##Person","name":"Report K","url":"#","identifier":20,"image":{"@type":"ImageObject","@id":"https:\/\/secure.gravatar.com\/avatar\/36af2c4c1f6de1245282e2f6d3e4483d8c1fb911663df347a69e69f7ff897aac?s=96&d=monsterid&r=g","url":"https:\/\/secure.gravatar.com\/avatar\/36af2c4c1f6de1245282e2f6d3e4483d8c1fb911663df347a69e69f7ff897aac?s=96&d=monsterid&r=g","height":96,"width":96}},"publisher":{"@type":"Person","name":"Dirk Bachhausen","image":{"@type":"ImageObject","@id":"https:\/\/www.bachhausen.de\/wp-content\/uploads\/2019\/07\/dirk_profil-300x300.jpg","url":"https:\/\/www.bachhausen.de\/wp-content\/uploads\/2019\/07\/dirk_profil-300x300.jpg","width":600,"height":60}},"image":{"@type":"ImageObject","@id":"https:\/\/www.bachhausen.de\/wp-content\/uploads\/2024\/06\/euro-g7869cfa20_1920.gif","url":"https:\/\/www.bachhausen.de\/wp-content\/uploads\/2024\/06\/euro-g7869cfa20_1920.gif","height":768,"width":1064},"keywords":["antrage","bearbeiteter","kritisiert","linke","nicht","wohngeld"]},{"@type":"NewsArticle","@id":"https:\/\/www.bachhausen.de\/das-grosse-hennes-ix-orakelfressen-im-koelner-zoo\/","headline":"Das gro\u00dfe Hennes IX Orakelfressen im K\u00f6lner Zoo","url":"https:\/\/www.bachhausen.de\/das-grosse-hennes-ix-orakelfressen-im-koelner-zoo\/","datePublished":"2024-06-14","dateModified":"2024-06-14","mainEntityOfPage":"https:\/\/www.bachhausen.de\/das-grosse-hennes-ix-orakelfressen-im-koelner-zoo\/","author":{"@type":"Person","@id":"##Person","name":"Report K","url":"#","identifier":20,"image":{"@type":"ImageObject","@id":"https:\/\/secure.gravatar.com\/avatar\/36af2c4c1f6de1245282e2f6d3e4483d8c1fb911663df347a69e69f7ff897aac?s=96&d=monsterid&r=g","url":"https:\/\/secure.gravatar.com\/avatar\/36af2c4c1f6de1245282e2f6d3e4483d8c1fb911663df347a69e69f7ff897aac?s=96&d=monsterid&r=g","height":96,"width":96}},"publisher":{"@type":"Person","name":"Dirk Bachhausen","image":{"@type":"ImageObject","@id":"https:\/\/www.bachhausen.de\/wp-content\/uploads\/2019\/07\/dirk_profil-300x300.jpg","url":"https:\/\/www.bachhausen.de\/wp-content\/uploads\/2019\/07\/dirk_profil-300x300.jpg","width":600,"height":60}},"image":{"@type":"ImageObject","@id":"https:\/\/www.bachhausen.de\/wp-content\/uploads\/2024\/06\/hennesix_14062024.png","url":"https:\/\/www.bachhausen.de\/wp-content\/uploads\/2024\/06\/hennesix_14062024.png","height":768,"width":1024},"keywords":["hennes","kolner","orakelfressen"]},{"@type":"NewsArticle","@id":"https:\/\/www.bachhausen.de\/mitglieder-der-letzte-generation-zeigen-sich-bei-der-polizei-koeln-selbst-an\/","headline":"Mitglieder der Letzte Generation zeigen sich bei der Polizei K\u00f6ln selbst an","url":"https:\/\/www.bachhausen.de\/mitglieder-der-letzte-generation-zeigen-sich-bei-der-polizei-koeln-selbst-an\/","datePublished":"2024-06-14","dateModified":"2024-06-14","mainEntityOfPage":"https:\/\/www.bachhausen.de\/mitglieder-der-letzte-generation-zeigen-sich-bei-der-polizei-koeln-selbst-an\/","author":{"@type":"Person","@id":"##Person","name":"Report K","url":"#","identifier":20,"image":{"@type":"ImageObject","@id":"https:\/\/secure.gravatar.com\/avatar\/36af2c4c1f6de1245282e2f6d3e4483d8c1fb911663df347a69e69f7ff897aac?s=96&d=monsterid&r=g","url":"https:\/\/secure.gravatar.com\/avatar\/36af2c4c1f6de1245282e2f6d3e4483d8c1fb911663df347a69e69f7ff897aac?s=96&d=monsterid&r=g","height":96,"width":96}},"publisher":{"@type":"Person","name":"Dirk Bachhausen","image":{"@type":"ImageObject","@id":"https:\/\/www.bachhausen.de\/wp-content\/uploads\/2019\/07\/dirk_profil-300x300.jpg","url":"https:\/\/www.bachhausen.de\/wp-content\/uploads\/2019\/07\/dirk_profil-300x300.jpg","width":600,"height":60}},"image":{"@type":"ImageObject","@id":"https:\/\/www.bachhausen.de\/wp-content\/uploads\/2024\/06\/polizei_pix_22092022.jpg","url":"https:\/\/www.bachhausen.de\/wp-content\/uploads\/2024\/06\/polizei_pix_22092022.jpg","height":768,"width":1064},"keywords":["generation","letzte","mitglieder","polizei","selbst","zeigen"]},{"@type":"NewsArticle","@id":"https:\/\/www.bachhausen.de\/der-flughafen-und-die-host-city-cologne\/","headline":"Der Flughafen und die Host City Cologne","url":"https:\/\/www.bachhausen.de\/der-flughafen-und-die-host-city-cologne\/","datePublished":"2024-06-14","dateModified":"2024-06-14","mainEntityOfPage":"https:\/\/www.bachhausen.de\/der-flughafen-und-die-host-city-cologne\/","author":{"@type":"Person","@id":"##Person","name":"Report K","url":"#","identifier":20,"image":{"@type":"ImageObject","@id":"https:\/\/secure.gravatar.com\/avatar\/36af2c4c1f6de1245282e2f6d3e4483d8c1fb911663df347a69e69f7ff897aac?s=96&d=monsterid&r=g","url":"https:\/\/secure.gravatar.com\/avatar\/36af2c4c1f6de1245282e2f6d3e4483d8c1fb911663df347a69e69f7ff897aac?s=96&d=monsterid&r=g","height":96,"width":96}},"publisher":{"@type":"Person","name":"Dirk Bachhausen","image":{"@type":"ImageObject","@id":"https:\/\/www.bachhausen.de\/wp-content\/uploads\/2019\/07\/dirk_profil-300x300.jpg","url":"https:\/\/www.bachhausen.de\/wp-content\/uploads\/2019\/07\/dirk_profil-300x300.jpg","width":600,"height":60}},"image":{"@type":"ImageObject","@id":"https:\/\/www.bachhausen.de\/wp-content\/uploads\/2024\/06\/Albaert_EM-Maskottchen__54_-1068x712.jpg","url":"https:\/\/www.bachhausen.de\/wp-content\/uploads\/2024\/06\/Albaert_EM-Maskottchen__54_-1068x712.jpg","height":712,"width":1068},"keywords":["cologne","flughafen"]},{"@type":"NewsArticle","@id":"https:\/\/www.bachhausen.de\/baeume-im-gremberger-waeldchen-besetzt\/","headline":"B\u00e4ume im Gremberger W\u00e4ldchen besetzt","url":"https:\/\/www.bachhausen.de\/baeume-im-gremberger-waeldchen-besetzt\/","datePublished":"2024-06-14","dateModified":"2024-06-14","mainEntityOfPage":"https:\/\/www.bachhausen.de\/baeume-im-gremberger-waeldchen-besetzt\/","author":{"@type":"Person","@id":"##Person","name":"Report K","url":"#","identifier":20,"image":{"@type":"ImageObject","@id":"https:\/\/secure.gravatar.com\/avatar\/36af2c4c1f6de1245282e2f6d3e4483d8c1fb911663df347a69e69f7ff897aac?s=96&d=monsterid&r=g","url":"https:\/\/secure.gravatar.com\/avatar\/36af2c4c1f6de1245282e2f6d3e4483d8c1fb911663df347a69e69f7ff897aac?s=96&d=monsterid&r=g","height":96,"width":96}},"publisher":{"@type":"Person","name":"Dirk Bachhausen","image":{"@type":"ImageObject","@id":"https:\/\/www.bachhausen.de\/wp-content\/uploads\/2019\/07\/dirk_profil-300x300.jpg","url":"https:\/\/www.bachhausen.de\/wp-content\/uploads\/2019\/07\/dirk_profil-300x300.jpg","width":600,"height":60}},"image":{"@type":"ImageObject","@id":"https:\/\/www.bachhausen.de\/wp-content\/uploads\/2024\/06\/gremberger_waeldchen_14062024.jpg","url":"https:\/\/www.bachhausen.de\/wp-content\/uploads\/2024\/06\/gremberger_waeldchen_14062024.jpg","height":0,"width":0},"keywords":["baume","besetzt","gremberger","waldchen"]},{"@type":"NewsArticle","@id":"https:\/\/www.bachhausen.de\/kuckucks-schwan-im-koelner-zoo\/","headline":"\u201eKuckucks\u201c-Schwan im K\u00f6lner Zoo","url":"https:\/\/www.bachhausen.de\/kuckucks-schwan-im-koelner-zoo\/","datePublished":"2024-06-13","dateModified":"2024-06-13","mainEntityOfPage":"https:\/\/www.bachhausen.de\/kuckucks-schwan-im-koelner-zoo\/","author":{"@type":"Person","@id":"##Person","name":"Report K","url":"#","identifier":20,"image":{"@type":"ImageObject","@id":"https:\/\/secure.gravatar.com\/avatar\/36af2c4c1f6de1245282e2f6d3e4483d8c1fb911663df347a69e69f7ff897aac?s=96&d=monsterid&r=g","url":"https:\/\/secure.gravatar.com\/avatar\/36af2c4c1f6de1245282e2f6d3e4483d8c1fb911663df347a69e69f7ff897aac?s=96&d=monsterid&r=g","height":96,"width":96}},"publisher":{"@type":"Person","name":"Dirk Bachhausen","image":{"@type":"ImageObject","@id":"https:\/\/www.bachhausen.de\/wp-content\/uploads\/2019\/07\/dirk_profil-300x300.jpg","url":"https:\/\/www.bachhausen.de\/wp-content\/uploads\/2019\/07\/dirk_profil-300x300.jpg","width":600,"height":60}},"image":{"@type":"ImageObject","@id":"https:\/\/www.bachhausen.de\/wp-content\/uploads\/2024\/06\/zoo_PR_scheurer_13062024.jpg","url":"https:\/\/www.bachhausen.de\/wp-content\/uploads\/2024\/06\/zoo_PR_scheurer_13062024.jpg","height":768,"width":1064},"keywords":["kolner","kuckucks","schwan"]},{"@type":"NewsArticle","@id":"https:\/\/www.bachhausen.de\/kardinal-woelki-gewinnt-berufungsverfahren-gegen-die-bild\/","headline":"Kardinal Woelki gewinnt Berufungsverfahren gegen die \u201eBild\u201c","url":"https:\/\/www.bachhausen.de\/kardinal-woelki-gewinnt-berufungsverfahren-gegen-die-bild\/","datePublished":"2024-06-13","dateModified":"2024-06-13","mainEntityOfPage":"https:\/\/www.bachhausen.de\/kardinal-woelki-gewinnt-berufungsverfahren-gegen-die-bild\/","author":{"@type":"Person","@id":"##Person","name":"Report K","url":"#","identifier":20,"image":{"@type":"ImageObject","@id":"https:\/\/secure.gravatar.com\/avatar\/36af2c4c1f6de1245282e2f6d3e4483d8c1fb911663df347a69e69f7ff897aac?s=96&d=monsterid&r=g","url":"https:\/\/secure.gravatar.com\/avatar\/36af2c4c1f6de1245282e2f6d3e4483d8c1fb911663df347a69e69f7ff897aac?s=96&d=monsterid&r=g","height":96,"width":96}},"publisher":{"@type":"Person","name":"Dirk Bachhausen","image":{"@type":"ImageObject","@id":"https:\/\/www.bachhausen.de\/wp-content\/uploads\/2019\/07\/dirk_profil-300x300.jpg","url":"https:\/\/www.bachhausen.de\/wp-content\/uploads\/2019\/07\/dirk_profil-300x300.jpg","width":600,"height":60}},"image":{"@type":"ImageObject","@id":"https:\/\/www.bachhausen.de\/wp-content\/uploads\/2024\/06\/woelki_erzbistumKoeln_PR_13062024.jpg","url":"https:\/\/www.bachhausen.de\/wp-content\/uploads\/2024\/06\/woelki_erzbistumKoeln_PR_13062024.jpg","height":768,"width":1064},"keywords":["berufungsverfahren","gegen","gewinnt","kardinal","woelki"]},{"@type":"NewsArticle","@id":"https:\/\/www.bachhausen.de\/fridays-fuer-future-will-morgen-vor-dem-fraktionsbuero-der-afd-in-koeln-protestieren\/","headline":"Fridays f\u00fcr Future will morgen vor dem Fraktionsb\u00fcro der AfD in K\u00f6ln protestieren","url":"https:\/\/www.bachhausen.de\/fridays-fuer-future-will-morgen-vor-dem-fraktionsbuero-der-afd-in-koeln-protestieren\/","datePublished":"2024-06-13","dateModified":"2024-06-13","mainEntityOfPage":"https:\/\/www.bachhausen.de\/fridays-fuer-future-will-morgen-vor-dem-fraktionsbuero-der-afd-in-koeln-protestieren\/","author":{"@type":"Person","@id":"##Person","name":"Report K","url":"#","identifier":20,"image":{"@type":"ImageObject","@id":"https:\/\/secure.gravatar.com\/avatar\/36af2c4c1f6de1245282e2f6d3e4483d8c1fb911663df347a69e69f7ff897aac?s=96&d=monsterid&r=g","url":"https:\/\/secure.gravatar.com\/avatar\/36af2c4c1f6de1245282e2f6d3e4483d8c1fb911663df347a69e69f7ff897aac?s=96&d=monsterid&r=g","height":96,"width":96}},"publisher":{"@type":"Person","name":"Dirk Bachhausen","image":{"@type":"ImageObject","@id":"https:\/\/www.bachhausen.de\/wp-content\/uploads\/2019\/07\/dirk_profil-300x300.jpg","url":"https:\/\/www.bachhausen.de\/wp-content\/uploads\/2019\/07\/dirk_profil-300x300.jpg","width":600,"height":60}},"image":{"@type":"ImageObject","@id":"https:\/\/www.bachhausen.de\/wp-content\/uploads\/2024\/06\/fff_pixa_13062024.jpg","url":"https:\/\/www.bachhausen.de\/wp-content\/uploads\/2024\/06\/fff_pixa_13062024.jpg","height":0,"width":0},"keywords":["fraktionsburo","fridays","future","morgen","protestieren"]},{"@type":"NewsArticle","@id":"https:\/\/www.bachhausen.de\/crime-cologne-2024-veroeffentlicht-programm-hakan-nesser-kommt\/","headline":"Crime Cologne 2024 ver\u00f6ffentlicht Programm: \u00a0H\u00e5kan Nesser kommt","url":"https:\/\/www.bachhausen.de\/crime-cologne-2024-veroeffentlicht-programm-hakan-nesser-kommt\/","datePublished":"2024-06-12","dateModified":"2024-06-12","mainEntityOfPage":"https:\/\/www.bachhausen.de\/crime-cologne-2024-veroeffentlicht-programm-hakan-nesser-kommt\/","author":{"@type":"Person","@id":"##Person","name":"Report K","url":"#","identifier":20,"image":{"@type":"ImageObject","@id":"https:\/\/secure.gravatar.com\/avatar\/36af2c4c1f6de1245282e2f6d3e4483d8c1fb911663df347a69e69f7ff897aac?s=96&d=monsterid&r=g","url":"https:\/\/secure.gravatar.com\/avatar\/36af2c4c1f6de1245282e2f6d3e4483d8c1fb911663df347a69e69f7ff897aac?s=96&d=monsterid&r=g","height":96,"width":96}},"publisher":{"@type":"Person","name":"Dirk Bachhausen","image":{"@type":"ImageObject","@id":"https:\/\/www.bachhausen.de\/wp-content\/uploads\/2019\/07\/dirk_profil-300x300.jpg","url":"https:\/\/www.bachhausen.de\/wp-content\/uploads\/2019\/07\/dirk_profil-300x300.jpg","width":600,"height":60}},"image":{"@type":"ImageObject","@id":"https:\/\/www.bachhausen.de\/wp-content\/uploads\/2024\/06\/crime_12062024a.png","url":"https:\/\/www.bachhausen.de\/wp-content\/uploads\/2024\/06\/crime_12062024a.png","height":768,"width":1024},"keywords":["cologne","crime","kommt","nesser","programm","veroffentlicht"]}]}