{"@context":"https:\/\/schema.org\/","@type":"CollectionPage","@id":"https:\/\/www.bachhausen.de\/Thema\/politik\/koeln\/#CollectionPage","headline":"K\u00f6ln Category","description":"","url":"https:\/\/www.bachhausen.de\/Thema\/politik\/koeln\/","hasPart":[{"@type":"NewsArticle","@id":"https:\/\/www.bachhausen.de\/antisemitismus-in-koeln-die-zahlen-der-meldestelle\/","headline":"Antisemitismus in K\u00f6ln: Die Zahlen der Meldestelle","url":"https:\/\/www.bachhausen.de\/antisemitismus-in-koeln-die-zahlen-der-meldestelle\/","datePublished":"2024-06-12","dateModified":"2024-06-12","mainEntityOfPage":"https:\/\/www.bachhausen.de\/antisemitismus-in-koeln-die-zahlen-der-meldestelle\/","author":{"@type":"Person","@id":"##Person","name":"Report K","url":"#","identifier":20,"image":{"@type":"ImageObject","@id":"https:\/\/secure.gravatar.com\/avatar\/36af2c4c1f6de1245282e2f6d3e4483d8c1fb911663df347a69e69f7ff897aac?s=96&d=monsterid&r=g","url":"https:\/\/secure.gravatar.com\/avatar\/36af2c4c1f6de1245282e2f6d3e4483d8c1fb911663df347a69e69f7ff897aac?s=96&d=monsterid&r=g","height":96,"width":96}},"publisher":{"@type":"Person","name":"Dirk Bachhausen","image":{"@type":"ImageObject","@id":"https:\/\/www.bachhausen.de\/wp-content\/uploads\/2019\/07\/dirk_profil-300x300.jpg","url":"https:\/\/www.bachhausen.de\/wp-content\/uploads\/2019\/07\/dirk_profil-300x300.jpg","width":600,"height":60}},"image":{"@type":"ImageObject","@id":"https:\/\/www.bachhausen.de\/wp-content\/uploads\/2024\/06\/elDe_06042022.jpg","url":"https:\/\/www.bachhausen.de\/wp-content\/uploads\/2024\/06\/elDe_06042022.jpg","height":768,"width":1024},"keywords":["antisemitismus","meldestelle","zahlen"]},{"@type":"NewsArticle","@id":"https:\/\/www.bachhausen.de\/volksbuehne-und-stadt-koeln-gewinnen-vor-ovg-nrw-gegen-anwohner\/","headline":"Volksb\u00fchne und Stadt K\u00f6ln gewinnen vor OVG NRW gegen Anwohner","url":"https:\/\/www.bachhausen.de\/volksbuehne-und-stadt-koeln-gewinnen-vor-ovg-nrw-gegen-anwohner\/","datePublished":"2024-06-12","dateModified":"2024-06-12","mainEntityOfPage":"https:\/\/www.bachhausen.de\/volksbuehne-und-stadt-koeln-gewinnen-vor-ovg-nrw-gegen-anwohner\/","author":{"@type":"Person","@id":"##Person","name":"Report K","url":"#","identifier":20,"image":{"@type":"ImageObject","@id":"https:\/\/secure.gravatar.com\/avatar\/36af2c4c1f6de1245282e2f6d3e4483d8c1fb911663df347a69e69f7ff897aac?s=96&d=monsterid&r=g","url":"https:\/\/secure.gravatar.com\/avatar\/36af2c4c1f6de1245282e2f6d3e4483d8c1fb911663df347a69e69f7ff897aac?s=96&d=monsterid&r=g","height":96,"width":96}},"publisher":{"@type":"Person","name":"Dirk Bachhausen","image":{"@type":"ImageObject","@id":"https:\/\/www.bachhausen.de\/wp-content\/uploads\/2019\/07\/dirk_profil-300x300.jpg","url":"https:\/\/www.bachhausen.de\/wp-content\/uploads\/2019\/07\/dirk_profil-300x300.jpg","width":600,"height":60}},"image":{"@type":"ImageObject","@id":"https:\/\/www.bachhausen.de\/wp-content\/uploads\/2024\/06\/buehne_vorhang_pix_10052024.jpg","url":"https:\/\/www.bachhausen.de\/wp-content\/uploads\/2024\/06\/buehne_vorhang_pix_10052024.jpg","height":768,"width":1064},"keywords":["anwohner","gegen","gewinnen","stadt","volksbuhne"]},{"@type":"NewsArticle","@id":"https:\/\/www.bachhausen.de\/waldfest-am-15-juni-im-gremberger-waeldchen\/","headline":"Waldfest am 15. Juni im Gremberger W\u00e4ldchen","url":"https:\/\/www.bachhausen.de\/waldfest-am-15-juni-im-gremberger-waeldchen\/","datePublished":"2024-06-11","dateModified":"2024-06-11","mainEntityOfPage":"https:\/\/www.bachhausen.de\/waldfest-am-15-juni-im-gremberger-waeldchen\/","author":{"@type":"Person","@id":"##Person","name":"Report K","url":"#","identifier":20,"image":{"@type":"ImageObject","@id":"https:\/\/secure.gravatar.com\/avatar\/36af2c4c1f6de1245282e2f6d3e4483d8c1fb911663df347a69e69f7ff897aac?s=96&d=monsterid&r=g","url":"https:\/\/secure.gravatar.com\/avatar\/36af2c4c1f6de1245282e2f6d3e4483d8c1fb911663df347a69e69f7ff897aac?s=96&d=monsterid&r=g","height":96,"width":96}},"publisher":{"@type":"Person","name":"Dirk Bachhausen","image":{"@type":"ImageObject","@id":"https:\/\/www.bachhausen.de\/wp-content\/uploads\/2019\/07\/dirk_profil-300x300.jpg","url":"https:\/\/www.bachhausen.de\/wp-content\/uploads\/2019\/07\/dirk_profil-300x300.jpg","width":600,"height":60}},"image":{"@type":"ImageObject","@id":"https:\/\/www.bachhausen.de\/wp-content\/uploads\/2023\/12\/gremberg_blick_richtungsueden_6122023.jpg","url":"https:\/\/www.bachhausen.de\/wp-content\/uploads\/2023\/12\/gremberg_blick_richtungsueden_6122023.jpg","height":0,"width":0},"keywords":["gremberger","waldchen","waldfest"]},{"@type":"NewsArticle","@id":"https:\/\/www.bachhausen.de\/kalkfest-und-tag-des-guten-lebens-am-7-september-mitmacherinnen-gesucht\/","headline":"Kalkfest und Tag des guten Lebens am 7. September \u2013 Mitmacher:innen gesucht","url":"https:\/\/www.bachhausen.de\/kalkfest-und-tag-des-guten-lebens-am-7-september-mitmacherinnen-gesucht\/","datePublished":"2024-06-11","dateModified":"2024-06-11","mainEntityOfPage":"https:\/\/www.bachhausen.de\/kalkfest-und-tag-des-guten-lebens-am-7-september-mitmacherinnen-gesucht\/","author":{"@type":"Person","@id":"##Person","name":"Report K","url":"#","identifier":20,"image":{"@type":"ImageObject","@id":"https:\/\/secure.gravatar.com\/avatar\/36af2c4c1f6de1245282e2f6d3e4483d8c1fb911663df347a69e69f7ff897aac?s=96&d=monsterid&r=g","url":"https:\/\/secure.gravatar.com\/avatar\/36af2c4c1f6de1245282e2f6d3e4483d8c1fb911663df347a69e69f7ff897aac?s=96&d=monsterid&r=g","height":96,"width":96}},"publisher":{"@type":"Person","name":"Dirk Bachhausen","image":{"@type":"ImageObject","@id":"https:\/\/www.bachhausen.de\/wp-content\/uploads\/2019\/07\/dirk_profil-300x300.jpg","url":"https:\/\/www.bachhausen.de\/wp-content\/uploads\/2019\/07\/dirk_profil-300x300.jpg","width":600,"height":60}},"image":{"@type":"ImageObject","@id":"https:\/\/www.bachhausen.de\/wp-content\/uploads\/2024\/06\/zebra_11062024.jpg","url":"https:\/\/www.bachhausen.de\/wp-content\/uploads\/2024\/06\/zebra_11062024.jpg","height":0,"width":0},"keywords":["gesucht","guten","innen","kalkfest","lebens","mitmacher","september"]},{"@type":"NewsArticle","@id":"https:\/\/www.bachhausen.de\/uefa-euro-2024-in-koeln-drohnen-und-lkw-verbot-in-der-innenstadt\/","headline":"UEFA Euro 2024 in K\u00f6ln: Drohnen und Lkw-Verbot in der Innenstadt","url":"https:\/\/www.bachhausen.de\/uefa-euro-2024-in-koeln-drohnen-und-lkw-verbot-in-der-innenstadt\/","datePublished":"2024-06-11","dateModified":"2024-06-11","mainEntityOfPage":"https:\/\/www.bachhausen.de\/uefa-euro-2024-in-koeln-drohnen-und-lkw-verbot-in-der-innenstadt\/","author":{"@type":"Person","@id":"##Person","name":"Report K","url":"#","identifier":20,"image":{"@type":"ImageObject","@id":"https:\/\/secure.gravatar.com\/avatar\/36af2c4c1f6de1245282e2f6d3e4483d8c1fb911663df347a69e69f7ff897aac?s=96&d=monsterid&r=g","url":"https:\/\/secure.gravatar.com\/avatar\/36af2c4c1f6de1245282e2f6d3e4483d8c1fb911663df347a69e69f7ff897aac?s=96&d=monsterid&r=g","height":96,"width":96}},"publisher":{"@type":"Person","name":"Dirk Bachhausen","image":{"@type":"ImageObject","@id":"https:\/\/www.bachhausen.de\/wp-content\/uploads\/2019\/07\/dirk_profil-300x300.jpg","url":"https:\/\/www.bachhausen.de\/wp-content\/uploads\/2019\/07\/dirk_profil-300x300.jpg","width":600,"height":60}},"image":{"@type":"ImageObject","@id":"https:\/\/www.bachhausen.de\/wp-content\/uploads\/2024\/06\/Drohnenverbotszonen-Innenstadt-EM.jpg","url":"https:\/\/www.bachhausen.de\/wp-content\/uploads\/2024\/06\/Drohnenverbotszonen-Innenstadt-EM.jpg","height":0,"width":0},"keywords":["drohnen","innenstadt","verbot"]},{"@type":"NewsArticle","@id":"https:\/\/www.bachhausen.de\/koelner-cdu-sieht-sich-durch-europawahl-2024-gestaerkt\/","headline":"K\u00f6lner CDU sieht sich durch Europawahl 2024 gest\u00e4rkt","url":"https:\/\/www.bachhausen.de\/koelner-cdu-sieht-sich-durch-europawahl-2024-gestaerkt\/","datePublished":"2024-06-11","dateModified":"2024-06-11","mainEntityOfPage":"https:\/\/www.bachhausen.de\/koelner-cdu-sieht-sich-durch-europawahl-2024-gestaerkt\/","author":{"@type":"Person","@id":"##Person","name":"Report K","url":"#","identifier":20,"image":{"@type":"ImageObject","@id":"https:\/\/secure.gravatar.com\/avatar\/36af2c4c1f6de1245282e2f6d3e4483d8c1fb911663df347a69e69f7ff897aac?s=96&d=monsterid&r=g","url":"https:\/\/secure.gravatar.com\/avatar\/36af2c4c1f6de1245282e2f6d3e4483d8c1fb911663df347a69e69f7ff897aac?s=96&d=monsterid&r=g","height":96,"width":96}},"publisher":{"@type":"Person","name":"Dirk Bachhausen","image":{"@type":"ImageObject","@id":"https:\/\/www.bachhausen.de\/wp-content\/uploads\/2019\/07\/dirk_profil-300x300.jpg","url":"https:\/\/www.bachhausen.de\/wp-content\/uploads\/2019\/07\/dirk_profil-300x300.jpg","width":600,"height":60}},"image":{"@type":"ImageObject","@id":"https:\/\/www.bachhausen.de\/wp-content\/uploads\/2023\/01\/cdu_511A0941_26012023.jpg","url":"https:\/\/www.bachhausen.de\/wp-content\/uploads\/2023\/01\/cdu_511A0941_26012023.jpg","height":0,"width":0},"keywords":["durch","europawahl","gestarkt","kolner","sieht"]},{"@type":"NewsArticle","@id":"https:\/\/www.bachhausen.de\/koelnspd-sehr-enttaeuscht-ueber-die-hochrechnung-zur-europawahl\/","headline":"K\u00f6lnSPD sehr entt\u00e4uscht \u00fcber die Hochrechnung zur Europawahl","url":"https:\/\/www.bachhausen.de\/koelnspd-sehr-enttaeuscht-ueber-die-hochrechnung-zur-europawahl\/","datePublished":"2024-06-10","dateModified":"2024-06-10","mainEntityOfPage":"https:\/\/www.bachhausen.de\/koelnspd-sehr-enttaeuscht-ueber-die-hochrechnung-zur-europawahl\/","author":{"@type":"Person","@id":"##Person","name":"SPD K\u00f6ln","url":"#","identifier":4,"image":{"@type":"ImageObject","@id":"https:\/\/secure.gravatar.com\/avatar\/9e275a42f0e2d615e7358ea63859947f3ea63517a2bcb7a2b26010d9ca858396?s=96&d=monsterid&r=g","url":"https:\/\/secure.gravatar.com\/avatar\/9e275a42f0e2d615e7358ea63859947f3ea63517a2bcb7a2b26010d9ca858396?s=96&d=monsterid&r=g","height":96,"width":96}},"publisher":{"@type":"Person","name":"Dirk Bachhausen","image":{"@type":"ImageObject","@id":"https:\/\/www.bachhausen.de\/wp-content\/uploads\/2019\/07\/dirk_profil-300x300.jpg","url":"https:\/\/www.bachhausen.de\/wp-content\/uploads\/2019\/07\/dirk_profil-300x300.jpg","width":600,"height":60}},"image":{"@type":"ImageObject","@id":"https:\/\/www.bachhausen.de\/wp-content\/uploads\/2023\/09\/Zeitungsleser.webp","url":"https:\/\/www.bachhausen.de\/wp-content\/uploads\/2023\/09\/Zeitungsleser.webp","height":534,"width":800},"keywords":["enttauscht","europawahl","hochrechnung","kolnspd"]},{"@type":"NewsArticle","@id":"https:\/\/www.bachhausen.de\/marco-polo-in-koeln\/","headline":"Marco Polo in K\u00f6ln","url":"https:\/\/www.bachhausen.de\/marco-polo-in-koeln\/","datePublished":"2024-06-10","dateModified":"2024-06-10","mainEntityOfPage":"https:\/\/www.bachhausen.de\/marco-polo-in-koeln\/","author":{"@type":"Person","@id":"##Person","name":"Report K","url":"#","identifier":20,"image":{"@type":"ImageObject","@id":"https:\/\/secure.gravatar.com\/avatar\/36af2c4c1f6de1245282e2f6d3e4483d8c1fb911663df347a69e69f7ff897aac?s=96&d=monsterid&r=g","url":"https:\/\/secure.gravatar.com\/avatar\/36af2c4c1f6de1245282e2f6d3e4483d8c1fb911663df347a69e69f7ff897aac?s=96&d=monsterid&r=g","height":96,"width":96}},"publisher":{"@type":"Person","name":"Dirk Bachhausen","image":{"@type":"ImageObject","@id":"https:\/\/www.bachhausen.de\/wp-content\/uploads\/2019\/07\/dirk_profil-300x300.jpg","url":"https:\/\/www.bachhausen.de\/wp-content\/uploads\/2019\/07\/dirk_profil-300x300.jpg","width":600,"height":60}},"image":{"@type":"ImageObject","@id":"https:\/\/www.bachhausen.de\/wp-content\/uploads\/2024\/06\/Marco_Polo_traveling-1.jpg","url":"https:\/\/www.bachhausen.de\/wp-content\/uploads\/2024\/06\/Marco_Polo_traveling-1.jpg","height":0,"width":0},"keywords":["marco"]},{"@type":"NewsArticle","@id":"https:\/\/www.bachhausen.de\/koelner-spd-landtagsabgeordnete-beklagen-sinkende-zahl-von-u3-kita-plaetzen-in-koeln\/","headline":"K\u00f6lner SPD Landtagsabgeordnete beklagen sinkende Zahl von U3-Kita-Pl\u00e4tzen in K\u00f6ln","url":"https:\/\/www.bachhausen.de\/koelner-spd-landtagsabgeordnete-beklagen-sinkende-zahl-von-u3-kita-plaetzen-in-koeln\/","datePublished":"2024-06-10","dateModified":"2024-06-10","mainEntityOfPage":"https:\/\/www.bachhausen.de\/koelner-spd-landtagsabgeordnete-beklagen-sinkende-zahl-von-u3-kita-plaetzen-in-koeln\/","author":{"@type":"Person","@id":"##Person","name":"Report K","url":"#","identifier":20,"image":{"@type":"ImageObject","@id":"https:\/\/secure.gravatar.com\/avatar\/36af2c4c1f6de1245282e2f6d3e4483d8c1fb911663df347a69e69f7ff897aac?s=96&d=monsterid&r=g","url":"https:\/\/secure.gravatar.com\/avatar\/36af2c4c1f6de1245282e2f6d3e4483d8c1fb911663df347a69e69f7ff897aac?s=96&d=monsterid&r=g","height":96,"width":96}},"publisher":{"@type":"Person","name":"Dirk Bachhausen","image":{"@type":"ImageObject","@id":"https:\/\/www.bachhausen.de\/wp-content\/uploads\/2019\/07\/dirk_profil-300x300.jpg","url":"https:\/\/www.bachhausen.de\/wp-content\/uploads\/2019\/07\/dirk_profil-300x300.jpg","width":600,"height":60}},"image":{"@type":"ImageObject","@id":"https:\/\/www.bachhausen.de\/wp-content\/uploads\/2024\/06\/spd_nrw_4122023.jpg","url":"https:\/\/www.bachhausen.de\/wp-content\/uploads\/2024\/06\/spd_nrw_4122023.jpg","height":768,"width":1064},"keywords":["beklagen","kolner","landtagsabgeordnete","platzen","sinkende"]},{"@type":"NewsArticle","@id":"https:\/\/www.bachhausen.de\/facebook-loescht-postings-zu-redaktionellen-inhalten-zur-europawahl-von-report-k\/","headline":"Facebook l\u00f6scht Postings zu redaktionellen Inhalten zur Europawahl von report-K","url":"https:\/\/www.bachhausen.de\/facebook-loescht-postings-zu-redaktionellen-inhalten-zur-europawahl-von-report-k\/","datePublished":"2024-06-10","dateModified":"2024-06-10","mainEntityOfPage":"https:\/\/www.bachhausen.de\/facebook-loescht-postings-zu-redaktionellen-inhalten-zur-europawahl-von-report-k\/","author":{"@type":"Person","@id":"##Person","name":"Report K","url":"#","identifier":20,"image":{"@type":"ImageObject","@id":"https:\/\/secure.gravatar.com\/avatar\/36af2c4c1f6de1245282e2f6d3e4483d8c1fb911663df347a69e69f7ff897aac?s=96&d=monsterid&r=g","url":"https:\/\/secure.gravatar.com\/avatar\/36af2c4c1f6de1245282e2f6d3e4483d8c1fb911663df347a69e69f7ff897aac?s=96&d=monsterid&r=g","height":96,"width":96}},"publisher":{"@type":"Person","name":"Dirk Bachhausen","image":{"@type":"ImageObject","@id":"https:\/\/www.bachhausen.de\/wp-content\/uploads\/2019\/07\/dirk_profil-300x300.jpg","url":"https:\/\/www.bachhausen.de\/wp-content\/uploads\/2019\/07\/dirk_profil-300x300.jpg","width":600,"height":60}},"image":{"@type":"ImageObject","@id":"https:\/\/www.bachhausen.de\/wp-content\/uploads\/2024\/06\/fb_berichtrestattung01.jpg","url":"https:\/\/www.bachhausen.de\/wp-content\/uploads\/2024\/06\/fb_berichtrestattung01.jpg","height":0,"width":0},"keywords":["europawahl","facebook","inhalten","loscht","postings","redaktionellen","report"]}]}