{"@context":"https:\/\/schema.org\/","@type":"CollectionPage","@id":"https:\/\/www.bachhausen.de\/Thema\/politik\/koeln\/#CollectionPage","headline":"K\u00f6ln Category","description":"","url":"https:\/\/www.bachhausen.de\/Thema\/politik\/koeln\/","hasPart":[{"@type":"NewsArticle","@id":"https:\/\/www.bachhausen.de\/demonstrationen-fuer-den-erhalt-der-kliniken-holweide-und-amsterdamer-strasse\/","headline":"Demonstrationen f\u00fcr den Erhalt der Kliniken Holweide und Amsterdamer Stra\u00dfe","url":"https:\/\/www.bachhausen.de\/demonstrationen-fuer-den-erhalt-der-kliniken-holweide-und-amsterdamer-strasse\/","datePublished":"2024-06-06","dateModified":"2024-06-06","mainEntityOfPage":"https:\/\/www.bachhausen.de\/demonstrationen-fuer-den-erhalt-der-kliniken-holweide-und-amsterdamer-strasse\/","author":{"@type":"Person","@id":"##Person","name":"Report K","url":"#","identifier":20,"image":{"@type":"ImageObject","@id":"https:\/\/secure.gravatar.com\/avatar\/36af2c4c1f6de1245282e2f6d3e4483d8c1fb911663df347a69e69f7ff897aac?s=96&d=monsterid&r=g","url":"https:\/\/secure.gravatar.com\/avatar\/36af2c4c1f6de1245282e2f6d3e4483d8c1fb911663df347a69e69f7ff897aac?s=96&d=monsterid&r=g","height":96,"width":96}},"publisher":{"@type":"Person","name":"Dirk Bachhausen","image":{"@type":"ImageObject","@id":"https:\/\/www.bachhausen.de\/wp-content\/uploads\/2019\/07\/dirk_profil-300x300.jpg","url":"https:\/\/www.bachhausen.de\/wp-content\/uploads\/2019\/07\/dirk_profil-300x300.jpg","width":600,"height":60}},"image":{"@type":"ImageObject","@id":"https:\/\/www.bachhausen.de\/wp-content\/uploads\/2024\/06\/door-gca2d92ffb_1920-1068x712.jpg","url":"https:\/\/www.bachhausen.de\/wp-content\/uploads\/2024\/06\/door-gca2d92ffb_1920-1068x712.jpg","height":712,"width":1068},"keywords":["amsterdamer","demonstrationen","erhalt","holweide","kliniken"]},{"@type":"NewsArticle","@id":"https:\/\/www.bachhausen.de\/bessere-strafverfolgung-von-voelkerstraftaten\/","headline":"Bessere Strafverfolgung von V\u00f6lkerstraftaten","url":"https:\/\/www.bachhausen.de\/bessere-strafverfolgung-von-voelkerstraftaten\/","datePublished":"2024-06-06","dateModified":"2024-06-06","mainEntityOfPage":"https:\/\/www.bachhausen.de\/bessere-strafverfolgung-von-voelkerstraftaten\/","author":{"@type":"Person","@id":"##Person","name":"SPD K\u00f6ln","url":"#","identifier":4,"image":{"@type":"ImageObject","@id":"https:\/\/secure.gravatar.com\/avatar\/9e275a42f0e2d615e7358ea63859947f3ea63517a2bcb7a2b26010d9ca858396?s=96&d=monsterid&r=g","url":"https:\/\/secure.gravatar.com\/avatar\/9e275a42f0e2d615e7358ea63859947f3ea63517a2bcb7a2b26010d9ca858396?s=96&d=monsterid&r=g","height":96,"width":96}},"publisher":{"@type":"Person","name":"Dirk Bachhausen","image":{"@type":"ImageObject","@id":"https:\/\/www.bachhausen.de\/wp-content\/uploads\/2019\/07\/dirk_profil-300x300.jpg","url":"https:\/\/www.bachhausen.de\/wp-content\/uploads\/2019\/07\/dirk_profil-300x300.jpg","width":600,"height":60}},"image":{"@type":"ImageObject","@id":"https:\/\/www.bachhausen.de\/wp-content\/uploads\/2023\/09\/Zeitungsleser.webp","url":"https:\/\/www.bachhausen.de\/wp-content\/uploads\/2023\/09\/Zeitungsleser.webp","height":534,"width":800},"keywords":["bessere","strafverfolgung","volkerstraftaten"]},{"@type":"NewsArticle","@id":"https:\/\/www.bachhausen.de\/sommerfest-der-fraktion\/","headline":"Sommerfest der Fraktion","url":"https:\/\/www.bachhausen.de\/sommerfest-der-fraktion\/","datePublished":"2024-06-06","dateModified":"2024-06-06","mainEntityOfPage":"https:\/\/www.bachhausen.de\/sommerfest-der-fraktion\/","author":{"@type":"Person","@id":"##Person","name":"SPD K\u00f6ln","url":"#","identifier":4,"image":{"@type":"ImageObject","@id":"https:\/\/secure.gravatar.com\/avatar\/9e275a42f0e2d615e7358ea63859947f3ea63517a2bcb7a2b26010d9ca858396?s=96&d=monsterid&r=g","url":"https:\/\/secure.gravatar.com\/avatar\/9e275a42f0e2d615e7358ea63859947f3ea63517a2bcb7a2b26010d9ca858396?s=96&d=monsterid&r=g","height":96,"width":96}},"publisher":{"@type":"Person","name":"Dirk Bachhausen","image":{"@type":"ImageObject","@id":"https:\/\/www.bachhausen.de\/wp-content\/uploads\/2019\/07\/dirk_profil-300x300.jpg","url":"https:\/\/www.bachhausen.de\/wp-content\/uploads\/2019\/07\/dirk_profil-300x300.jpg","width":600,"height":60}},"image":{"@type":"ImageObject","@id":"https:\/\/www.bachhausen.de\/wp-content\/uploads\/2024\/06\/ajax-loader-2x.gif","url":"https:\/\/www.bachhausen.de\/wp-content\/uploads\/2024\/06\/ajax-loader-2x.gif","height":16,"width":16},"keywords":["fraktion","sommerfest"]},{"@type":"NewsArticle","@id":"https:\/\/www.bachhausen.de\/bewirb-dich-jetzt-fuer-den-jugendlandtag\/","headline":"Bewirb dich jetzt f\u00fcr den Jugendlandtag","url":"https:\/\/www.bachhausen.de\/bewirb-dich-jetzt-fuer-den-jugendlandtag\/","datePublished":"2024-06-06","dateModified":"2024-06-06","mainEntityOfPage":"https:\/\/www.bachhausen.de\/bewirb-dich-jetzt-fuer-den-jugendlandtag\/","author":{"@type":"Person","@id":"##Person","name":"SPD K\u00f6ln","url":"#","identifier":4,"image":{"@type":"ImageObject","@id":"https:\/\/secure.gravatar.com\/avatar\/9e275a42f0e2d615e7358ea63859947f3ea63517a2bcb7a2b26010d9ca858396?s=96&d=monsterid&r=g","url":"https:\/\/secure.gravatar.com\/avatar\/9e275a42f0e2d615e7358ea63859947f3ea63517a2bcb7a2b26010d9ca858396?s=96&d=monsterid&r=g","height":96,"width":96}},"publisher":{"@type":"Person","name":"Dirk Bachhausen","image":{"@type":"ImageObject","@id":"https:\/\/www.bachhausen.de\/wp-content\/uploads\/2019\/07\/dirk_profil-300x300.jpg","url":"https:\/\/www.bachhausen.de\/wp-content\/uploads\/2019\/07\/dirk_profil-300x300.jpg","width":600,"height":60}},"image":{"@type":"ImageObject","@id":"https:\/\/www.bachhausen.de\/wp-content\/uploads\/2023\/09\/Zeitungsleser.webp","url":"https:\/\/www.bachhausen.de\/wp-content\/uploads\/2023\/09\/Zeitungsleser.webp","height":534,"width":800},"keywords":["bewirb","jetzt","jugendlandtag"]},{"@type":"NewsArticle","@id":"https:\/\/www.bachhausen.de\/wahlkreisbuero-muetzenich-meldet-6-millionen-euro-fuer-gruenzug-koeln-nippes-vom-bund\/","headline":"Wahlkreisb\u00fcro M\u00fctzenich meldet 6 Millionen Euro f\u00fcr Gr\u00fcnzug K\u00f6ln-Nippes vom Bund","url":"https:\/\/www.bachhausen.de\/wahlkreisbuero-muetzenich-meldet-6-millionen-euro-fuer-gruenzug-koeln-nippes-vom-bund\/","datePublished":"2024-06-05","dateModified":"2024-06-05","mainEntityOfPage":"https:\/\/www.bachhausen.de\/wahlkreisbuero-muetzenich-meldet-6-millionen-euro-fuer-gruenzug-koeln-nippes-vom-bund\/","author":{"@type":"Person","@id":"##Person","name":"Report K","url":"#","identifier":20,"image":{"@type":"ImageObject","@id":"https:\/\/secure.gravatar.com\/avatar\/36af2c4c1f6de1245282e2f6d3e4483d8c1fb911663df347a69e69f7ff897aac?s=96&d=monsterid&r=g","url":"https:\/\/secure.gravatar.com\/avatar\/36af2c4c1f6de1245282e2f6d3e4483d8c1fb911663df347a69e69f7ff897aac?s=96&d=monsterid&r=g","height":96,"width":96}},"publisher":{"@type":"Person","name":"Dirk Bachhausen","image":{"@type":"ImageObject","@id":"https:\/\/www.bachhausen.de\/wp-content\/uploads\/2019\/07\/dirk_profil-300x300.jpg","url":"https:\/\/www.bachhausen.de\/wp-content\/uploads\/2019\/07\/dirk_profil-300x300.jpg","width":600,"height":60}},"image":{"@type":"ImageObject","@id":"https:\/\/www.report-k.de\/wp-content\/uploads\/2024\/03\/dts_image_32744_etejtpjfdn.jpg","url":"https:\/\/www.report-k.de\/wp-content\/uploads\/2024\/03\/dts_image_32744_etejtpjfdn.jpg","height":"","width":""},"keywords":["grunzug","meldet","millionen","mutzenich","nippes","wahlkreisburo"]},{"@type":"NewsArticle","@id":"https:\/\/www.bachhausen.de\/hervorragende-nachricht\/","headline":"Hervorragende Nachricht","url":"https:\/\/www.bachhausen.de\/hervorragende-nachricht\/","datePublished":"2024-06-05","dateModified":"2024-06-05","mainEntityOfPage":"https:\/\/www.bachhausen.de\/hervorragende-nachricht\/","author":{"@type":"Person","@id":"##Person","name":"SPD K\u00f6ln","url":"#","identifier":4,"image":{"@type":"ImageObject","@id":"https:\/\/secure.gravatar.com\/avatar\/9e275a42f0e2d615e7358ea63859947f3ea63517a2bcb7a2b26010d9ca858396?s=96&d=monsterid&r=g","url":"https:\/\/secure.gravatar.com\/avatar\/9e275a42f0e2d615e7358ea63859947f3ea63517a2bcb7a2b26010d9ca858396?s=96&d=monsterid&r=g","height":96,"width":96}},"publisher":{"@type":"Person","name":"Dirk Bachhausen","image":{"@type":"ImageObject","@id":"https:\/\/www.bachhausen.de\/wp-content\/uploads\/2019\/07\/dirk_profil-300x300.jpg","url":"https:\/\/www.bachhausen.de\/wp-content\/uploads\/2019\/07\/dirk_profil-300x300.jpg","width":600,"height":60}},"image":{"@type":"ImageObject","@id":"https:\/\/www.bachhausen.de\/wp-content\/uploads\/2023\/09\/Zeitungsleser.webp","url":"https:\/\/www.bachhausen.de\/wp-content\/uploads\/2023\/09\/Zeitungsleser.webp","height":534,"width":800},"keywords":["hervorragende","nachricht"]},{"@type":"NewsArticle","@id":"https:\/\/www.bachhausen.de\/heute-ist-ein-besonderer-tag-fuer-den-koelner-industriestandort\/","headline":"Heute ist ein besonderer Tag f\u00fcr den K\u00f6lner Industriestandort","url":"https:\/\/www.bachhausen.de\/heute-ist-ein-besonderer-tag-fuer-den-koelner-industriestandort\/","datePublished":"2024-06-05","dateModified":"2024-06-05","mainEntityOfPage":"https:\/\/www.bachhausen.de\/heute-ist-ein-besonderer-tag-fuer-den-koelner-industriestandort\/","author":{"@type":"Person","@id":"##Person","name":"SPD K\u00f6ln","url":"#","identifier":4,"image":{"@type":"ImageObject","@id":"https:\/\/secure.gravatar.com\/avatar\/9e275a42f0e2d615e7358ea63859947f3ea63517a2bcb7a2b26010d9ca858396?s=96&d=monsterid&r=g","url":"https:\/\/secure.gravatar.com\/avatar\/9e275a42f0e2d615e7358ea63859947f3ea63517a2bcb7a2b26010d9ca858396?s=96&d=monsterid&r=g","height":96,"width":96}},"publisher":{"@type":"Person","name":"Dirk Bachhausen","image":{"@type":"ImageObject","@id":"https:\/\/www.bachhausen.de\/wp-content\/uploads\/2019\/07\/dirk_profil-300x300.jpg","url":"https:\/\/www.bachhausen.de\/wp-content\/uploads\/2019\/07\/dirk_profil-300x300.jpg","width":600,"height":60}},"image":{"@type":"ImageObject","@id":"https:\/\/www.bachhausen.de\/wp-content\/uploads\/2023\/09\/Zeitungsleser.webp","url":"https:\/\/www.bachhausen.de\/wp-content\/uploads\/2023\/09\/Zeitungsleser.webp","height":534,"width":800},"keywords":["besonderer","heute","industriestandort","kolner"]},{"@type":"NewsArticle","@id":"https:\/\/www.bachhausen.de\/innovation-made-in-cologne-fuer-klimaschutz-und-nachhaltige-arbeitsplaetze\/","headline":"\u201eInnovation made in Cologne f\u00fcr Klimaschutz und nachhaltige Arbeitspl\u00e4tze\u201c","url":"https:\/\/www.bachhausen.de\/innovation-made-in-cologne-fuer-klimaschutz-und-nachhaltige-arbeitsplaetze\/","datePublished":"2024-06-05","dateModified":"2024-06-05","mainEntityOfPage":"https:\/\/www.bachhausen.de\/innovation-made-in-cologne-fuer-klimaschutz-und-nachhaltige-arbeitsplaetze\/","author":{"@type":"Person","@id":"##Person","name":"SPD K\u00f6ln","url":"#","identifier":4,"image":{"@type":"ImageObject","@id":"https:\/\/secure.gravatar.com\/avatar\/9e275a42f0e2d615e7358ea63859947f3ea63517a2bcb7a2b26010d9ca858396?s=96&d=monsterid&r=g","url":"https:\/\/secure.gravatar.com\/avatar\/9e275a42f0e2d615e7358ea63859947f3ea63517a2bcb7a2b26010d9ca858396?s=96&d=monsterid&r=g","height":96,"width":96}},"publisher":{"@type":"Person","name":"Dirk Bachhausen","image":{"@type":"ImageObject","@id":"https:\/\/www.bachhausen.de\/wp-content\/uploads\/2019\/07\/dirk_profil-300x300.jpg","url":"https:\/\/www.bachhausen.de\/wp-content\/uploads\/2019\/07\/dirk_profil-300x300.jpg","width":600,"height":60}},"image":{"@type":"ImageObject","@id":"https:\/\/www.bachhausen.de\/wp-content\/uploads\/2024\/06\/kontrolle-web-600x398.jpg","url":"https:\/\/www.bachhausen.de\/wp-content\/uploads\/2024\/06\/kontrolle-web-600x398.jpg","height":398,"width":600},"keywords":["arbeitsplatze","cologne","innovation","klimaschutz","nachhaltige"]},{"@type":"NewsArticle","@id":"https:\/\/www.bachhausen.de\/koelner-cdu-zahlt-schulden-in-hoehe-von-211-848-euro-zurueck\/","headline":"K\u00f6lner CDU zahlt Schulden in H\u00f6he von 211.848 Euro zur\u00fcck","url":"https:\/\/www.bachhausen.de\/koelner-cdu-zahlt-schulden-in-hoehe-von-211-848-euro-zurueck\/","datePublished":"2024-06-04","dateModified":"2024-06-04","mainEntityOfPage":"https:\/\/www.bachhausen.de\/koelner-cdu-zahlt-schulden-in-hoehe-von-211-848-euro-zurueck\/","author":{"@type":"Person","@id":"##Person","name":"Report K","url":"#","identifier":20,"image":{"@type":"ImageObject","@id":"https:\/\/secure.gravatar.com\/avatar\/36af2c4c1f6de1245282e2f6d3e4483d8c1fb911663df347a69e69f7ff897aac?s=96&d=monsterid&r=g","url":"https:\/\/secure.gravatar.com\/avatar\/36af2c4c1f6de1245282e2f6d3e4483d8c1fb911663df347a69e69f7ff897aac?s=96&d=monsterid&r=g","height":96,"width":96}},"publisher":{"@type":"Person","name":"Dirk Bachhausen","image":{"@type":"ImageObject","@id":"https:\/\/www.bachhausen.de\/wp-content\/uploads\/2019\/07\/dirk_profil-300x300.jpg","url":"https:\/\/www.bachhausen.de\/wp-content\/uploads\/2019\/07\/dirk_profil-300x300.jpg","width":600,"height":60}},"image":{"@type":"ImageObject","@id":"https:\/\/www.bachhausen.de\/wp-content\/uploads\/2024\/06\/cdu_511A0941_26012023.jpg","url":"https:\/\/www.bachhausen.de\/wp-content\/uploads\/2024\/06\/cdu_511A0941_26012023.jpg","height":768,"width":1064},"keywords":["kolner","schulden","zahlt","zuruck"]},{"@type":"NewsArticle","@id":"https:\/\/www.bachhausen.de\/13-tonnen-produktfaelschungen-gehen-in-muellverbrennungsanlage-in-flammen-auf\/","headline":"13 Tonnen Produktf\u00e4lschungen gehen in M\u00fcllverbrennungsanlage in Flammen auf","url":"https:\/\/www.bachhausen.de\/13-tonnen-produktfaelschungen-gehen-in-muellverbrennungsanlage-in-flammen-auf\/","datePublished":"2024-06-04","dateModified":"2024-06-04","mainEntityOfPage":"https:\/\/www.bachhausen.de\/13-tonnen-produktfaelschungen-gehen-in-muellverbrennungsanlage-in-flammen-auf\/","author":{"@type":"Person","@id":"##Person","name":"Report K","url":"#","identifier":20,"image":{"@type":"ImageObject","@id":"https:\/\/secure.gravatar.com\/avatar\/36af2c4c1f6de1245282e2f6d3e4483d8c1fb911663df347a69e69f7ff897aac?s=96&d=monsterid&r=g","url":"https:\/\/secure.gravatar.com\/avatar\/36af2c4c1f6de1245282e2f6d3e4483d8c1fb911663df347a69e69f7ff897aac?s=96&d=monsterid&r=g","height":96,"width":96}},"publisher":{"@type":"Person","name":"Dirk Bachhausen","image":{"@type":"ImageObject","@id":"https:\/\/www.bachhausen.de\/wp-content\/uploads\/2019\/07\/dirk_profil-300x300.jpg","url":"https:\/\/www.bachhausen.de\/wp-content\/uploads\/2019\/07\/dirk_profil-300x300.jpg","width":600,"height":60}},"image":{"@type":"ImageObject","@id":"https:\/\/www.bachhausen.de\/wp-content\/uploads\/2024\/06\/zoll_04062024.jpg","url":"https:\/\/www.bachhausen.de\/wp-content\/uploads\/2024\/06\/zoll_04062024.jpg","height":768,"width":1064},"keywords":["flammen","gehen","mullverbrennungsanlage","produktfalschungen","tonnen"]}]}