{"@context":"https:\/\/schema.org\/","@type":"CollectionPage","@id":"https:\/\/www.bachhausen.de\/Thema\/politik\/koeln\/#CollectionPage","headline":"K\u00f6ln Category","description":"","url":"https:\/\/www.bachhausen.de\/Thema\/politik\/koeln\/","hasPart":[{"@type":"NewsArticle","@id":"https:\/\/www.bachhausen.de\/bezirksvertretung-chorweiler-cdu-und-spd-vereinbaren-enge-zusammenarbeit\/","headline":"Bezirksvertretung Chorweiler: CDU und SPD vereinbaren enge Zusammenarbeit","url":"https:\/\/www.bachhausen.de\/bezirksvertretung-chorweiler-cdu-und-spd-vereinbaren-enge-zusammenarbeit\/","datePublished":"2025-11-25","dateModified":"2025-11-25","mainEntityOfPage":"https:\/\/www.bachhausen.de\/bezirksvertretung-chorweiler-cdu-und-spd-vereinbaren-enge-zusammenarbeit\/","author":{"@type":"Person","@id":"##Person","name":"K\u00f6lner Stadtanzeiger","url":"#","identifier":3,"description":"Der K\u00f6lner Stadtanzeiger","image":{"@type":"ImageObject","@id":"https:\/\/secure.gravatar.com\/avatar\/a3f43e8250594c4ed8be9e86201eefa6cc06ef89c032788db696432ac7e77173?s=96&d=monsterid&r=g","url":"https:\/\/secure.gravatar.com\/avatar\/a3f43e8250594c4ed8be9e86201eefa6cc06ef89c032788db696432ac7e77173?s=96&d=monsterid&r=g","height":96,"width":96}},"publisher":{"@type":"Person","name":"Dirk Bachhausen","image":{"@type":"ImageObject","@id":"https:\/\/www.bachhausen.de\/wp-content\/uploads\/2019\/07\/dirk_profil-300x300.jpg","url":"https:\/\/www.bachhausen.de\/wp-content\/uploads\/2019\/07\/dirk_profil-300x300.jpg","width":600,"height":60}},"image":{"@type":"ImageObject","@id":"https:\/\/www.bachhausen.de\/wp-content\/uploads\/2019\/07\/dirk_profil-300x300.jpg","url":"https:\/\/www.bachhausen.de\/wp-content\/uploads\/2019\/07\/dirk_profil-300x300.jpg","width":100,"height":100},"keywords":null},{"@type":"NewsArticle","@id":"https:\/\/www.bachhausen.de\/von-esch-bis-arnheim-neues-escher-dreigestirn-verbindet-ueber-grenzen-hinweg\/","headline":"Von Esch bis Arnheim: Neues Escher Dreigestirn verbindet \u00fcber Grenzen hinweg","url":"https:\/\/www.bachhausen.de\/von-esch-bis-arnheim-neues-escher-dreigestirn-verbindet-ueber-grenzen-hinweg\/","datePublished":"2025-11-19","dateModified":"2025-11-19","mainEntityOfPage":"https:\/\/www.bachhausen.de\/von-esch-bis-arnheim-neues-escher-dreigestirn-verbindet-ueber-grenzen-hinweg\/","author":{"@type":"Person","@id":"##Person","name":"K\u00f6lner Stadtanzeiger","url":"#","identifier":3,"description":"Der K\u00f6lner Stadtanzeiger","image":{"@type":"ImageObject","@id":"https:\/\/secure.gravatar.com\/avatar\/a3f43e8250594c4ed8be9e86201eefa6cc06ef89c032788db696432ac7e77173?s=96&d=monsterid&r=g","url":"https:\/\/secure.gravatar.com\/avatar\/a3f43e8250594c4ed8be9e86201eefa6cc06ef89c032788db696432ac7e77173?s=96&d=monsterid&r=g","height":96,"width":96}},"publisher":{"@type":"Person","name":"Dirk Bachhausen","image":{"@type":"ImageObject","@id":"https:\/\/www.bachhausen.de\/wp-content\/uploads\/2019\/07\/dirk_profil-300x300.jpg","url":"https:\/\/www.bachhausen.de\/wp-content\/uploads\/2019\/07\/dirk_profil-300x300.jpg","width":600,"height":60}},"image":{"@type":"ImageObject","@id":"https:\/\/www.bachhausen.de\/wp-content\/uploads\/2019\/07\/dirk_profil-300x300.jpg","url":"https:\/\/www.bachhausen.de\/wp-content\/uploads\/2019\/07\/dirk_profil-300x300.jpg","width":100,"height":100},"keywords":null},{"@type":"NewsArticle","@id":"https:\/\/www.bachhausen.de\/staerkung-fuer-familien-stiftung-foerdert-kleinkindprojekte-des-vereins-kindernoete-in-chorweiler\/","headline":"St\u00e4rkung f\u00fcr Familien: Stiftung f\u00f6rdert Kleinkindprojekte des Vereins Kindern\u00f6te in Chorweiler","url":"https:\/\/www.bachhausen.de\/staerkung-fuer-familien-stiftung-foerdert-kleinkindprojekte-des-vereins-kindernoete-in-chorweiler\/","datePublished":"2025-11-14","dateModified":"2025-11-14","mainEntityOfPage":"https:\/\/www.bachhausen.de\/staerkung-fuer-familien-stiftung-foerdert-kleinkindprojekte-des-vereins-kindernoete-in-chorweiler\/","author":{"@type":"Person","@id":"##Person","name":"K\u00f6lner Stadtanzeiger","url":"#","identifier":3,"description":"Der K\u00f6lner Stadtanzeiger","image":{"@type":"ImageObject","@id":"https:\/\/secure.gravatar.com\/avatar\/a3f43e8250594c4ed8be9e86201eefa6cc06ef89c032788db696432ac7e77173?s=96&d=monsterid&r=g","url":"https:\/\/secure.gravatar.com\/avatar\/a3f43e8250594c4ed8be9e86201eefa6cc06ef89c032788db696432ac7e77173?s=96&d=monsterid&r=g","height":96,"width":96}},"publisher":{"@type":"Person","name":"Dirk Bachhausen","image":{"@type":"ImageObject","@id":"https:\/\/www.bachhausen.de\/wp-content\/uploads\/2019\/07\/dirk_profil-300x300.jpg","url":"https:\/\/www.bachhausen.de\/wp-content\/uploads\/2019\/07\/dirk_profil-300x300.jpg","width":600,"height":60}},"image":{"@type":"ImageObject","@id":"https:\/\/www.bachhausen.de\/wp-content\/uploads\/2019\/07\/dirk_profil-300x300.jpg","url":"https:\/\/www.bachhausen.de\/wp-content\/uploads\/2019\/07\/dirk_profil-300x300.jpg","width":100,"height":100},"keywords":null},{"@type":"NewsArticle","@id":"https:\/\/www.bachhausen.de\/motto-met-humor-op-tour-worringer-karneval-neuer-prinz-stellt-sich-mit-grosser-sause-vor\/","headline":"Motto \u201eMet Humor op Tour\u201c: Worringer Karneval \u2013 Neuer Prinz stellt sich mit gro\u00dfer Sause vor","url":"https:\/\/www.bachhausen.de\/motto-met-humor-op-tour-worringer-karneval-neuer-prinz-stellt-sich-mit-grosser-sause-vor\/","datePublished":"2025-11-12","dateModified":"2025-11-12","mainEntityOfPage":"https:\/\/www.bachhausen.de\/motto-met-humor-op-tour-worringer-karneval-neuer-prinz-stellt-sich-mit-grosser-sause-vor\/","author":{"@type":"Person","@id":"##Person","name":"K\u00f6lner Stadtanzeiger","url":"#","identifier":3,"description":"Der K\u00f6lner Stadtanzeiger","image":{"@type":"ImageObject","@id":"https:\/\/secure.gravatar.com\/avatar\/a3f43e8250594c4ed8be9e86201eefa6cc06ef89c032788db696432ac7e77173?s=96&d=monsterid&r=g","url":"https:\/\/secure.gravatar.com\/avatar\/a3f43e8250594c4ed8be9e86201eefa6cc06ef89c032788db696432ac7e77173?s=96&d=monsterid&r=g","height":96,"width":96}},"publisher":{"@type":"Person","name":"Dirk Bachhausen","image":{"@type":"ImageObject","@id":"https:\/\/www.bachhausen.de\/wp-content\/uploads\/2019\/07\/dirk_profil-300x300.jpg","url":"https:\/\/www.bachhausen.de\/wp-content\/uploads\/2019\/07\/dirk_profil-300x300.jpg","width":600,"height":60}},"image":{"@type":"ImageObject","@id":"https:\/\/www.bachhausen.de\/wp-content\/uploads\/2019\/07\/dirk_profil-300x300.jpg","url":"https:\/\/www.bachhausen.de\/wp-content\/uploads\/2019\/07\/dirk_profil-300x300.jpg","width":100,"height":100},"keywords":null},{"@type":"NewsArticle","@id":"https:\/\/www.bachhausen.de\/zum-17-mal-kuenstler-zeigen-bei-chorweiler-art-ihre-kreationen\/","headline":"Zum 17. Mal: K\u00fcnstler zeigen bei Chorweiler Art ihre Kreationen","url":"https:\/\/www.bachhausen.de\/zum-17-mal-kuenstler-zeigen-bei-chorweiler-art-ihre-kreationen\/","datePublished":"2025-11-12","dateModified":"2025-11-12","mainEntityOfPage":"https:\/\/www.bachhausen.de\/zum-17-mal-kuenstler-zeigen-bei-chorweiler-art-ihre-kreationen\/","author":{"@type":"Person","@id":"##Person","name":"K\u00f6lner Stadtanzeiger","url":"#","identifier":3,"description":"Der K\u00f6lner Stadtanzeiger","image":{"@type":"ImageObject","@id":"https:\/\/secure.gravatar.com\/avatar\/a3f43e8250594c4ed8be9e86201eefa6cc06ef89c032788db696432ac7e77173?s=96&d=monsterid&r=g","url":"https:\/\/secure.gravatar.com\/avatar\/a3f43e8250594c4ed8be9e86201eefa6cc06ef89c032788db696432ac7e77173?s=96&d=monsterid&r=g","height":96,"width":96}},"publisher":{"@type":"Person","name":"Dirk Bachhausen","image":{"@type":"ImageObject","@id":"https:\/\/www.bachhausen.de\/wp-content\/uploads\/2019\/07\/dirk_profil-300x300.jpg","url":"https:\/\/www.bachhausen.de\/wp-content\/uploads\/2019\/07\/dirk_profil-300x300.jpg","width":600,"height":60}},"image":{"@type":"ImageObject","@id":"https:\/\/www.bachhausen.de\/wp-content\/uploads\/2019\/07\/dirk_profil-300x300.jpg","url":"https:\/\/www.bachhausen.de\/wp-content\/uploads\/2019\/07\/dirk_profil-300x300.jpg","width":100,"height":100},"keywords":null},{"@type":"NewsArticle","@id":"https:\/\/www.bachhausen.de\/schwerer-unfall-auf-der-a57-pkw-kollidiert-mit-lkw-eine-person-eingeklemmt\/","headline":"Schwerer Unfall auf der A57: Pkw kollidiert mit Lkw \u2013 eine Person eingeklemmt","url":"https:\/\/www.bachhausen.de\/schwerer-unfall-auf-der-a57-pkw-kollidiert-mit-lkw-eine-person-eingeklemmt\/","datePublished":"2025-11-12","dateModified":"2025-11-12","mainEntityOfPage":"https:\/\/www.bachhausen.de\/schwerer-unfall-auf-der-a57-pkw-kollidiert-mit-lkw-eine-person-eingeklemmt\/","author":{"@type":"Person","@id":"##Person","name":"K\u00f6lner Stadtanzeiger","url":"#","identifier":3,"description":"Der K\u00f6lner Stadtanzeiger","image":{"@type":"ImageObject","@id":"https:\/\/secure.gravatar.com\/avatar\/a3f43e8250594c4ed8be9e86201eefa6cc06ef89c032788db696432ac7e77173?s=96&d=monsterid&r=g","url":"https:\/\/secure.gravatar.com\/avatar\/a3f43e8250594c4ed8be9e86201eefa6cc06ef89c032788db696432ac7e77173?s=96&d=monsterid&r=g","height":96,"width":96}},"publisher":{"@type":"Person","name":"Dirk Bachhausen","image":{"@type":"ImageObject","@id":"https:\/\/www.bachhausen.de\/wp-content\/uploads\/2019\/07\/dirk_profil-300x300.jpg","url":"https:\/\/www.bachhausen.de\/wp-content\/uploads\/2019\/07\/dirk_profil-300x300.jpg","width":600,"height":60}},"image":{"@type":"ImageObject","@id":"https:\/\/www.bachhausen.de\/wp-content\/uploads\/2019\/07\/dirk_profil-300x300.jpg","url":"https:\/\/www.bachhausen.de\/wp-content\/uploads\/2019\/07\/dirk_profil-300x300.jpg","width":100,"height":100},"keywords":null},{"@type":"NewsArticle","@id":"https:\/\/www.bachhausen.de\/chorweiler-unlimited-voice-company-aus-worringen-feiert-30-jahre-auf-grossen-und-kleinen-buehnen\/","headline":"Chorweiler: Unlimited Voice Company aus Worringen feiert 30 Jahre auf gro\u00dfen und kleinen B\u00fchnen","url":"https:\/\/www.bachhausen.de\/chorweiler-unlimited-voice-company-aus-worringen-feiert-30-jahre-auf-grossen-und-kleinen-buehnen\/","datePublished":"2025-11-07","dateModified":"2025-11-07","mainEntityOfPage":"https:\/\/www.bachhausen.de\/chorweiler-unlimited-voice-company-aus-worringen-feiert-30-jahre-auf-grossen-und-kleinen-buehnen\/","author":{"@type":"Person","@id":"##Person","name":"K\u00f6lner Stadtanzeiger","url":"#","identifier":3,"description":"Der K\u00f6lner Stadtanzeiger","image":{"@type":"ImageObject","@id":"https:\/\/secure.gravatar.com\/avatar\/a3f43e8250594c4ed8be9e86201eefa6cc06ef89c032788db696432ac7e77173?s=96&d=monsterid&r=g","url":"https:\/\/secure.gravatar.com\/avatar\/a3f43e8250594c4ed8be9e86201eefa6cc06ef89c032788db696432ac7e77173?s=96&d=monsterid&r=g","height":96,"width":96}},"publisher":{"@type":"Person","name":"Dirk Bachhausen","image":{"@type":"ImageObject","@id":"https:\/\/www.bachhausen.de\/wp-content\/uploads\/2019\/07\/dirk_profil-300x300.jpg","url":"https:\/\/www.bachhausen.de\/wp-content\/uploads\/2019\/07\/dirk_profil-300x300.jpg","width":600,"height":60}},"image":{"@type":"ImageObject","@id":"https:\/\/www.bachhausen.de\/wp-content\/uploads\/2019\/07\/dirk_profil-300x300.jpg","url":"https:\/\/www.bachhausen.de\/wp-content\/uploads\/2019\/07\/dirk_profil-300x300.jpg","width":100,"height":100},"keywords":null},{"@type":"NewsArticle","@id":"https:\/\/www.bachhausen.de\/kritik-an-kulanzangebot-kanalbau-in-koeln-esch-anwohner-gehen-auf-konfrontationskurs\/","headline":"Kritik an Kulanzangebot: Kanalbau in K\u00f6ln-Esch \u2013 Anwohner gehen auf Konfrontationskurs","url":"https:\/\/www.bachhausen.de\/kritik-an-kulanzangebot-kanalbau-in-koeln-esch-anwohner-gehen-auf-konfrontationskurs\/","datePublished":"2025-11-06","dateModified":"2025-11-06","mainEntityOfPage":"https:\/\/www.bachhausen.de\/kritik-an-kulanzangebot-kanalbau-in-koeln-esch-anwohner-gehen-auf-konfrontationskurs\/","author":{"@type":"Person","@id":"##Person","name":"K\u00f6lner Stadtanzeiger","url":"#","identifier":3,"description":"Der K\u00f6lner Stadtanzeiger","image":{"@type":"ImageObject","@id":"https:\/\/secure.gravatar.com\/avatar\/a3f43e8250594c4ed8be9e86201eefa6cc06ef89c032788db696432ac7e77173?s=96&d=monsterid&r=g","url":"https:\/\/secure.gravatar.com\/avatar\/a3f43e8250594c4ed8be9e86201eefa6cc06ef89c032788db696432ac7e77173?s=96&d=monsterid&r=g","height":96,"width":96}},"publisher":{"@type":"Person","name":"Dirk Bachhausen","image":{"@type":"ImageObject","@id":"https:\/\/www.bachhausen.de\/wp-content\/uploads\/2019\/07\/dirk_profil-300x300.jpg","url":"https:\/\/www.bachhausen.de\/wp-content\/uploads\/2019\/07\/dirk_profil-300x300.jpg","width":600,"height":60}},"image":{"@type":"ImageObject","@id":"https:\/\/www.bachhausen.de\/wp-content\/uploads\/2019\/07\/dirk_profil-300x300.jpg","url":"https:\/\/www.bachhausen.de\/wp-content\/uploads\/2019\/07\/dirk_profil-300x300.jpg","width":100,"height":100},"keywords":null},{"@type":"NewsArticle","@id":"https:\/\/www.bachhausen.de\/unzureichende-infrastruktur-nutzer-der-haltestelle-worringen-werden-im-regen-stehen-gelassen\/","headline":"Unzureichende Infrastruktur: Nutzer der Haltestelle Worringen werden im Regen stehen gelassen","url":"https:\/\/www.bachhausen.de\/unzureichende-infrastruktur-nutzer-der-haltestelle-worringen-werden-im-regen-stehen-gelassen\/","datePublished":"2025-11-04","dateModified":"2025-11-04","mainEntityOfPage":"https:\/\/www.bachhausen.de\/unzureichende-infrastruktur-nutzer-der-haltestelle-worringen-werden-im-regen-stehen-gelassen\/","author":{"@type":"Person","@id":"##Person","name":"K\u00f6lner Stadtanzeiger","url":"#","identifier":3,"description":"Der K\u00f6lner Stadtanzeiger","image":{"@type":"ImageObject","@id":"https:\/\/secure.gravatar.com\/avatar\/a3f43e8250594c4ed8be9e86201eefa6cc06ef89c032788db696432ac7e77173?s=96&d=monsterid&r=g","url":"https:\/\/secure.gravatar.com\/avatar\/a3f43e8250594c4ed8be9e86201eefa6cc06ef89c032788db696432ac7e77173?s=96&d=monsterid&r=g","height":96,"width":96}},"publisher":{"@type":"Person","name":"Dirk Bachhausen","image":{"@type":"ImageObject","@id":"https:\/\/www.bachhausen.de\/wp-content\/uploads\/2019\/07\/dirk_profil-300x300.jpg","url":"https:\/\/www.bachhausen.de\/wp-content\/uploads\/2019\/07\/dirk_profil-300x300.jpg","width":600,"height":60}},"image":{"@type":"ImageObject","@id":"https:\/\/www.bachhausen.de\/wp-content\/uploads\/2019\/07\/dirk_profil-300x300.jpg","url":"https:\/\/www.bachhausen.de\/wp-content\/uploads\/2019\/07\/dirk_profil-300x300.jpg","width":100,"height":100},"keywords":null},{"@type":"NewsArticle","@id":"https:\/\/www.bachhausen.de\/koeln-worringen-der-mann-mit-dem-koelschglas-feiert-70-geburtstag\/","headline":"K\u00f6ln-Worringen: Der \u201eMann mit dem K\u00f6lschglas\u201c feiert 70. Geburtstag","url":"https:\/\/www.bachhausen.de\/koeln-worringen-der-mann-mit-dem-koelschglas-feiert-70-geburtstag\/","datePublished":"2025-11-01","dateModified":"2025-11-01","mainEntityOfPage":"https:\/\/www.bachhausen.de\/koeln-worringen-der-mann-mit-dem-koelschglas-feiert-70-geburtstag\/","author":{"@type":"Person","@id":"##Person","name":"K\u00f6lner Stadtanzeiger","url":"#","identifier":3,"description":"Der K\u00f6lner Stadtanzeiger","image":{"@type":"ImageObject","@id":"https:\/\/secure.gravatar.com\/avatar\/a3f43e8250594c4ed8be9e86201eefa6cc06ef89c032788db696432ac7e77173?s=96&d=monsterid&r=g","url":"https:\/\/secure.gravatar.com\/avatar\/a3f43e8250594c4ed8be9e86201eefa6cc06ef89c032788db696432ac7e77173?s=96&d=monsterid&r=g","height":96,"width":96}},"publisher":{"@type":"Person","name":"Dirk Bachhausen","image":{"@type":"ImageObject","@id":"https:\/\/www.bachhausen.de\/wp-content\/uploads\/2019\/07\/dirk_profil-300x300.jpg","url":"https:\/\/www.bachhausen.de\/wp-content\/uploads\/2019\/07\/dirk_profil-300x300.jpg","width":600,"height":60}},"image":{"@type":"ImageObject","@id":"https:\/\/www.bachhausen.de\/wp-content\/uploads\/2019\/07\/dirk_profil-300x300.jpg","url":"https:\/\/www.bachhausen.de\/wp-content\/uploads\/2019\/07\/dirk_profil-300x300.jpg","width":100,"height":100},"keywords":null}]}