{"@context":"https:\/\/schema.org\/","@type":"CollectionPage","@id":"https:\/\/www.bachhausen.de\/Thema\/politik\/koeln\/#CollectionPage","headline":"K\u00f6ln Category","description":"","url":"https:\/\/www.bachhausen.de\/Thema\/politik\/koeln\/","hasPart":[{"@type":"NewsArticle","@id":"https:\/\/www.bachhausen.de\/hitlergruss-im-chorweiler-wahlkampf\/","headline":"Hitlergru\u00df im Chorweiler Wahlkampf","url":"https:\/\/www.bachhausen.de\/hitlergruss-im-chorweiler-wahlkampf\/","datePublished":"2024-05-26","dateModified":"2024-05-26","mainEntityOfPage":"https:\/\/www.bachhausen.de\/hitlergruss-im-chorweiler-wahlkampf\/","author":{"@type":"Person","@id":"##Person","name":"SPD K\u00f6ln","url":"#","identifier":4,"image":{"@type":"ImageObject","@id":"https:\/\/secure.gravatar.com\/avatar\/9e275a42f0e2d615e7358ea63859947f3ea63517a2bcb7a2b26010d9ca858396?s=96&d=monsterid&r=g","url":"https:\/\/secure.gravatar.com\/avatar\/9e275a42f0e2d615e7358ea63859947f3ea63517a2bcb7a2b26010d9ca858396?s=96&d=monsterid&r=g","height":96,"width":96}},"publisher":{"@type":"Person","name":"Dirk Bachhausen","image":{"@type":"ImageObject","@id":"https:\/\/www.bachhausen.de\/wp-content\/uploads\/2019\/07\/dirk_profil-300x300.jpg","url":"https:\/\/www.bachhausen.de\/wp-content\/uploads\/2019\/07\/dirk_profil-300x300.jpg","width":600,"height":60}},"image":{"@type":"ImageObject","@id":"https:\/\/mldfdv0or0zw.i.optimole.com\/w:16\/h:16\/q:mauto\/f:best\/https:\/\/www.spdkoelnnord.de\/wp-content\/plugins\/page-views-count\/ajax-loader-2x.gif","url":"https:\/\/mldfdv0or0zw.i.optimole.com\/w:16\/h:16\/q:mauto\/f:best\/https:\/\/www.spdkoelnnord.de\/wp-content\/plugins\/page-views-count\/ajax-loader-2x.gif","height":"","width":""},"keywords":["chorweiler","hitlergru","wahlkampf"]},{"@type":"NewsArticle","@id":"https:\/\/www.bachhausen.de\/sahra-wagenknecht-kommt-in-die-koelner-suedstadt\/","headline":"Sahra Wagenknecht kommt in die K\u00f6lner S\u00fcdstadt","url":"https:\/\/www.bachhausen.de\/sahra-wagenknecht-kommt-in-die-koelner-suedstadt\/","datePublished":"2024-05-25","dateModified":"2024-05-25","mainEntityOfPage":"https:\/\/www.bachhausen.de\/sahra-wagenknecht-kommt-in-die-koelner-suedstadt\/","author":{"@type":"Person","@id":"##Person","name":"Report K","url":"#","identifier":20,"image":{"@type":"ImageObject","@id":"https:\/\/secure.gravatar.com\/avatar\/36af2c4c1f6de1245282e2f6d3e4483d8c1fb911663df347a69e69f7ff897aac?s=96&d=monsterid&r=g","url":"https:\/\/secure.gravatar.com\/avatar\/36af2c4c1f6de1245282e2f6d3e4483d8c1fb911663df347a69e69f7ff897aac?s=96&d=monsterid&r=g","height":96,"width":96}},"publisher":{"@type":"Person","name":"Dirk Bachhausen","image":{"@type":"ImageObject","@id":"https:\/\/www.bachhausen.de\/wp-content\/uploads\/2019\/07\/dirk_profil-300x300.jpg","url":"https:\/\/www.bachhausen.de\/wp-content\/uploads\/2019\/07\/dirk_profil-300x300.jpg","width":600,"height":60}},"image":{"@type":"ImageObject","@id":"https:\/\/www.bachhausen.de\/wp-content\/uploads\/2024\/01\/bsw_wagenknecht_dts_27012024.jpg","url":"https:\/\/www.bachhausen.de\/wp-content\/uploads\/2024\/01\/bsw_wagenknecht_dts_27012024.jpg","height":0,"width":0},"keywords":["kolner","kommt","sahra","sudstadt","wagenknecht"]},{"@type":"NewsArticle","@id":"https:\/\/www.bachhausen.de\/neuer-vorstand-der-ag-60-plus-mittelrhein\/","headline":"Neuer Vorstand der AG 60 plus Mittelrhein","url":"https:\/\/www.bachhausen.de\/neuer-vorstand-der-ag-60-plus-mittelrhein\/","datePublished":"2024-05-24","dateModified":"2024-05-24","mainEntityOfPage":"https:\/\/www.bachhausen.de\/neuer-vorstand-der-ag-60-plus-mittelrhein\/","author":{"@type":"Person","@id":"##Person","name":"SPD K\u00f6ln","url":"#","identifier":4,"image":{"@type":"ImageObject","@id":"https:\/\/secure.gravatar.com\/avatar\/9e275a42f0e2d615e7358ea63859947f3ea63517a2bcb7a2b26010d9ca858396?s=96&d=monsterid&r=g","url":"https:\/\/secure.gravatar.com\/avatar\/9e275a42f0e2d615e7358ea63859947f3ea63517a2bcb7a2b26010d9ca858396?s=96&d=monsterid&r=g","height":96,"width":96}},"publisher":{"@type":"Person","name":"Dirk Bachhausen","image":{"@type":"ImageObject","@id":"https:\/\/www.bachhausen.de\/wp-content\/uploads\/2019\/07\/dirk_profil-300x300.jpg","url":"https:\/\/www.bachhausen.de\/wp-content\/uploads\/2019\/07\/dirk_profil-300x300.jpg","width":600,"height":60}},"image":{"@type":"ImageObject","@id":"https:\/\/www.bachhausen.de\/wp-content\/uploads\/2023\/09\/Zeitungsleser.webp","url":"https:\/\/www.bachhausen.de\/wp-content\/uploads\/2023\/09\/Zeitungsleser.webp","height":534,"width":800},"keywords":["mittelrhein","neuer","vorstand"]},{"@type":"NewsArticle","@id":"https:\/\/www.bachhausen.de\/grundstein-gelegt-die-neue-gesamtschule-in-koeln-ossendorf\/","headline":"Grundstein gelegt: Die neue Gesamtschule in K\u00f6ln-Ossendorf","url":"https:\/\/www.bachhausen.de\/grundstein-gelegt-die-neue-gesamtschule-in-koeln-ossendorf\/","datePublished":"2024-05-24","dateModified":"2024-05-24","mainEntityOfPage":"https:\/\/www.bachhausen.de\/grundstein-gelegt-die-neue-gesamtschule-in-koeln-ossendorf\/","author":{"@type":"Person","@id":"##Person","name":"Report K","url":"#","identifier":20,"image":{"@type":"ImageObject","@id":"https:\/\/secure.gravatar.com\/avatar\/36af2c4c1f6de1245282e2f6d3e4483d8c1fb911663df347a69e69f7ff897aac?s=96&d=monsterid&r=g","url":"https:\/\/secure.gravatar.com\/avatar\/36af2c4c1f6de1245282e2f6d3e4483d8c1fb911663df347a69e69f7ff897aac?s=96&d=monsterid&r=g","height":96,"width":96}},"publisher":{"@type":"Person","name":"Dirk Bachhausen","image":{"@type":"ImageObject","@id":"https:\/\/www.bachhausen.de\/wp-content\/uploads\/2019\/07\/dirk_profil-300x300.jpg","url":"https:\/\/www.bachhausen.de\/wp-content\/uploads\/2019\/07\/dirk_profil-300x300.jpg","width":600,"height":60}},"image":{"@type":"ImageObject","@id":"https:\/\/www.bachhausen.de\/wp-content\/uploads\/2024\/02\/baustelle_pix_29022024.jpg","url":"https:\/\/www.bachhausen.de\/wp-content\/uploads\/2024\/02\/baustelle_pix_29022024.jpg","height":0,"width":0},"keywords":["gelegt","gesamtschule","grundstein","ossendorf"]},{"@type":"NewsArticle","@id":"https:\/\/www.bachhausen.de\/metoo-vorwuerfe-gegen-den-koelner-generalmusikdirektor-francois-xavier-roth-forderungen-aus-der-ratspolitik\/","headline":"#Metoo Vorw\u00fcrfe gegen den K\u00f6lner Generalmusikdirektor Fran\u00e7ois-Xavier Roth \u2013 Forderungen aus der Ratspolitik","url":"https:\/\/www.bachhausen.de\/metoo-vorwuerfe-gegen-den-koelner-generalmusikdirektor-francois-xavier-roth-forderungen-aus-der-ratspolitik\/","datePublished":"2024-05-24","dateModified":"2024-05-24","mainEntityOfPage":"https:\/\/www.bachhausen.de\/metoo-vorwuerfe-gegen-den-koelner-generalmusikdirektor-francois-xavier-roth-forderungen-aus-der-ratspolitik\/","author":{"@type":"Person","@id":"##Person","name":"Report K","url":"#","identifier":20,"image":{"@type":"ImageObject","@id":"https:\/\/secure.gravatar.com\/avatar\/36af2c4c1f6de1245282e2f6d3e4483d8c1fb911663df347a69e69f7ff897aac?s=96&d=monsterid&r=g","url":"https:\/\/secure.gravatar.com\/avatar\/36af2c4c1f6de1245282e2f6d3e4483d8c1fb911663df347a69e69f7ff897aac?s=96&d=monsterid&r=g","height":96,"width":96}},"publisher":{"@type":"Person","name":"Dirk Bachhausen","image":{"@type":"ImageObject","@id":"https:\/\/www.bachhausen.de\/wp-content\/uploads\/2019\/07\/dirk_profil-300x300.jpg","url":"https:\/\/www.bachhausen.de\/wp-content\/uploads\/2019\/07\/dirk_profil-300x300.jpg","width":600,"height":60}},"image":{"@type":"ImageObject","@id":"https:\/\/www.bachhausen.de\/wp-content\/uploads\/2024\/05\/roth_23052024-1068x712.png","url":"https:\/\/www.bachhausen.de\/wp-content\/uploads\/2024\/05\/roth_23052024-1068x712.png","height":0,"width":0},"keywords":["forderungen","gegen","generalmusikdirektor","kolner","metoo","vorwurfe","xavier"]},{"@type":"NewsArticle","@id":"https:\/\/www.bachhausen.de\/em-in-koeln-das-sind-die-sicherheitsmassnahmen\/","headline":"EM in K\u00f6ln: Das sind die Sicherheitsma\u00dfnahmen","url":"https:\/\/www.bachhausen.de\/em-in-koeln-das-sind-die-sicherheitsmassnahmen\/","datePublished":"2024-05-23","dateModified":"2024-05-23","mainEntityOfPage":"https:\/\/www.bachhausen.de\/em-in-koeln-das-sind-die-sicherheitsmassnahmen\/","author":{"@type":"Person","@id":"##Person","name":"Report K","url":"#","identifier":20,"image":{"@type":"ImageObject","@id":"https:\/\/secure.gravatar.com\/avatar\/36af2c4c1f6de1245282e2f6d3e4483d8c1fb911663df347a69e69f7ff897aac?s=96&d=monsterid&r=g","url":"https:\/\/secure.gravatar.com\/avatar\/36af2c4c1f6de1245282e2f6d3e4483d8c1fb911663df347a69e69f7ff897aac?s=96&d=monsterid&r=g","height":96,"width":96}},"publisher":{"@type":"Person","name":"Dirk Bachhausen","image":{"@type":"ImageObject","@id":"https:\/\/www.bachhausen.de\/wp-content\/uploads\/2019\/07\/dirk_profil-300x300.jpg","url":"https:\/\/www.bachhausen.de\/wp-content\/uploads\/2019\/07\/dirk_profil-300x300.jpg","width":600,"height":60}},"image":{"@type":"ImageObject","@id":"https:\/\/www.bachhausen.de\/wp-content\/uploads\/2024\/05\/em2024_sicherheitskonzept_pk_23052024-1.jpg","url":"https:\/\/www.bachhausen.de\/wp-content\/uploads\/2024\/05\/em2024_sicherheitskonzept_pk_23052024-1.jpg","height":768,"width":1064},"keywords":["nahmen","sicherheitsma"]},{"@type":"NewsArticle","@id":"https:\/\/www.bachhausen.de\/lage-am-bau-stabilisiert-sich\/","headline":"Lage am Bau stabilisiert sich","url":"https:\/\/www.bachhausen.de\/lage-am-bau-stabilisiert-sich\/","datePublished":"2024-05-23","dateModified":"2024-05-23","mainEntityOfPage":"https:\/\/www.bachhausen.de\/lage-am-bau-stabilisiert-sich\/","author":{"@type":"Person","@id":"##Person","name":"SPD K\u00f6ln","url":"#","identifier":4,"image":{"@type":"ImageObject","@id":"https:\/\/secure.gravatar.com\/avatar\/9e275a42f0e2d615e7358ea63859947f3ea63517a2bcb7a2b26010d9ca858396?s=96&d=monsterid&r=g","url":"https:\/\/secure.gravatar.com\/avatar\/9e275a42f0e2d615e7358ea63859947f3ea63517a2bcb7a2b26010d9ca858396?s=96&d=monsterid&r=g","height":96,"width":96}},"publisher":{"@type":"Person","name":"Dirk Bachhausen","image":{"@type":"ImageObject","@id":"https:\/\/www.bachhausen.de\/wp-content\/uploads\/2019\/07\/dirk_profil-300x300.jpg","url":"https:\/\/www.bachhausen.de\/wp-content\/uploads\/2019\/07\/dirk_profil-300x300.jpg","width":600,"height":60}},"image":{"@type":"ImageObject","@id":"https:\/\/www.bachhausen.de\/wp-content\/uploads\/2023\/09\/Zeitungsleser.webp","url":"https:\/\/www.bachhausen.de\/wp-content\/uploads\/2023\/09\/Zeitungsleser.webp","height":534,"width":800},"keywords":["stabilisiert"]},{"@type":"NewsArticle","@id":"https:\/\/www.bachhausen.de\/150-bierspezialitaeten-auf-der-rheinpromenade-in-koeln\/","headline":"150 Bierspezialit\u00e4ten auf der Rheinpromenade in K\u00f6ln","url":"https:\/\/www.bachhausen.de\/150-bierspezialitaeten-auf-der-rheinpromenade-in-koeln\/","datePublished":"2024-05-23","dateModified":"2024-05-23","mainEntityOfPage":"https:\/\/www.bachhausen.de\/150-bierspezialitaeten-auf-der-rheinpromenade-in-koeln\/","author":{"@type":"Person","@id":"##Person","name":"Report K","url":"#","identifier":20,"image":{"@type":"ImageObject","@id":"https:\/\/secure.gravatar.com\/avatar\/36af2c4c1f6de1245282e2f6d3e4483d8c1fb911663df347a69e69f7ff897aac?s=96&d=monsterid&r=g","url":"https:\/\/secure.gravatar.com\/avatar\/36af2c4c1f6de1245282e2f6d3e4483d8c1fb911663df347a69e69f7ff897aac?s=96&d=monsterid&r=g","height":96,"width":96}},"publisher":{"@type":"Person","name":"Dirk Bachhausen","image":{"@type":"ImageObject","@id":"https:\/\/www.bachhausen.de\/wp-content\/uploads\/2019\/07\/dirk_profil-300x300.jpg","url":"https:\/\/www.bachhausen.de\/wp-content\/uploads\/2019\/07\/dirk_profil-300x300.jpg","width":600,"height":60}},"image":{"@type":"ImageObject","@id":"https:\/\/www.bachhausen.de\/wp-content\/uploads\/2022\/09\/bier_pix_27092022.jpg","url":"https:\/\/www.bachhausen.de\/wp-content\/uploads\/2022\/09\/bier_pix_27092022.jpg","height":0,"width":0},"keywords":["bierspezialitaten","rheinpromenade"]},{"@type":"NewsArticle","@id":"https:\/\/www.bachhausen.de\/open-air-kinoabend-im-odonien\/","headline":"Open-Air Kinoabend im Odonien","url":"https:\/\/www.bachhausen.de\/open-air-kinoabend-im-odonien\/","datePublished":"2024-05-22","dateModified":"2024-05-22","mainEntityOfPage":"https:\/\/www.bachhausen.de\/open-air-kinoabend-im-odonien\/","author":{"@type":"Person","@id":"##Person","name":"Report K","url":"#","identifier":20,"image":{"@type":"ImageObject","@id":"https:\/\/secure.gravatar.com\/avatar\/36af2c4c1f6de1245282e2f6d3e4483d8c1fb911663df347a69e69f7ff897aac?s=96&d=monsterid&r=g","url":"https:\/\/secure.gravatar.com\/avatar\/36af2c4c1f6de1245282e2f6d3e4483d8c1fb911663df347a69e69f7ff897aac?s=96&d=monsterid&r=g","height":96,"width":96}},"publisher":{"@type":"Person","name":"Dirk Bachhausen","image":{"@type":"ImageObject","@id":"https:\/\/www.bachhausen.de\/wp-content\/uploads\/2019\/07\/dirk_profil-300x300.jpg","url":"https:\/\/www.bachhausen.de\/wp-content\/uploads\/2019\/07\/dirk_profil-300x300.jpg","width":600,"height":60}},"image":{"@type":"ImageObject","@id":"https:\/\/www.bachhausen.de\/wp-content\/uploads\/2024\/05\/BFestFoto.jpg","url":"https:\/\/www.bachhausen.de\/wp-content\/uploads\/2024\/05\/BFestFoto.jpg","height":768,"width":1024},"keywords":["kinoabend","odonien"]},{"@type":"NewsArticle","@id":"https:\/\/www.bachhausen.de\/9-juni-2024-erst-waehlen-gehen-dann-zu-birlikte\/","headline":"9. Juni 2024: \u201eErst w\u00e4hlen gehen, dann zu Birlikte\u201c","url":"https:\/\/www.bachhausen.de\/9-juni-2024-erst-waehlen-gehen-dann-zu-birlikte\/","datePublished":"2024-05-22","dateModified":"2024-05-22","mainEntityOfPage":"https:\/\/www.bachhausen.de\/9-juni-2024-erst-waehlen-gehen-dann-zu-birlikte\/","author":{"@type":"Person","@id":"##Person","name":"Report K","url":"#","identifier":20,"image":{"@type":"ImageObject","@id":"https:\/\/secure.gravatar.com\/avatar\/36af2c4c1f6de1245282e2f6d3e4483d8c1fb911663df347a69e69f7ff897aac?s=96&d=monsterid&r=g","url":"https:\/\/secure.gravatar.com\/avatar\/36af2c4c1f6de1245282e2f6d3e4483d8c1fb911663df347a69e69f7ff897aac?s=96&d=monsterid&r=g","height":96,"width":96}},"publisher":{"@type":"Person","name":"Dirk Bachhausen","image":{"@type":"ImageObject","@id":"https:\/\/www.bachhausen.de\/wp-content\/uploads\/2019\/07\/dirk_profil-300x300.jpg","url":"https:\/\/www.bachhausen.de\/wp-content\/uploads\/2019\/07\/dirk_profil-300x300.jpg","width":600,"height":60}},"image":{"@type":"ImageObject","@id":"https:\/\/www.bachhausen.de\/wp-content\/uploads\/2024\/05\/C2A9Ana_Lukenda-177.jpg","url":"https:\/\/www.bachhausen.de\/wp-content\/uploads\/2024\/05\/C2A9Ana_Lukenda-177.jpg","height":768,"width":1024},"keywords":["birlikte","gehen","wahlen"]}]}