{"@context":"https:\/\/schema.org\/","@type":"CollectionPage","@id":"https:\/\/www.bachhausen.de\/Thema\/politik\/#CollectionPage","headline":"Politik Category","description":"","url":"https:\/\/www.bachhausen.de\/Thema\/politik\/","hasPart":[{"@type":"NewsArticle","@id":"https:\/\/www.bachhausen.de\/autonome-waffen-made-in-germany\/","headline":"Autonome Waffen made in Germany","url":"https:\/\/www.bachhausen.de\/autonome-waffen-made-in-germany\/","datePublished":"2026-04-17","dateModified":"2026-04-17","mainEntityOfPage":"https:\/\/www.bachhausen.de\/autonome-waffen-made-in-germany\/","author":{"@type":"Person","@id":"##Person","name":"Correctiv.org","url":"#","identifier":15,"description":"<div class=\"elementor-element elementor-element-3e1bf03c elementor-widget elementor-widget-heading\" data-id=\"3e1bf03c\">\r\n<div class=\"elementor-widget-container\">\r\n<h1 class=\"elementor-heading-title elementor-size-default\">Recherchen f\u00fcr die Gesellschaft und mit der Gesellschaft<\/h1>\r\n<\/div>\r\n<\/div>\r\n<section class=\"elementor-element elementor-element-5be37e09 elementor-section-content-middle elementor-section-boxed elementor-section-height-default elementor-section-height-default elementor-section elementor-inner-section\" data-id=\"5be37e09\">\r\n<div class=\"elementor-container elementor-column-gap-no\">\r\n<div class=\"elementor-row\">\r\n<div class=\"elementor-element elementor-element-63cc7109 elementor-column elementor-col-50 elementor-inner-column\" data-id=\"63cc7109\">\r\n<div class=\"elementor-column-wrap elementor-element-populated\">\r\n<div class=\"elementor-widget-wrap\">\r\n<div class=\"elementor-element elementor-element-7d9688e9 elementor-widget elementor-widget-text-editor\" data-id=\"7d9688e9\">\r\n<div class=\"elementor-widget-container\">\r\n<div class=\"elementor-text-editor elementor-clearfix\">\r\n\r\n<strong>Investigativ. Unabh\u00e4ngig. Gemeinn\u00fctzig.<\/strong>\r\nCORRECTIV\u00a0ist das erste gemeinn\u00fctzige Recherchezentrum im deutschsprachigen Raum. Wir recherchieren langfristig zu Missst\u00e4nden in der Gesellschaft, f\u00f6rdern Medienkompetenz und f\u00fchren Bildungsprogramme durch.\r\n\r\n<a href=\"https:\/\/correctiv.org\/\">https:\/\/correctiv.org\/<\/a>\r\n\r\n<\/div>\r\n<\/div>\r\n<\/div>\r\n<\/div>\r\n<\/div>\r\n<\/div>\r\n<\/div>\r\n<\/div>\r\n<\/section>","image":{"@type":"ImageObject","@id":"https:\/\/secure.gravatar.com\/avatar\/51a6c0962ec4a7a9fff8508f3b6a21069f40fbb9a1ee7294cca7a040ced87b6c?s=96&d=monsterid&r=g","url":"https:\/\/secure.gravatar.com\/avatar\/51a6c0962ec4a7a9fff8508f3b6a21069f40fbb9a1ee7294cca7a040ced87b6c?s=96&d=monsterid&r=g","height":96,"width":96}},"publisher":{"@type":"Person","name":"Dirk Bachhausen","image":{"@type":"ImageObject","@id":"https:\/\/www.bachhausen.de\/wp-content\/uploads\/2019\/07\/dirk_profil-300x300.jpg","url":"https:\/\/www.bachhausen.de\/wp-content\/uploads\/2019\/07\/dirk_profil-300x300.jpg","width":600,"height":60}},"image":{"@type":"ImageObject","@id":"https:\/\/correctiv.org\/wp-content\/uploads\/2026\/04\/562771292-scaled.jpg","url":"https:\/\/correctiv.org\/wp-content\/uploads\/2026\/04\/562771292-scaled.jpg","height":"","width":""},"keywords":null},{"@type":"NewsArticle","@id":"https:\/\/www.bachhausen.de\/cartoon-arena-die-debatte-zu-sexualisierter-digitaler-gewalt-gegen-frauen\/","headline":"Cartoon-Arena: Die Debatte zu sexualisierter digitaler Gewalt gegen Frauen","url":"https:\/\/www.bachhausen.de\/cartoon-arena-die-debatte-zu-sexualisierter-digitaler-gewalt-gegen-frauen\/","datePublished":"2026-04-17","dateModified":"2026-04-17","mainEntityOfPage":"https:\/\/www.bachhausen.de\/cartoon-arena-die-debatte-zu-sexualisierter-digitaler-gewalt-gegen-frauen\/","author":{"@type":"Person","@id":"##Person","name":"Correctiv.org","url":"#","identifier":15,"description":"<div class=\"elementor-element elementor-element-3e1bf03c elementor-widget elementor-widget-heading\" data-id=\"3e1bf03c\">\r\n<div class=\"elementor-widget-container\">\r\n<h1 class=\"elementor-heading-title elementor-size-default\">Recherchen f\u00fcr die Gesellschaft und mit der Gesellschaft<\/h1>\r\n<\/div>\r\n<\/div>\r\n<section class=\"elementor-element elementor-element-5be37e09 elementor-section-content-middle elementor-section-boxed elementor-section-height-default elementor-section-height-default elementor-section elementor-inner-section\" data-id=\"5be37e09\">\r\n<div class=\"elementor-container elementor-column-gap-no\">\r\n<div class=\"elementor-row\">\r\n<div class=\"elementor-element elementor-element-63cc7109 elementor-column elementor-col-50 elementor-inner-column\" data-id=\"63cc7109\">\r\n<div class=\"elementor-column-wrap elementor-element-populated\">\r\n<div class=\"elementor-widget-wrap\">\r\n<div class=\"elementor-element elementor-element-7d9688e9 elementor-widget elementor-widget-text-editor\" data-id=\"7d9688e9\">\r\n<div class=\"elementor-widget-container\">\r\n<div class=\"elementor-text-editor elementor-clearfix\">\r\n\r\n<strong>Investigativ. Unabh\u00e4ngig. Gemeinn\u00fctzig.<\/strong>\r\nCORRECTIV\u00a0ist das erste gemeinn\u00fctzige Recherchezentrum im deutschsprachigen Raum. Wir recherchieren langfristig zu Missst\u00e4nden in der Gesellschaft, f\u00f6rdern Medienkompetenz und f\u00fchren Bildungsprogramme durch.\r\n\r\n<a href=\"https:\/\/correctiv.org\/\">https:\/\/correctiv.org\/<\/a>\r\n\r\n<\/div>\r\n<\/div>\r\n<\/div>\r\n<\/div>\r\n<\/div>\r\n<\/div>\r\n<\/div>\r\n<\/div>\r\n<\/section>","image":{"@type":"ImageObject","@id":"https:\/\/secure.gravatar.com\/avatar\/51a6c0962ec4a7a9fff8508f3b6a21069f40fbb9a1ee7294cca7a040ced87b6c?s=96&d=monsterid&r=g","url":"https:\/\/secure.gravatar.com\/avatar\/51a6c0962ec4a7a9fff8508f3b6a21069f40fbb9a1ee7294cca7a040ced87b6c?s=96&d=monsterid&r=g","height":96,"width":96}},"publisher":{"@type":"Person","name":"Dirk Bachhausen","image":{"@type":"ImageObject","@id":"https:\/\/www.bachhausen.de\/wp-content\/uploads\/2019\/07\/dirk_profil-300x300.jpg","url":"https:\/\/www.bachhausen.de\/wp-content\/uploads\/2019\/07\/dirk_profil-300x300.jpg","width":600,"height":60}},"image":{"@type":"ImageObject","@id":"https:\/\/www.bachhausen.de\/wp-content\/uploads\/2019\/07\/dirk_profil-300x300.jpg","url":"https:\/\/www.bachhausen.de\/wp-content\/uploads\/2019\/07\/dirk_profil-300x300.jpg","width":100,"height":100},"keywords":null},{"@type":"NewsArticle","@id":"https:\/\/www.bachhausen.de\/dritter-fall-in-fuenf-tagen-erneut-zigarettenautomat-in-koeln-chorweiler-gesprengt\/","headline":"Dritter Fall in f\u00fcnf Tagen: Erneut Zigarettenautomat in K\u00f6ln-Chorweiler gesprengt","url":"https:\/\/www.bachhausen.de\/dritter-fall-in-fuenf-tagen-erneut-zigarettenautomat-in-koeln-chorweiler-gesprengt\/","datePublished":"2026-04-17","dateModified":"2026-04-17","mainEntityOfPage":"https:\/\/www.bachhausen.de\/dritter-fall-in-fuenf-tagen-erneut-zigarettenautomat-in-koeln-chorweiler-gesprengt\/","author":{"@type":"Person","@id":"##Person","name":"K\u00f6lner Stadtanzeiger","url":"#","identifier":3,"description":"Der K\u00f6lner Stadtanzeiger","image":{"@type":"ImageObject","@id":"https:\/\/secure.gravatar.com\/avatar\/a3f43e8250594c4ed8be9e86201eefa6cc06ef89c032788db696432ac7e77173?s=96&d=monsterid&r=g","url":"https:\/\/secure.gravatar.com\/avatar\/a3f43e8250594c4ed8be9e86201eefa6cc06ef89c032788db696432ac7e77173?s=96&d=monsterid&r=g","height":96,"width":96}},"publisher":{"@type":"Person","name":"Dirk Bachhausen","image":{"@type":"ImageObject","@id":"https:\/\/www.bachhausen.de\/wp-content\/uploads\/2019\/07\/dirk_profil-300x300.jpg","url":"https:\/\/www.bachhausen.de\/wp-content\/uploads\/2019\/07\/dirk_profil-300x300.jpg","width":600,"height":60}},"image":{"@type":"ImageObject","@id":"https:\/\/www.bachhausen.de\/wp-content\/uploads\/2019\/07\/dirk_profil-300x300.jpg","url":"https:\/\/www.bachhausen.de\/wp-content\/uploads\/2019\/07\/dirk_profil-300x300.jpg","width":100,"height":100},"keywords":null},{"@type":"NewsArticle","@id":"https:\/\/www.bachhausen.de\/wir-rechnen-uns-zu-reich\/","headline":"Wir rechnen uns zu reich","url":"https:\/\/www.bachhausen.de\/wir-rechnen-uns-zu-reich\/","datePublished":"2026-04-17","dateModified":"2026-04-17","mainEntityOfPage":"https:\/\/www.bachhausen.de\/wir-rechnen-uns-zu-reich\/","author":{"@type":"Person","@id":"##Person","name":"Makronom","url":"#","identifier":23,"image":{"@type":"ImageObject","@id":"https:\/\/secure.gravatar.com\/avatar\/aaf847ecf5c9a8f06736bfe382b9f0fadaf8c7f0a04e75fee72b1c14c6fe9656?s=96&d=monsterid&r=g","url":"https:\/\/secure.gravatar.com\/avatar\/aaf847ecf5c9a8f06736bfe382b9f0fadaf8c7f0a04e75fee72b1c14c6fe9656?s=96&d=monsterid&r=g","height":96,"width":96}},"publisher":{"@type":"Person","name":"Dirk Bachhausen","image":{"@type":"ImageObject","@id":"https:\/\/www.bachhausen.de\/wp-content\/uploads\/2019\/07\/dirk_profil-300x300.jpg","url":"https:\/\/www.bachhausen.de\/wp-content\/uploads\/2019\/07\/dirk_profil-300x300.jpg","width":600,"height":60}},"image":{"@type":"ImageObject","@id":"https:\/\/www.bachhausen.de\/wp-content\/uploads\/2019\/07\/dirk_profil-300x300.jpg","url":"https:\/\/www.bachhausen.de\/wp-content\/uploads\/2019\/07\/dirk_profil-300x300.jpg","width":100,"height":100},"keywords":null},{"@type":"NewsArticle","@id":"https:\/\/www.bachhausen.de\/drohnen-start-ups-in-deutschland-im-visier-russlands-verfassungsschutz-warnt\/","headline":"Drohnen-Start-Ups in Deutschland im Visier Russlands \u2013 Verfassungsschutz warnt","url":"https:\/\/www.bachhausen.de\/drohnen-start-ups-in-deutschland-im-visier-russlands-verfassungsschutz-warnt\/","datePublished":"2026-04-16","dateModified":"2026-04-16","mainEntityOfPage":"https:\/\/www.bachhausen.de\/drohnen-start-ups-in-deutschland-im-visier-russlands-verfassungsschutz-warnt\/","author":{"@type":"Person","@id":"##Person","name":"Correctiv.org","url":"#","identifier":15,"description":"<div class=\"elementor-element elementor-element-3e1bf03c elementor-widget elementor-widget-heading\" data-id=\"3e1bf03c\">\r\n<div class=\"elementor-widget-container\">\r\n<h1 class=\"elementor-heading-title elementor-size-default\">Recherchen f\u00fcr die Gesellschaft und mit der Gesellschaft<\/h1>\r\n<\/div>\r\n<\/div>\r\n<section class=\"elementor-element elementor-element-5be37e09 elementor-section-content-middle elementor-section-boxed elementor-section-height-default elementor-section-height-default elementor-section elementor-inner-section\" data-id=\"5be37e09\">\r\n<div class=\"elementor-container elementor-column-gap-no\">\r\n<div class=\"elementor-row\">\r\n<div class=\"elementor-element elementor-element-63cc7109 elementor-column elementor-col-50 elementor-inner-column\" data-id=\"63cc7109\">\r\n<div class=\"elementor-column-wrap elementor-element-populated\">\r\n<div class=\"elementor-widget-wrap\">\r\n<div class=\"elementor-element elementor-element-7d9688e9 elementor-widget elementor-widget-text-editor\" data-id=\"7d9688e9\">\r\n<div class=\"elementor-widget-container\">\r\n<div class=\"elementor-text-editor elementor-clearfix\">\r\n\r\n<strong>Investigativ. Unabh\u00e4ngig. Gemeinn\u00fctzig.<\/strong>\r\nCORRECTIV\u00a0ist das erste gemeinn\u00fctzige Recherchezentrum im deutschsprachigen Raum. Wir recherchieren langfristig zu Missst\u00e4nden in der Gesellschaft, f\u00f6rdern Medienkompetenz und f\u00fchren Bildungsprogramme durch.\r\n\r\n<a href=\"https:\/\/correctiv.org\/\">https:\/\/correctiv.org\/<\/a>\r\n\r\n<\/div>\r\n<\/div>\r\n<\/div>\r\n<\/div>\r\n<\/div>\r\n<\/div>\r\n<\/div>\r\n<\/div>\r\n<\/section>","image":{"@type":"ImageObject","@id":"https:\/\/secure.gravatar.com\/avatar\/51a6c0962ec4a7a9fff8508f3b6a21069f40fbb9a1ee7294cca7a040ced87b6c?s=96&d=monsterid&r=g","url":"https:\/\/secure.gravatar.com\/avatar\/51a6c0962ec4a7a9fff8508f3b6a21069f40fbb9a1ee7294cca7a040ced87b6c?s=96&d=monsterid&r=g","height":96,"width":96}},"publisher":{"@type":"Person","name":"Dirk Bachhausen","image":{"@type":"ImageObject","@id":"https:\/\/www.bachhausen.de\/wp-content\/uploads\/2019\/07\/dirk_profil-300x300.jpg","url":"https:\/\/www.bachhausen.de\/wp-content\/uploads\/2019\/07\/dirk_profil-300x300.jpg","width":600,"height":60}},"image":{"@type":"ImageObject","@id":"https:\/\/correctiv.org\/wp-content\/uploads\/2024\/10\/putin-cover.jpg","url":"https:\/\/correctiv.org\/wp-content\/uploads\/2024\/10\/putin-cover.jpg","height":"","width":""},"keywords":null},{"@type":"NewsArticle","@id":"https:\/\/www.bachhausen.de\/zwischen-neuanfang-und-haushaltszwaengen\/","headline":"Zwischen Neuanfang und Haushaltszw\u00e4ngen","url":"https:\/\/www.bachhausen.de\/zwischen-neuanfang-und-haushaltszwaengen\/","datePublished":"2026-04-15","dateModified":"2026-04-15","mainEntityOfPage":"https:\/\/www.bachhausen.de\/zwischen-neuanfang-und-haushaltszwaengen\/","author":{"@type":"Person","@id":"##Person","name":"Makronom","url":"#","identifier":23,"image":{"@type":"ImageObject","@id":"https:\/\/secure.gravatar.com\/avatar\/aaf847ecf5c9a8f06736bfe382b9f0fadaf8c7f0a04e75fee72b1c14c6fe9656?s=96&d=monsterid&r=g","url":"https:\/\/secure.gravatar.com\/avatar\/aaf847ecf5c9a8f06736bfe382b9f0fadaf8c7f0a04e75fee72b1c14c6fe9656?s=96&d=monsterid&r=g","height":96,"width":96}},"publisher":{"@type":"Person","name":"Dirk Bachhausen","image":{"@type":"ImageObject","@id":"https:\/\/www.bachhausen.de\/wp-content\/uploads\/2019\/07\/dirk_profil-300x300.jpg","url":"https:\/\/www.bachhausen.de\/wp-content\/uploads\/2019\/07\/dirk_profil-300x300.jpg","width":600,"height":60}},"image":{"@type":"ImageObject","@id":"https:\/\/www.bachhausen.de\/wp-content\/uploads\/2019\/07\/dirk_profil-300x300.jpg","url":"https:\/\/www.bachhausen.de\/wp-content\/uploads\/2019\/07\/dirk_profil-300x300.jpg","width":100,"height":100},"keywords":null},{"@type":"NewsArticle","@id":"https:\/\/www.bachhausen.de\/spritpreise-entlastungspraemie-wie-viel-kommt-tatsaechlich-bei-den-buergern-an\/","headline":"Spritpreise, Entlastungspr\u00e4mie: Wie viel kommt tats\u00e4chlich bei den B\u00fcrgern an?","url":"https:\/\/www.bachhausen.de\/spritpreise-entlastungspraemie-wie-viel-kommt-tatsaechlich-bei-den-buergern-an\/","datePublished":"2026-04-15","dateModified":"2026-04-15","mainEntityOfPage":"https:\/\/www.bachhausen.de\/spritpreise-entlastungspraemie-wie-viel-kommt-tatsaechlich-bei-den-buergern-an\/","author":{"@type":"Person","@id":"##Person","name":"Correctiv.org","url":"#","identifier":15,"description":"<div class=\"elementor-element elementor-element-3e1bf03c elementor-widget elementor-widget-heading\" data-id=\"3e1bf03c\">\r\n<div class=\"elementor-widget-container\">\r\n<h1 class=\"elementor-heading-title elementor-size-default\">Recherchen f\u00fcr die Gesellschaft und mit der Gesellschaft<\/h1>\r\n<\/div>\r\n<\/div>\r\n<section class=\"elementor-element elementor-element-5be37e09 elementor-section-content-middle elementor-section-boxed elementor-section-height-default elementor-section-height-default elementor-section elementor-inner-section\" data-id=\"5be37e09\">\r\n<div class=\"elementor-container elementor-column-gap-no\">\r\n<div class=\"elementor-row\">\r\n<div class=\"elementor-element elementor-element-63cc7109 elementor-column elementor-col-50 elementor-inner-column\" data-id=\"63cc7109\">\r\n<div class=\"elementor-column-wrap elementor-element-populated\">\r\n<div class=\"elementor-widget-wrap\">\r\n<div class=\"elementor-element elementor-element-7d9688e9 elementor-widget elementor-widget-text-editor\" data-id=\"7d9688e9\">\r\n<div class=\"elementor-widget-container\">\r\n<div class=\"elementor-text-editor elementor-clearfix\">\r\n\r\n<strong>Investigativ. Unabh\u00e4ngig. Gemeinn\u00fctzig.<\/strong>\r\nCORRECTIV\u00a0ist das erste gemeinn\u00fctzige Recherchezentrum im deutschsprachigen Raum. Wir recherchieren langfristig zu Missst\u00e4nden in der Gesellschaft, f\u00f6rdern Medienkompetenz und f\u00fchren Bildungsprogramme durch.\r\n\r\n<a href=\"https:\/\/correctiv.org\/\">https:\/\/correctiv.org\/<\/a>\r\n\r\n<\/div>\r\n<\/div>\r\n<\/div>\r\n<\/div>\r\n<\/div>\r\n<\/div>\r\n<\/div>\r\n<\/div>\r\n<\/section>","image":{"@type":"ImageObject","@id":"https:\/\/secure.gravatar.com\/avatar\/51a6c0962ec4a7a9fff8508f3b6a21069f40fbb9a1ee7294cca7a040ced87b6c?s=96&d=monsterid&r=g","url":"https:\/\/secure.gravatar.com\/avatar\/51a6c0962ec4a7a9fff8508f3b6a21069f40fbb9a1ee7294cca7a040ced87b6c?s=96&d=monsterid&r=g","height":96,"width":96}},"publisher":{"@type":"Person","name":"Dirk Bachhausen","image":{"@type":"ImageObject","@id":"https:\/\/www.bachhausen.de\/wp-content\/uploads\/2019\/07\/dirk_profil-300x300.jpg","url":"https:\/\/www.bachhausen.de\/wp-content\/uploads\/2019\/07\/dirk_profil-300x300.jpg","width":600,"height":60}},"image":{"@type":"ImageObject","@id":"https:\/\/correctiv.org\/wp-content\/uploads\/2026\/04\/582412370-scaled.jpg","url":"https:\/\/correctiv.org\/wp-content\/uploads\/2026\/04\/582412370-scaled.jpg","height":"","width":""},"keywords":null},{"@type":"NewsArticle","@id":"https:\/\/www.bachhausen.de\/martin-sellner-die-afd-und-der-rechtsstreit-um-voelkische-tarnbegriffe\/","headline":"Martin Sellner, die AfD und der Rechtsstreit um v\u00f6lkische Tarnbegriffe","url":"https:\/\/www.bachhausen.de\/martin-sellner-die-afd-und-der-rechtsstreit-um-voelkische-tarnbegriffe\/","datePublished":"2026-04-15","dateModified":"2026-04-15","mainEntityOfPage":"https:\/\/www.bachhausen.de\/martin-sellner-die-afd-und-der-rechtsstreit-um-voelkische-tarnbegriffe\/","author":{"@type":"Person","@id":"##Person","name":"Correctiv.org","url":"#","identifier":15,"description":"<div class=\"elementor-element elementor-element-3e1bf03c elementor-widget elementor-widget-heading\" data-id=\"3e1bf03c\">\r\n<div class=\"elementor-widget-container\">\r\n<h1 class=\"elementor-heading-title elementor-size-default\">Recherchen f\u00fcr die Gesellschaft und mit der Gesellschaft<\/h1>\r\n<\/div>\r\n<\/div>\r\n<section class=\"elementor-element elementor-element-5be37e09 elementor-section-content-middle elementor-section-boxed elementor-section-height-default elementor-section-height-default elementor-section elementor-inner-section\" data-id=\"5be37e09\">\r\n<div class=\"elementor-container elementor-column-gap-no\">\r\n<div class=\"elementor-row\">\r\n<div class=\"elementor-element elementor-element-63cc7109 elementor-column elementor-col-50 elementor-inner-column\" data-id=\"63cc7109\">\r\n<div class=\"elementor-column-wrap elementor-element-populated\">\r\n<div class=\"elementor-widget-wrap\">\r\n<div class=\"elementor-element elementor-element-7d9688e9 elementor-widget elementor-widget-text-editor\" data-id=\"7d9688e9\">\r\n<div class=\"elementor-widget-container\">\r\n<div class=\"elementor-text-editor elementor-clearfix\">\r\n\r\n<strong>Investigativ. Unabh\u00e4ngig. Gemeinn\u00fctzig.<\/strong>\r\nCORRECTIV\u00a0ist das erste gemeinn\u00fctzige Recherchezentrum im deutschsprachigen Raum. Wir recherchieren langfristig zu Missst\u00e4nden in der Gesellschaft, f\u00f6rdern Medienkompetenz und f\u00fchren Bildungsprogramme durch.\r\n\r\n<a href=\"https:\/\/correctiv.org\/\">https:\/\/correctiv.org\/<\/a>\r\n\r\n<\/div>\r\n<\/div>\r\n<\/div>\r\n<\/div>\r\n<\/div>\r\n<\/div>\r\n<\/div>\r\n<\/div>\r\n<\/section>","image":{"@type":"ImageObject","@id":"https:\/\/secure.gravatar.com\/avatar\/51a6c0962ec4a7a9fff8508f3b6a21069f40fbb9a1ee7294cca7a040ced87b6c?s=96&d=monsterid&r=g","url":"https:\/\/secure.gravatar.com\/avatar\/51a6c0962ec4a7a9fff8508f3b6a21069f40fbb9a1ee7294cca7a040ced87b6c?s=96&d=monsterid&r=g","height":96,"width":96}},"publisher":{"@type":"Person","name":"Dirk Bachhausen","image":{"@type":"ImageObject","@id":"https:\/\/www.bachhausen.de\/wp-content\/uploads\/2019\/07\/dirk_profil-300x300.jpg","url":"https:\/\/www.bachhausen.de\/wp-content\/uploads\/2019\/07\/dirk_profil-300x300.jpg","width":600,"height":60}},"image":{"@type":"ImageObject","@id":"https:\/\/correctiv.org\/in-eigener-sache\/2026\/04\/15\/martin-sellner-die-afd-und-der-rechtsstreit-um-voelkische-tarnbegriffe\/","url":"https:\/\/correctiv.org\/in-eigener-sache\/2026\/04\/15\/martin-sellner-die-afd-und-der-rechtsstreit-um-voelkische-tarnbegriffe\/","height":"","width":""},"keywords":null},{"@type":"NewsArticle","@id":"https:\/\/www.bachhausen.de\/was-die-polizeiliche-kriminalstatistik-aussagt-und-was-nicht\/","headline":"Was die Polizeiliche Kriminalstatistik aussagt \u2013 und was nicht","url":"https:\/\/www.bachhausen.de\/was-die-polizeiliche-kriminalstatistik-aussagt-und-was-nicht\/","datePublished":"2026-04-15","dateModified":"2026-04-15","mainEntityOfPage":"https:\/\/www.bachhausen.de\/was-die-polizeiliche-kriminalstatistik-aussagt-und-was-nicht\/","author":{"@type":"Person","@id":"##Person","name":"Correctiv.org","url":"#","identifier":15,"description":"<div class=\"elementor-element elementor-element-3e1bf03c elementor-widget elementor-widget-heading\" data-id=\"3e1bf03c\">\r\n<div class=\"elementor-widget-container\">\r\n<h1 class=\"elementor-heading-title elementor-size-default\">Recherchen f\u00fcr die Gesellschaft und mit der Gesellschaft<\/h1>\r\n<\/div>\r\n<\/div>\r\n<section class=\"elementor-element elementor-element-5be37e09 elementor-section-content-middle elementor-section-boxed elementor-section-height-default elementor-section-height-default elementor-section elementor-inner-section\" data-id=\"5be37e09\">\r\n<div class=\"elementor-container elementor-column-gap-no\">\r\n<div class=\"elementor-row\">\r\n<div class=\"elementor-element elementor-element-63cc7109 elementor-column elementor-col-50 elementor-inner-column\" data-id=\"63cc7109\">\r\n<div class=\"elementor-column-wrap elementor-element-populated\">\r\n<div class=\"elementor-widget-wrap\">\r\n<div class=\"elementor-element elementor-element-7d9688e9 elementor-widget elementor-widget-text-editor\" data-id=\"7d9688e9\">\r\n<div class=\"elementor-widget-container\">\r\n<div class=\"elementor-text-editor elementor-clearfix\">\r\n\r\n<strong>Investigativ. Unabh\u00e4ngig. Gemeinn\u00fctzig.<\/strong>\r\nCORRECTIV\u00a0ist das erste gemeinn\u00fctzige Recherchezentrum im deutschsprachigen Raum. Wir recherchieren langfristig zu Missst\u00e4nden in der Gesellschaft, f\u00f6rdern Medienkompetenz und f\u00fchren Bildungsprogramme durch.\r\n\r\n<a href=\"https:\/\/correctiv.org\/\">https:\/\/correctiv.org\/<\/a>\r\n\r\n<\/div>\r\n<\/div>\r\n<\/div>\r\n<\/div>\r\n<\/div>\r\n<\/div>\r\n<\/div>\r\n<\/div>\r\n<\/section>","image":{"@type":"ImageObject","@id":"https:\/\/secure.gravatar.com\/avatar\/51a6c0962ec4a7a9fff8508f3b6a21069f40fbb9a1ee7294cca7a040ced87b6c?s=96&d=monsterid&r=g","url":"https:\/\/secure.gravatar.com\/avatar\/51a6c0962ec4a7a9fff8508f3b6a21069f40fbb9a1ee7294cca7a040ced87b6c?s=96&d=monsterid&r=g","height":96,"width":96}},"publisher":{"@type":"Person","name":"Dirk Bachhausen","image":{"@type":"ImageObject","@id":"https:\/\/www.bachhausen.de\/wp-content\/uploads\/2019\/07\/dirk_profil-300x300.jpg","url":"https:\/\/www.bachhausen.de\/wp-content\/uploads\/2019\/07\/dirk_profil-300x300.jpg","width":600,"height":60}},"image":{"@type":"ImageObject","@id":"https:\/\/correctiv.org\/wp-content\/uploads\/2026\/04\/Symbolbild-PKS-NRW-Picture-Alliance-20260415-scaled-e1776255530850.jpg","url":"https:\/\/correctiv.org\/wp-content\/uploads\/2026\/04\/Symbolbild-PKS-NRW-Picture-Alliance-20260415-scaled-e1776255530850.jpg","height":"","width":""},"keywords":null},{"@type":"NewsArticle","@id":"https:\/\/www.bachhausen.de\/hochradioaktiver-atommuell-benoetigt-mehr-platz-als-kristina-schroeder-behauptet\/","headline":"Hochradioaktiver Atomm\u00fcll ben\u00f6tigt mehr Platz als Kristina Schr\u00f6der behauptet","url":"https:\/\/www.bachhausen.de\/hochradioaktiver-atommuell-benoetigt-mehr-platz-als-kristina-schroeder-behauptet\/","datePublished":"2026-04-14","dateModified":"2026-04-14","mainEntityOfPage":"https:\/\/www.bachhausen.de\/hochradioaktiver-atommuell-benoetigt-mehr-platz-als-kristina-schroeder-behauptet\/","author":{"@type":"Person","@id":"##Person","name":"Correctiv.org","url":"#","identifier":15,"description":"<div class=\"elementor-element elementor-element-3e1bf03c elementor-widget elementor-widget-heading\" data-id=\"3e1bf03c\">\r\n<div class=\"elementor-widget-container\">\r\n<h1 class=\"elementor-heading-title elementor-size-default\">Recherchen f\u00fcr die Gesellschaft und mit der Gesellschaft<\/h1>\r\n<\/div>\r\n<\/div>\r\n<section class=\"elementor-element elementor-element-5be37e09 elementor-section-content-middle elementor-section-boxed elementor-section-height-default elementor-section-height-default elementor-section elementor-inner-section\" data-id=\"5be37e09\">\r\n<div class=\"elementor-container elementor-column-gap-no\">\r\n<div class=\"elementor-row\">\r\n<div class=\"elementor-element elementor-element-63cc7109 elementor-column elementor-col-50 elementor-inner-column\" data-id=\"63cc7109\">\r\n<div class=\"elementor-column-wrap elementor-element-populated\">\r\n<div class=\"elementor-widget-wrap\">\r\n<div class=\"elementor-element elementor-element-7d9688e9 elementor-widget elementor-widget-text-editor\" data-id=\"7d9688e9\">\r\n<div class=\"elementor-widget-container\">\r\n<div class=\"elementor-text-editor elementor-clearfix\">\r\n\r\n<strong>Investigativ. Unabh\u00e4ngig. Gemeinn\u00fctzig.<\/strong>\r\nCORRECTIV\u00a0ist das erste gemeinn\u00fctzige Recherchezentrum im deutschsprachigen Raum. Wir recherchieren langfristig zu Missst\u00e4nden in der Gesellschaft, f\u00f6rdern Medienkompetenz und f\u00fchren Bildungsprogramme durch.\r\n\r\n<a href=\"https:\/\/correctiv.org\/\">https:\/\/correctiv.org\/<\/a>\r\n\r\n<\/div>\r\n<\/div>\r\n<\/div>\r\n<\/div>\r\n<\/div>\r\n<\/div>\r\n<\/div>\r\n<\/div>\r\n<\/section>","image":{"@type":"ImageObject","@id":"https:\/\/secure.gravatar.com\/avatar\/51a6c0962ec4a7a9fff8508f3b6a21069f40fbb9a1ee7294cca7a040ced87b6c?s=96&d=monsterid&r=g","url":"https:\/\/secure.gravatar.com\/avatar\/51a6c0962ec4a7a9fff8508f3b6a21069f40fbb9a1ee7294cca7a040ced87b6c?s=96&d=monsterid&r=g","height":96,"width":96}},"publisher":{"@type":"Person","name":"Dirk Bachhausen","image":{"@type":"ImageObject","@id":"https:\/\/www.bachhausen.de\/wp-content\/uploads\/2019\/07\/dirk_profil-300x300.jpg","url":"https:\/\/www.bachhausen.de\/wp-content\/uploads\/2019\/07\/dirk_profil-300x300.jpg","width":600,"height":60}},"image":{"@type":"ImageObject","@id":"https:\/\/www.bachhausen.de\/wp-content\/uploads\/2019\/07\/dirk_profil-300x300.jpg","url":"https:\/\/www.bachhausen.de\/wp-content\/uploads\/2019\/07\/dirk_profil-300x300.jpg","width":100,"height":100},"keywords":null}]}