{"@context":"https:\/\/schema.org\/","@type":"CollectionPage","@id":"https:\/\/www.bachhausen.de\/Thema\/politik\/stadtbezirk-chorweiler\/#CollectionPage","headline":"Stadtbezirk Chorweiler Category","description":"","url":"https:\/\/www.bachhausen.de\/Thema\/politik\/stadtbezirk-chorweiler\/","hasPart":[{"@type":"NewsArticle","@id":"https:\/\/www.bachhausen.de\/buergerverein-veraergert-ueber-entscheidung-verwaltung-lehnt-weitere-luftmessstation-in-koeln-merkenich-ab\/","headline":"B\u00fcrgerverein ver\u00e4rgert \u00fcber Entscheidung: Verwaltung lehnt weitere Luftmessstation in K\u00f6ln-Merkenich ab","url":"https:\/\/www.bachhausen.de\/buergerverein-veraergert-ueber-entscheidung-verwaltung-lehnt-weitere-luftmessstation-in-koeln-merkenich-ab\/","datePublished":"2024-06-10","dateModified":"2024-06-10","mainEntityOfPage":"https:\/\/www.bachhausen.de\/buergerverein-veraergert-ueber-entscheidung-verwaltung-lehnt-weitere-luftmessstation-in-koeln-merkenich-ab\/","author":{"@type":"Person","@id":"##Person","name":"K\u00f6lner Stadtanzeiger","url":"#","identifier":3,"description":"Der K\u00f6lner Stadtanzeiger","image":{"@type":"ImageObject","@id":"https:\/\/secure.gravatar.com\/avatar\/a3f43e8250594c4ed8be9e86201eefa6cc06ef89c032788db696432ac7e77173?s=96&d=monsterid&r=g","url":"https:\/\/secure.gravatar.com\/avatar\/a3f43e8250594c4ed8be9e86201eefa6cc06ef89c032788db696432ac7e77173?s=96&d=monsterid&r=g","height":96,"width":96}},"publisher":{"@type":"Person","name":"Dirk Bachhausen","image":{"@type":"ImageObject","@id":"https:\/\/www.bachhausen.de\/wp-content\/uploads\/2019\/07\/dirk_profil-300x300.jpg","url":"https:\/\/www.bachhausen.de\/wp-content\/uploads\/2019\/07\/dirk_profil-300x300.jpg","width":600,"height":60}},"image":{"@type":"ImageObject","@id":"https:\/\/www.bachhausen.de\/wp-content\/uploads\/2023\/09\/Zeitungsleser.webp","url":"https:\/\/www.bachhausen.de\/wp-content\/uploads\/2023\/09\/Zeitungsleser.webp","height":534,"width":800},"keywords":["burgerverein","entscheidung","lehnt","luftmessstation","verargert","verwaltung","weitere"]},{"@type":"NewsArticle","@id":"https:\/\/www.bachhausen.de\/ergebnis-koeln-so-hat-der-bezirk-chorweiler-bei-der-europawahl-gewaehlt-cdu-gewinnen\/","headline":"Ergebnis K\u00f6ln: So hat der Bezirk Chorweiler bei der Europawahl gew\u00e4hlt \u2013 CDU gewinnen","url":"https:\/\/www.bachhausen.de\/ergebnis-koeln-so-hat-der-bezirk-chorweiler-bei-der-europawahl-gewaehlt-cdu-gewinnen\/","datePublished":"2024-06-10","dateModified":"2024-06-10","mainEntityOfPage":"https:\/\/www.bachhausen.de\/ergebnis-koeln-so-hat-der-bezirk-chorweiler-bei-der-europawahl-gewaehlt-cdu-gewinnen\/","author":{"@type":"Person","@id":"##Person","name":"K\u00f6lner Stadtanzeiger","url":"#","identifier":3,"description":"Der K\u00f6lner Stadtanzeiger","image":{"@type":"ImageObject","@id":"https:\/\/secure.gravatar.com\/avatar\/a3f43e8250594c4ed8be9e86201eefa6cc06ef89c032788db696432ac7e77173?s=96&d=monsterid&r=g","url":"https:\/\/secure.gravatar.com\/avatar\/a3f43e8250594c4ed8be9e86201eefa6cc06ef89c032788db696432ac7e77173?s=96&d=monsterid&r=g","height":96,"width":96}},"publisher":{"@type":"Person","name":"Dirk Bachhausen","image":{"@type":"ImageObject","@id":"https:\/\/www.bachhausen.de\/wp-content\/uploads\/2019\/07\/dirk_profil-300x300.jpg","url":"https:\/\/www.bachhausen.de\/wp-content\/uploads\/2019\/07\/dirk_profil-300x300.jpg","width":600,"height":60}},"image":{"@type":"ImageObject","@id":"https:\/\/www.bachhausen.de\/wp-content\/uploads\/2023\/09\/Zeitungsleser.webp","url":"https:\/\/www.bachhausen.de\/wp-content\/uploads\/2023\/09\/Zeitungsleser.webp","height":534,"width":800},"keywords":["bezirk","chorweiler","ergebnis","europawahl","gewahlt","gewinnen"]},{"@type":"NewsArticle","@id":"https:\/\/www.bachhausen.de\/aktuelle-zahlen-so-waehlt-koeln-worringen-bei-der-europawahl-2024\/","headline":"Aktuelle Zahlen: So w\u00e4hlt K\u00f6ln Worringen bei der Europawahl 2024","url":"https:\/\/www.bachhausen.de\/aktuelle-zahlen-so-waehlt-koeln-worringen-bei-der-europawahl-2024\/","datePublished":"2024-06-09","dateModified":"2024-06-09","mainEntityOfPage":"https:\/\/www.bachhausen.de\/aktuelle-zahlen-so-waehlt-koeln-worringen-bei-der-europawahl-2024\/","author":{"@type":"Person","@id":"##Person","name":"K\u00f6lner Stadtanzeiger","url":"#","identifier":3,"description":"Der K\u00f6lner Stadtanzeiger","image":{"@type":"ImageObject","@id":"https:\/\/secure.gravatar.com\/avatar\/a3f43e8250594c4ed8be9e86201eefa6cc06ef89c032788db696432ac7e77173?s=96&d=monsterid&r=g","url":"https:\/\/secure.gravatar.com\/avatar\/a3f43e8250594c4ed8be9e86201eefa6cc06ef89c032788db696432ac7e77173?s=96&d=monsterid&r=g","height":96,"width":96}},"publisher":{"@type":"Person","name":"Dirk Bachhausen","image":{"@type":"ImageObject","@id":"https:\/\/www.bachhausen.de\/wp-content\/uploads\/2019\/07\/dirk_profil-300x300.jpg","url":"https:\/\/www.bachhausen.de\/wp-content\/uploads\/2019\/07\/dirk_profil-300x300.jpg","width":600,"height":60}},"image":{"@type":"ImageObject","@id":"https:\/\/www.bachhausen.de\/wp-content\/uploads\/2023\/09\/Zeitungsleser.webp","url":"https:\/\/www.bachhausen.de\/wp-content\/uploads\/2023\/09\/Zeitungsleser.webp","height":534,"width":800},"keywords":["aktuelle","europawahl","wahlt","worringen","zahlen"]},{"@type":"NewsArticle","@id":"https:\/\/www.bachhausen.de\/aktuelle-zahlen-so-waehlt-koeln-roggendorf-bei-der-europawahl-2024\/","headline":"Aktuelle Zahlen: So w\u00e4hlt K\u00f6ln Roggendorf bei der Europawahl 2024","url":"https:\/\/www.bachhausen.de\/aktuelle-zahlen-so-waehlt-koeln-roggendorf-bei-der-europawahl-2024\/","datePublished":"2024-06-09","dateModified":"2024-06-09","mainEntityOfPage":"https:\/\/www.bachhausen.de\/aktuelle-zahlen-so-waehlt-koeln-roggendorf-bei-der-europawahl-2024\/","author":{"@type":"Person","@id":"##Person","name":"K\u00f6lner Stadtanzeiger","url":"#","identifier":3,"description":"Der K\u00f6lner Stadtanzeiger","image":{"@type":"ImageObject","@id":"https:\/\/secure.gravatar.com\/avatar\/a3f43e8250594c4ed8be9e86201eefa6cc06ef89c032788db696432ac7e77173?s=96&d=monsterid&r=g","url":"https:\/\/secure.gravatar.com\/avatar\/a3f43e8250594c4ed8be9e86201eefa6cc06ef89c032788db696432ac7e77173?s=96&d=monsterid&r=g","height":96,"width":96}},"publisher":{"@type":"Person","name":"Dirk Bachhausen","image":{"@type":"ImageObject","@id":"https:\/\/www.bachhausen.de\/wp-content\/uploads\/2019\/07\/dirk_profil-300x300.jpg","url":"https:\/\/www.bachhausen.de\/wp-content\/uploads\/2019\/07\/dirk_profil-300x300.jpg","width":600,"height":60}},"image":{"@type":"ImageObject","@id":"https:\/\/www.bachhausen.de\/wp-content\/uploads\/2023\/09\/Zeitungsleser.webp","url":"https:\/\/www.bachhausen.de\/wp-content\/uploads\/2023\/09\/Zeitungsleser.webp","height":534,"width":800},"keywords":["aktuelle","europawahl","roggendorf","wahlt","zahlen"]},{"@type":"NewsArticle","@id":"https:\/\/www.bachhausen.de\/das-herz-der-stadt-stand-still-gedenkgottesdienst-fuer-die-opfer-des-attentats-von-volkhoven\/","headline":"\u201eDas Herz der Stadt stand still\u201c: Gedenkgottesdienst f\u00fcr die Opfer des Attentats von Volkhoven","url":"https:\/\/www.bachhausen.de\/das-herz-der-stadt-stand-still-gedenkgottesdienst-fuer-die-opfer-des-attentats-von-volkhoven\/","datePublished":"2024-06-07","dateModified":"2024-06-07","mainEntityOfPage":"https:\/\/www.bachhausen.de\/das-herz-der-stadt-stand-still-gedenkgottesdienst-fuer-die-opfer-des-attentats-von-volkhoven\/","author":{"@type":"Person","@id":"##Person","name":"K\u00f6lner Stadtanzeiger","url":"#","identifier":3,"description":"Der K\u00f6lner Stadtanzeiger","image":{"@type":"ImageObject","@id":"https:\/\/secure.gravatar.com\/avatar\/a3f43e8250594c4ed8be9e86201eefa6cc06ef89c032788db696432ac7e77173?s=96&d=monsterid&r=g","url":"https:\/\/secure.gravatar.com\/avatar\/a3f43e8250594c4ed8be9e86201eefa6cc06ef89c032788db696432ac7e77173?s=96&d=monsterid&r=g","height":96,"width":96}},"publisher":{"@type":"Person","name":"Dirk Bachhausen","image":{"@type":"ImageObject","@id":"https:\/\/www.bachhausen.de\/wp-content\/uploads\/2019\/07\/dirk_profil-300x300.jpg","url":"https:\/\/www.bachhausen.de\/wp-content\/uploads\/2019\/07\/dirk_profil-300x300.jpg","width":600,"height":60}},"image":{"@type":"ImageObject","@id":"https:\/\/image.ds.dumont.de\/2024\/06\/07\/f4cb9e37-6441-4773-90a8-99249c28279a.jpeg?auto=format&q=75&rect=0,123,2362,1329&w=2000&h=3150&s=401e95f435fd5df2502540be6fef6782","url":"https:\/\/image.ds.dumont.de\/2024\/06\/07\/f4cb9e37-6441-4773-90a8-99249c28279a.jpeg?auto=format&q=75&rect=0,123,2362,1329&w=2000&h=3150&s=401e95f435fd5df2502540be6fef6782","height":"","width":""},"keywords":["attentats","gedenkgottesdienst","opfer","stadt","stand","still","volkhoven"]},{"@type":"NewsArticle","@id":"https:\/\/www.bachhausen.de\/dauerparker-damiansweg-chorweiler-friedhofsparkplatz-soll-besuchern-vorbehalten-bleiben\/","headline":"Dauerparker Damiansweg: Chorweiler Friedhofsparkplatz soll Besuchern vorbehalten bleiben","url":"https:\/\/www.bachhausen.de\/dauerparker-damiansweg-chorweiler-friedhofsparkplatz-soll-besuchern-vorbehalten-bleiben\/","datePublished":"2024-06-06","dateModified":"2024-06-06","mainEntityOfPage":"https:\/\/www.bachhausen.de\/dauerparker-damiansweg-chorweiler-friedhofsparkplatz-soll-besuchern-vorbehalten-bleiben\/","author":{"@type":"Person","@id":"##Person","name":"K\u00f6lner Stadtanzeiger","url":"#","identifier":3,"description":"Der K\u00f6lner Stadtanzeiger","image":{"@type":"ImageObject","@id":"https:\/\/secure.gravatar.com\/avatar\/a3f43e8250594c4ed8be9e86201eefa6cc06ef89c032788db696432ac7e77173?s=96&d=monsterid&r=g","url":"https:\/\/secure.gravatar.com\/avatar\/a3f43e8250594c4ed8be9e86201eefa6cc06ef89c032788db696432ac7e77173?s=96&d=monsterid&r=g","height":96,"width":96}},"publisher":{"@type":"Person","name":"Dirk Bachhausen","image":{"@type":"ImageObject","@id":"https:\/\/www.bachhausen.de\/wp-content\/uploads\/2019\/07\/dirk_profil-300x300.jpg","url":"https:\/\/www.bachhausen.de\/wp-content\/uploads\/2019\/07\/dirk_profil-300x300.jpg","width":600,"height":60}},"image":{"@type":"ImageObject","@id":"https:\/\/www.bachhausen.de\/wp-content\/uploads\/2023\/09\/Zeitungsleser.webp","url":"https:\/\/www.bachhausen.de\/wp-content\/uploads\/2023\/09\/Zeitungsleser.webp","height":534,"width":800},"keywords":["besuchern","bleiben","chorweiler","damiansweg","dauerparker","friedhofsparkplatz","vorbehalten"]},{"@type":"NewsArticle","@id":"https:\/\/www.bachhausen.de\/nur-noch-abartig-erneuter-vorfall-an-koelner-see-weiteres-tier-wird-schwer-verletzt\/","headline":"\u201eNur noch abartig\u201c: Erneuter Vorfall an K\u00f6lner See \u2013 weiteres Tier wird schwer verletzt","url":"https:\/\/www.bachhausen.de\/nur-noch-abartig-erneuter-vorfall-an-koelner-see-weiteres-tier-wird-schwer-verletzt\/","datePublished":"2024-06-03","dateModified":"2024-06-03","mainEntityOfPage":"https:\/\/www.bachhausen.de\/nur-noch-abartig-erneuter-vorfall-an-koelner-see-weiteres-tier-wird-schwer-verletzt\/","author":{"@type":"Person","@id":"##Person","name":"K\u00f6lner Stadtanzeiger","url":"#","identifier":3,"description":"Der K\u00f6lner Stadtanzeiger","image":{"@type":"ImageObject","@id":"https:\/\/secure.gravatar.com\/avatar\/a3f43e8250594c4ed8be9e86201eefa6cc06ef89c032788db696432ac7e77173?s=96&d=monsterid&r=g","url":"https:\/\/secure.gravatar.com\/avatar\/a3f43e8250594c4ed8be9e86201eefa6cc06ef89c032788db696432ac7e77173?s=96&d=monsterid&r=g","height":96,"width":96}},"publisher":{"@type":"Person","name":"Dirk Bachhausen","image":{"@type":"ImageObject","@id":"https:\/\/www.bachhausen.de\/wp-content\/uploads\/2019\/07\/dirk_profil-300x300.jpg","url":"https:\/\/www.bachhausen.de\/wp-content\/uploads\/2019\/07\/dirk_profil-300x300.jpg","width":600,"height":60}},"image":{"@type":"ImageObject","@id":"https:\/\/www.bachhausen.de\/wp-content\/uploads\/2023\/09\/Zeitungsleser.webp","url":"https:\/\/www.bachhausen.de\/wp-content\/uploads\/2023\/09\/Zeitungsleser.webp","height":534,"width":800},"keywords":["abartig","erneuter","kolner","schwer","verletzt","vorfall","weiteres"]},{"@type":"NewsArticle","@id":"https:\/\/www.bachhausen.de\/arbeit-von-klaus-roth-fortfuehren-neuer-linken-vertreter-in-chorweiler-bv-setzt-auf-kontinuitaet\/","headline":"\u201eArbeit von Klaus Roth fortf\u00fchren\u201c: Neuer Linken-Vertreter in Chorweiler BV setzt auf Kontinuit\u00e4t","url":"https:\/\/www.bachhausen.de\/arbeit-von-klaus-roth-fortfuehren-neuer-linken-vertreter-in-chorweiler-bv-setzt-auf-kontinuitaet\/","datePublished":"2024-06-01","dateModified":"2024-06-01","mainEntityOfPage":"https:\/\/www.bachhausen.de\/arbeit-von-klaus-roth-fortfuehren-neuer-linken-vertreter-in-chorweiler-bv-setzt-auf-kontinuitaet\/","author":{"@type":"Person","@id":"##Person","name":"K\u00f6lner Stadtanzeiger","url":"#","identifier":3,"description":"Der K\u00f6lner Stadtanzeiger","image":{"@type":"ImageObject","@id":"https:\/\/secure.gravatar.com\/avatar\/a3f43e8250594c4ed8be9e86201eefa6cc06ef89c032788db696432ac7e77173?s=96&d=monsterid&r=g","url":"https:\/\/secure.gravatar.com\/avatar\/a3f43e8250594c4ed8be9e86201eefa6cc06ef89c032788db696432ac7e77173?s=96&d=monsterid&r=g","height":96,"width":96}},"publisher":{"@type":"Person","name":"Dirk Bachhausen","image":{"@type":"ImageObject","@id":"https:\/\/www.bachhausen.de\/wp-content\/uploads\/2019\/07\/dirk_profil-300x300.jpg","url":"https:\/\/www.bachhausen.de\/wp-content\/uploads\/2019\/07\/dirk_profil-300x300.jpg","width":600,"height":60}},"image":{"@type":"ImageObject","@id":"https:\/\/www.bachhausen.de\/wp-content\/uploads\/2023\/09\/Zeitungsleser.webp","url":"https:\/\/www.bachhausen.de\/wp-content\/uploads\/2023\/09\/Zeitungsleser.webp","height":534,"width":800},"keywords":["arbeit","chorweiler","fortfuhren","klaus","linken","neuer","vertreter"]},{"@type":"NewsArticle","@id":"https:\/\/www.bachhausen.de\/leichte-verletzungen-elfjaehriger-in-koeln-pesch-angefahren-polizei-sucht-zeugen\/","headline":"Leichte Verletzungen: Elfj\u00e4hriger in K\u00f6ln-Pesch angefahren \u2013 Polizei sucht Zeugen","url":"https:\/\/www.bachhausen.de\/leichte-verletzungen-elfjaehriger-in-koeln-pesch-angefahren-polizei-sucht-zeugen\/","datePublished":"2024-05-29","dateModified":"2024-05-29","mainEntityOfPage":"https:\/\/www.bachhausen.de\/leichte-verletzungen-elfjaehriger-in-koeln-pesch-angefahren-polizei-sucht-zeugen\/","author":{"@type":"Person","@id":"##Person","name":"K\u00f6lner Stadtanzeiger","url":"#","identifier":3,"description":"Der K\u00f6lner Stadtanzeiger","image":{"@type":"ImageObject","@id":"https:\/\/secure.gravatar.com\/avatar\/a3f43e8250594c4ed8be9e86201eefa6cc06ef89c032788db696432ac7e77173?s=96&d=monsterid&r=g","url":"https:\/\/secure.gravatar.com\/avatar\/a3f43e8250594c4ed8be9e86201eefa6cc06ef89c032788db696432ac7e77173?s=96&d=monsterid&r=g","height":96,"width":96}},"publisher":{"@type":"Person","name":"Dirk Bachhausen","image":{"@type":"ImageObject","@id":"https:\/\/www.bachhausen.de\/wp-content\/uploads\/2019\/07\/dirk_profil-300x300.jpg","url":"https:\/\/www.bachhausen.de\/wp-content\/uploads\/2019\/07\/dirk_profil-300x300.jpg","width":600,"height":60}},"image":{"@type":"ImageObject","@id":"https:\/\/www.bachhausen.de\/wp-content\/uploads\/2023\/09\/Zeitungsleser.webp","url":"https:\/\/www.bachhausen.de\/wp-content\/uploads\/2023\/09\/Zeitungsleser.webp","height":534,"width":800},"keywords":["angefahren","elfjahriger","leichte","pesch","polizei","sucht","verletzungen"]},{"@type":"NewsArticle","@id":"https:\/\/www.bachhausen.de\/koeln-chorweiler-maenner-ueberfallen-tankstelle-und-fluechten-ohne-beute-polizei-sucht-jetzt-nach-frau\/","headline":"K\u00f6ln-Chorweiler: M\u00e4nner \u00fcberfallen Tankstelle und fl\u00fcchten ohne Beute \u2013 Polizei sucht jetzt nach Frau","url":"https:\/\/www.bachhausen.de\/koeln-chorweiler-maenner-ueberfallen-tankstelle-und-fluechten-ohne-beute-polizei-sucht-jetzt-nach-frau\/","datePublished":"2024-05-29","dateModified":"2024-05-29","mainEntityOfPage":"https:\/\/www.bachhausen.de\/koeln-chorweiler-maenner-ueberfallen-tankstelle-und-fluechten-ohne-beute-polizei-sucht-jetzt-nach-frau\/","author":{"@type":"Person","@id":"##Person","name":"K\u00f6lner Stadtanzeiger","url":"#","identifier":3,"description":"Der K\u00f6lner Stadtanzeiger","image":{"@type":"ImageObject","@id":"https:\/\/secure.gravatar.com\/avatar\/a3f43e8250594c4ed8be9e86201eefa6cc06ef89c032788db696432ac7e77173?s=96&d=monsterid&r=g","url":"https:\/\/secure.gravatar.com\/avatar\/a3f43e8250594c4ed8be9e86201eefa6cc06ef89c032788db696432ac7e77173?s=96&d=monsterid&r=g","height":96,"width":96}},"publisher":{"@type":"Person","name":"Dirk Bachhausen","image":{"@type":"ImageObject","@id":"https:\/\/www.bachhausen.de\/wp-content\/uploads\/2019\/07\/dirk_profil-300x300.jpg","url":"https:\/\/www.bachhausen.de\/wp-content\/uploads\/2019\/07\/dirk_profil-300x300.jpg","width":600,"height":60}},"image":{"@type":"ImageObject","@id":"https:\/\/www.bachhausen.de\/wp-content\/uploads\/2023\/09\/Zeitungsleser.webp","url":"https:\/\/www.bachhausen.de\/wp-content\/uploads\/2023\/09\/Zeitungsleser.webp","height":534,"width":800},"keywords":["beute","chorweiler","fluchten","manner","polizei","tankstelle","uberfallen"]}]}