{"@context":"https:\/\/schema.org\/","@type":"CollectionPage","@id":"https:\/\/www.bachhausen.de\/Thema\/politik\/stadtbezirk-chorweiler\/#CollectionPage","headline":"Stadtbezirk Chorweiler Category","description":"","url":"https:\/\/www.bachhausen.de\/Thema\/politik\/stadtbezirk-chorweiler\/","hasPart":[{"@type":"NewsArticle","@id":"https:\/\/www.bachhausen.de\/polizeieinsatz-mann-zeigt-bei-spd-wahlkampf-in-chorweiler-den-hitlergruss\/","headline":"Polizeieinsatz: Mann zeigt bei SPD-Wahlkampf in Chorweiler den Hitlergru\u00df","url":"https:\/\/www.bachhausen.de\/polizeieinsatz-mann-zeigt-bei-spd-wahlkampf-in-chorweiler-den-hitlergruss\/","datePublished":"2024-05-27","dateModified":"2024-05-27","mainEntityOfPage":"https:\/\/www.bachhausen.de\/polizeieinsatz-mann-zeigt-bei-spd-wahlkampf-in-chorweiler-den-hitlergruss\/","author":{"@type":"Person","@id":"##Person","name":"K\u00f6lner Stadtanzeiger","url":"#","identifier":3,"description":"Der K\u00f6lner Stadtanzeiger","image":{"@type":"ImageObject","@id":"https:\/\/secure.gravatar.com\/avatar\/a3f43e8250594c4ed8be9e86201eefa6cc06ef89c032788db696432ac7e77173?s=96&d=monsterid&r=g","url":"https:\/\/secure.gravatar.com\/avatar\/a3f43e8250594c4ed8be9e86201eefa6cc06ef89c032788db696432ac7e77173?s=96&d=monsterid&r=g","height":96,"width":96}},"publisher":{"@type":"Person","name":"Dirk Bachhausen","image":{"@type":"ImageObject","@id":"https:\/\/www.bachhausen.de\/wp-content\/uploads\/2019\/07\/dirk_profil-300x300.jpg","url":"https:\/\/www.bachhausen.de\/wp-content\/uploads\/2019\/07\/dirk_profil-300x300.jpg","width":600,"height":60}},"image":{"@type":"ImageObject","@id":"https:\/\/www.bachhausen.de\/wp-content\/uploads\/2023\/09\/Zeitungsleser.webp","url":"https:\/\/www.bachhausen.de\/wp-content\/uploads\/2023\/09\/Zeitungsleser.webp","height":534,"width":800},"keywords":["chorweiler","hitlergru","polizeieinsatz","wahlkampf","zeigt"]},{"@type":"NewsArticle","@id":"https:\/\/www.bachhausen.de\/politische-bildung-graffiti-kuenstler-diskutiert-mit-koelner-schuelern-ueber-eu-wahl-und-deren-bedeutung\/","headline":"Politische Bildung: Graffiti-K\u00fcnstler diskutiert mit K\u00f6lner Sch\u00fclern \u00fcber EU-Wahl und deren Bedeutung","url":"https:\/\/www.bachhausen.de\/politische-bildung-graffiti-kuenstler-diskutiert-mit-koelner-schuelern-ueber-eu-wahl-und-deren-bedeutung\/","datePublished":"2024-05-26","dateModified":"2024-05-26","mainEntityOfPage":"https:\/\/www.bachhausen.de\/politische-bildung-graffiti-kuenstler-diskutiert-mit-koelner-schuelern-ueber-eu-wahl-und-deren-bedeutung\/","author":{"@type":"Person","@id":"##Person","name":"K\u00f6lner Stadtanzeiger","url":"#","identifier":3,"description":"Der K\u00f6lner Stadtanzeiger","image":{"@type":"ImageObject","@id":"https:\/\/secure.gravatar.com\/avatar\/a3f43e8250594c4ed8be9e86201eefa6cc06ef89c032788db696432ac7e77173?s=96&d=monsterid&r=g","url":"https:\/\/secure.gravatar.com\/avatar\/a3f43e8250594c4ed8be9e86201eefa6cc06ef89c032788db696432ac7e77173?s=96&d=monsterid&r=g","height":96,"width":96}},"publisher":{"@type":"Person","name":"Dirk Bachhausen","image":{"@type":"ImageObject","@id":"https:\/\/www.bachhausen.de\/wp-content\/uploads\/2019\/07\/dirk_profil-300x300.jpg","url":"https:\/\/www.bachhausen.de\/wp-content\/uploads\/2019\/07\/dirk_profil-300x300.jpg","width":600,"height":60}},"image":{"@type":"ImageObject","@id":"https:\/\/www.bachhausen.de\/wp-content\/uploads\/2023\/09\/Zeitungsleser.webp","url":"https:\/\/www.bachhausen.de\/wp-content\/uploads\/2023\/09\/Zeitungsleser.webp","height":534,"width":800},"keywords":["bildung","diskutiert","graffiti","kolner","kunstler","politische","schulern"]},{"@type":"NewsArticle","@id":"https:\/\/www.bachhausen.de\/bilanz-der-amateurfussball-saison-koelns-bester-torschuetze-kommt-aus-chorweiler-alle-auf-und-absteiger-im-ueberblick\/","headline":"Bilanz der Amateurfu\u00dfball-Saison: K\u00f6lns bester Torsch\u00fctze kommt aus Chorweiler \u2013 Alle Auf- und Absteiger im \u00dcberblick","url":"https:\/\/www.bachhausen.de\/bilanz-der-amateurfussball-saison-koelns-bester-torschuetze-kommt-aus-chorweiler-alle-auf-und-absteiger-im-ueberblick\/","datePublished":"2024-05-24","dateModified":"2024-05-24","mainEntityOfPage":"https:\/\/www.bachhausen.de\/bilanz-der-amateurfussball-saison-koelns-bester-torschuetze-kommt-aus-chorweiler-alle-auf-und-absteiger-im-ueberblick\/","author":{"@type":"Person","@id":"##Person","name":"K\u00f6lner Stadtanzeiger","url":"#","identifier":3,"description":"Der K\u00f6lner Stadtanzeiger","image":{"@type":"ImageObject","@id":"https:\/\/secure.gravatar.com\/avatar\/a3f43e8250594c4ed8be9e86201eefa6cc06ef89c032788db696432ac7e77173?s=96&d=monsterid&r=g","url":"https:\/\/secure.gravatar.com\/avatar\/a3f43e8250594c4ed8be9e86201eefa6cc06ef89c032788db696432ac7e77173?s=96&d=monsterid&r=g","height":96,"width":96}},"publisher":{"@type":"Person","name":"Dirk Bachhausen","image":{"@type":"ImageObject","@id":"https:\/\/www.bachhausen.de\/wp-content\/uploads\/2019\/07\/dirk_profil-300x300.jpg","url":"https:\/\/www.bachhausen.de\/wp-content\/uploads\/2019\/07\/dirk_profil-300x300.jpg","width":600,"height":60}},"image":{"@type":"ImageObject","@id":"https:\/\/images.live.dumontnext.de\/2024\/05\/13\/fa513430-f6e1-4aa9-a743-1545ea3a2c61.jpeg?auto=format,compress&ar=1:1&w=300&h=226&fit=crop&s=103e6a892b68e7bc8ff600a51df54003","url":"https:\/\/images.live.dumontnext.de\/2024\/05\/13\/fa513430-f6e1-4aa9-a743-1545ea3a2c61.jpeg?auto=format,compress&ar=1:1&w=300&h=226&fit=crop&s=103e6a892b68e7bc8ff600a51df54003","height":"","width":""},"keywords":["amateurfu","bester","bilanz","kolns","kommt","saison","torschutze"]},{"@type":"NewsArticle","@id":"https:\/\/www.bachhausen.de\/schulplatzmangel-zwei-grundschulen-im-koelner-norden-werden-vergroessert\/","headline":"Schulplatzmangel: Zwei Grundschulen im K\u00f6lner Norden werden vergr\u00f6\u00dfert","url":"https:\/\/www.bachhausen.de\/schulplatzmangel-zwei-grundschulen-im-koelner-norden-werden-vergroessert\/","datePublished":"2024-05-22","dateModified":"2024-05-22","mainEntityOfPage":"https:\/\/www.bachhausen.de\/schulplatzmangel-zwei-grundschulen-im-koelner-norden-werden-vergroessert\/","author":{"@type":"Person","@id":"##Person","name":"K\u00f6lner Stadtanzeiger","url":"#","identifier":3,"description":"Der K\u00f6lner Stadtanzeiger","image":{"@type":"ImageObject","@id":"https:\/\/secure.gravatar.com\/avatar\/a3f43e8250594c4ed8be9e86201eefa6cc06ef89c032788db696432ac7e77173?s=96&d=monsterid&r=g","url":"https:\/\/secure.gravatar.com\/avatar\/a3f43e8250594c4ed8be9e86201eefa6cc06ef89c032788db696432ac7e77173?s=96&d=monsterid&r=g","height":96,"width":96}},"publisher":{"@type":"Person","name":"Dirk Bachhausen","image":{"@type":"ImageObject","@id":"https:\/\/www.bachhausen.de\/wp-content\/uploads\/2019\/07\/dirk_profil-300x300.jpg","url":"https:\/\/www.bachhausen.de\/wp-content\/uploads\/2019\/07\/dirk_profil-300x300.jpg","width":600,"height":60}},"image":{"@type":"ImageObject","@id":"https:\/\/www.bachhausen.de\/wp-content\/uploads\/2023\/09\/Zeitungsleser.webp","url":"https:\/\/www.bachhausen.de\/wp-content\/uploads\/2023\/09\/Zeitungsleser.webp","height":534,"width":800},"keywords":["grundschulen","kolner","norden","schulplatzmangel","vergro","werden"]},{"@type":"NewsArticle","@id":"https:\/\/www.bachhausen.de\/schimmel-asbest-kaputte-heizung-verwaltung-kuendigt-massnahmen-an-so-geht-es-mit-den-mietshaeusern-in-chorweiler-weiter\/","headline":"Schimmel, Asbest, kaputte Heizung: Verwaltung k\u00fcndigt Ma\u00dfnahmen an \u2013 So geht es mit den Mietsh\u00e4usern in Chorweiler weiter","url":"https:\/\/www.bachhausen.de\/schimmel-asbest-kaputte-heizung-verwaltung-kuendigt-massnahmen-an-so-geht-es-mit-den-mietshaeusern-in-chorweiler-weiter\/","datePublished":"2024-05-22","dateModified":"2024-05-22","mainEntityOfPage":"https:\/\/www.bachhausen.de\/schimmel-asbest-kaputte-heizung-verwaltung-kuendigt-massnahmen-an-so-geht-es-mit-den-mietshaeusern-in-chorweiler-weiter\/","author":{"@type":"Person","@id":"##Person","name":"K\u00f6lner Stadtanzeiger","url":"#","identifier":3,"description":"Der K\u00f6lner Stadtanzeiger","image":{"@type":"ImageObject","@id":"https:\/\/secure.gravatar.com\/avatar\/a3f43e8250594c4ed8be9e86201eefa6cc06ef89c032788db696432ac7e77173?s=96&d=monsterid&r=g","url":"https:\/\/secure.gravatar.com\/avatar\/a3f43e8250594c4ed8be9e86201eefa6cc06ef89c032788db696432ac7e77173?s=96&d=monsterid&r=g","height":96,"width":96}},"publisher":{"@type":"Person","name":"Dirk Bachhausen","image":{"@type":"ImageObject","@id":"https:\/\/www.bachhausen.de\/wp-content\/uploads\/2019\/07\/dirk_profil-300x300.jpg","url":"https:\/\/www.bachhausen.de\/wp-content\/uploads\/2019\/07\/dirk_profil-300x300.jpg","width":600,"height":60}},"image":{"@type":"ImageObject","@id":"https:\/\/www.bachhausen.de\/wp-content\/uploads\/2023\/09\/Zeitungsleser.webp","url":"https:\/\/www.bachhausen.de\/wp-content\/uploads\/2023\/09\/Zeitungsleser.webp","height":534,"width":800},"keywords":["asbest","heizung","kaputte","kundigt","nahmen","schimmel","verwaltung"]},{"@type":"NewsArticle","@id":"https:\/\/www.bachhausen.de\/debatte-in-der-bv-chorweiler-kreuzung-in-pesch-verkehrsinseln-zebrastreifen-oder-beides\/","headline":"Debatte in der BV Chorweiler: Kreuzung in Pesch: Verkehrsinseln, Zebrastreifen oder beides?","url":"https:\/\/www.bachhausen.de\/debatte-in-der-bv-chorweiler-kreuzung-in-pesch-verkehrsinseln-zebrastreifen-oder-beides\/","datePublished":"2024-05-20","dateModified":"2024-05-20","mainEntityOfPage":"https:\/\/www.bachhausen.de\/debatte-in-der-bv-chorweiler-kreuzung-in-pesch-verkehrsinseln-zebrastreifen-oder-beides\/","author":{"@type":"Person","@id":"##Person","name":"K\u00f6lner Stadtanzeiger","url":"#","identifier":3,"description":"Der K\u00f6lner Stadtanzeiger","image":{"@type":"ImageObject","@id":"https:\/\/secure.gravatar.com\/avatar\/a3f43e8250594c4ed8be9e86201eefa6cc06ef89c032788db696432ac7e77173?s=96&d=monsterid&r=g","url":"https:\/\/secure.gravatar.com\/avatar\/a3f43e8250594c4ed8be9e86201eefa6cc06ef89c032788db696432ac7e77173?s=96&d=monsterid&r=g","height":96,"width":96}},"publisher":{"@type":"Person","name":"Dirk Bachhausen","image":{"@type":"ImageObject","@id":"https:\/\/www.bachhausen.de\/wp-content\/uploads\/2019\/07\/dirk_profil-300x300.jpg","url":"https:\/\/www.bachhausen.de\/wp-content\/uploads\/2019\/07\/dirk_profil-300x300.jpg","width":600,"height":60}},"image":{"@type":"ImageObject","@id":"https:\/\/www.bachhausen.de\/wp-content\/uploads\/2023\/09\/Zeitungsleser.webp","url":"https:\/\/www.bachhausen.de\/wp-content\/uploads\/2023\/09\/Zeitungsleser.webp","height":534,"width":800},"keywords":["beides","chorweiler","debatte","kreuzung","pesch","verkehrsinseln","zebrastreifen"]},{"@type":"NewsArticle","@id":"https:\/\/www.bachhausen.de\/bedauerlich-aok-und-bezirkspolitik-stellen-sich-hinter-kuemmerei-in-chorweiler\/","headline":"\u201eBedauerlich\u201c: AOK und Bezirkspolitik stellen sich hinter \u201eK\u00fcmmerei\u201c in Chorweiler","url":"https:\/\/www.bachhausen.de\/bedauerlich-aok-und-bezirkspolitik-stellen-sich-hinter-kuemmerei-in-chorweiler\/","datePublished":"2024-05-19","dateModified":"2024-05-19","mainEntityOfPage":"https:\/\/www.bachhausen.de\/bedauerlich-aok-und-bezirkspolitik-stellen-sich-hinter-kuemmerei-in-chorweiler\/","author":{"@type":"Person","@id":"##Person","name":"K\u00f6lner Stadtanzeiger","url":"#","identifier":3,"description":"Der K\u00f6lner Stadtanzeiger","image":{"@type":"ImageObject","@id":"https:\/\/secure.gravatar.com\/avatar\/a3f43e8250594c4ed8be9e86201eefa6cc06ef89c032788db696432ac7e77173?s=96&d=monsterid&r=g","url":"https:\/\/secure.gravatar.com\/avatar\/a3f43e8250594c4ed8be9e86201eefa6cc06ef89c032788db696432ac7e77173?s=96&d=monsterid&r=g","height":96,"width":96}},"publisher":{"@type":"Person","name":"Dirk Bachhausen","image":{"@type":"ImageObject","@id":"https:\/\/www.bachhausen.de\/wp-content\/uploads\/2019\/07\/dirk_profil-300x300.jpg","url":"https:\/\/www.bachhausen.de\/wp-content\/uploads\/2019\/07\/dirk_profil-300x300.jpg","width":600,"height":60}},"image":{"@type":"ImageObject","@id":"https:\/\/www.bachhausen.de\/wp-content\/uploads\/2023\/09\/Zeitungsleser.webp","url":"https:\/\/www.bachhausen.de\/wp-content\/uploads\/2023\/09\/Zeitungsleser.webp","height":534,"width":800},"keywords":["bedauerlich","bezirkspolitik","chorweiler","hinter","kummerei","stellen"]}]}