[{"@context":"https:\/\/schema.org\/","@type":"NewsArticle","@id":"https:\/\/www.bachhausen.de\/afp-faktencheck-gefaelschte-bild-ueberschrift-spahn-sprach-von-vaterland-nicht-personenland\/#NewsArticle","mainEntityOfPage":"https:\/\/www.bachhausen.de\/afp-faktencheck-gefaelschte-bild-ueberschrift-spahn-sprach-von-vaterland-nicht-personenland\/","headline":"(AFP-Faktencheck) Gef\u00e4lschte &#8220;Bild&#8221;-\u00dcberschrift: Spahn sprach von Vaterland, nicht &#8220;Personenland&#8221;","name":"(AFP-Faktencheck) Gef\u00e4lschte &#8220;Bild&#8221;-\u00dcberschrift: Spahn sprach von Vaterland, nicht &#8220;Personenland&#8221;","description":"Sowohl der neue Wehrdienst als auch das Gendern sind kontroverse Themen in Deutschland. Ein online kursierendes Sharepic mit einer angeblichen \u00dcberschrift der &#8220;Bild&#8221;-Zeitung bringt beide Themen zusammen. Demnach h\u00e4tte der CDU-Politiker Jens Spahn im Zusammenhang mit dem neuen Wehrdienst an junge M\u00e4nner gerichtet gesagt: &#8220;Euer Personenland braucht Euch!&#8221; Die \u00dcberschrift&#8230;","datePublished":"2026-04-30","dateModified":"2026-04-30","author":{"@type":"Person","@id":"##Person","name":"Redaktion","url":"#","identifier":19,"image":{"@type":"ImageObject","@id":"https:\/\/secure.gravatar.com\/avatar\/?s=96&d=monsterid&r=g","url":"https:\/\/secure.gravatar.com\/avatar\/?s=96&d=monsterid&r=g","height":96,"width":96}},"publisher":{"@type":"Person","name":"Dirk Bachhausen","image":{"@type":"ImageObject","@id":"https:\/\/www.bachhausen.de\/wp-content\/uploads\/2019\/07\/dirk_profil-300x300.jpg","url":"https:\/\/www.bachhausen.de\/wp-content\/uploads\/2019\/07\/dirk_profil-300x300.jpg","width":600,"height":60}},"image":{"@type":"ImageObject","@id":"https:\/\/www.bachhausen.de\/wp-content\/uploads\/2019\/07\/dirk_profil-300x300.jpg","url":"https:\/\/www.bachhausen.de\/wp-content\/uploads\/2019\/07\/dirk_profil-300x300.jpg","width":100,"height":100},"url":"https:\/\/www.bachhausen.de\/afp-faktencheck-gefaelschte-bild-ueberschrift-spahn-sprach-von-vaterland-nicht-personenland\/","about":["Allgemein"],"wordCount":69,"articleBody":"Sowohl der neue Wehrdienst als auch das Gendern sind kontroverse Themen in Deutschland. Ein online kursierendes Sharepic mit einer angeblichen \u00dcberschrift der &#8220;Bild&#8221;-Zeitung bringt beide Themen zusammen. Demnach h\u00e4tte der CDU-Politiker Jens Spahn im Zusammenhang mit dem neuen Wehrdienst an junge M\u00e4nner gerichtet gesagt: &#8220;Euer Personenland braucht Euch!&#8221; Die \u00dcberschrift in dem angeblichen Screenshot ist jedoch manipuliert. Tats\u00e4chlich zitierte die &#8220;Bild&#8221; Spahn mit &#8220;Vaterland&#8221;. Direktlink"},{"@context":"https:\/\/schema.org\/","@type":"BreadcrumbList","itemListElement":[{"@type":"ListItem","position":1,"name":"(AFP-Faktencheck) Gef\u00e4lschte &#8220;Bild&#8221;-\u00dcberschrift: Spahn sprach von Vaterland, nicht &#8220;Personenland&#8221;","item":"https:\/\/www.bachhausen.de\/afp-faktencheck-gefaelschte-bild-ueberschrift-spahn-sprach-von-vaterland-nicht-personenland\/#breadcrumbitem"}]}]