[{"@context":"https:\/\/schema.org\/","@type":"NewsArticle","@id":"https:\/\/www.bachhausen.de\/aus-dem-landtag-die-digitale-kompetenz-von-senorinnen-und-senioren-staerken\/#NewsArticle","mainEntityOfPage":"https:\/\/www.bachhausen.de\/aus-dem-landtag-die-digitale-kompetenz-von-senorinnen-und-senioren-staerken\/","headline":"Aus dem Landtag: Die digitale Kompetenz von Senorinnen und Senioren st\u00e4rken","name":"Aus dem Landtag: Die digitale Kompetenz von Senorinnen und Senioren st\u00e4rken","description":"1 min gesch\u00e4tzte Lesedauer 6. December 2024 Sp\u00e4testens seit der Corona-Krise spielt die Digitalisierung im Alltag der allermeisten Menschen eine starke Rolle. Ob soziale Kontakte, Einkauf oder beh\u00f6rdliche Themen, vieles wird heute \u00fcber das Internet erledigt. Diese Entwicklung macht vieles einfacher und flexibler, aber sie hat auch eine Kehrseite. Besonders&#8230;","datePublished":"2024-12-07","dateModified":"2024-12-07","author":{"@type":"Person","@id":"##Person","name":"SPD K\u00f6ln","url":"#","identifier":4,"image":{"@type":"ImageObject","@id":"https:\/\/secure.gravatar.com\/avatar\/9e275a42f0e2d615e7358ea63859947f3ea63517a2bcb7a2b26010d9ca858396?s=96&d=monsterid&r=g","url":"https:\/\/secure.gravatar.com\/avatar\/9e275a42f0e2d615e7358ea63859947f3ea63517a2bcb7a2b26010d9ca858396?s=96&d=monsterid&r=g","height":96,"width":96}},"publisher":{"@type":"Person","name":"Dirk Bachhausen","image":{"@type":"ImageObject","@id":"https:\/\/www.bachhausen.de\/wp-content\/uploads\/2019\/07\/dirk_profil-300x300.jpg","url":"https:\/\/www.bachhausen.de\/wp-content\/uploads\/2019\/07\/dirk_profil-300x300.jpg","width":600,"height":60}},"image":{"@type":"ImageObject","@id":"https:\/\/i3.wp.com\/www.spdkoelnnord.de\/wp-content\/uploads\/2024\/03\/spd-verschw.png?w=920&resize=920,425&ssl=1","url":"https:\/\/i3.wp.com\/www.spdkoelnnord.de\/wp-content\/uploads\/2024\/03\/spd-verschw.png?w=920&resize=920,425&ssl=1","height":"","width":""},"url":"https:\/\/www.bachhausen.de\/aus-dem-landtag-die-digitale-kompetenz-von-senorinnen-und-senioren-staerken\/","about":["K\u00f6ln","Politik"],"wordCount":351,"keywords":["digitale","kompetenz","landtag","senioren","senorinnen","starken"],"articleBody":" 1 min gesch\u00e4tzte Lesedauer6. December 2024Sp\u00e4testens seit der Corona-Krise spielt die Digitalisierung im Alltag der allermeisten Menschen eine starke Rolle. Ob soziale Kontakte, Einkauf oder beh\u00f6rdliche Themen, vieles wird heute \u00fcber das Internet erledigt. Diese Entwicklung macht vieles einfacher und flexibler, aber sie hat auch eine Kehrseite. Besonders Seniorinnen und Senioren haben oft kaum Erfahrung im Umgang mit digitalen Ger\u00e4ten sind unsicher im Umgang mit digitalen Angeboten. Teilweise fehlt der technische Zugang ins Internet auch v\u00f6llig. Dies hat zur Folge, dass Menschen Gefahr laufen, von der Digitalisierung abgeh\u00e4ngt zu werden. Eine Befragung der Bundesarbeitsgemeinschaft der Seniorenorganisationen e.V. (BAGSO) hat 2022 gezeigt, dass die Mehrheit der Seniorinnen und Senioren digitalen Ausgrenzungserfahrungen in nahezu allen Lebensbereichen ausgesetzt sind. Das k\u00f6nnen Nachteile bei der Wohnungssuche, Probleme bei der Vereinbarung eines Arzttermins oder fehlender Zugang zu Informations- und Bildungsangeboten sein, aber auch eine soziale Vereinsamung.\u00a0Die SPD-Fraktion will die digitale Kompetenz von Seniorinnen und Senioren st\u00e4rken, um ihre Teilhabe am gesellschaftlichen Leben im Alter sichern. Daf\u00fcr fordern wir ausreichende und niederschwellige Angebote zur Verf\u00fcgung zu stellen, damit Menschen sich in der digitalen Welt schulen lassen k\u00f6nnen. Auch muss es eine Beratung geben, die \u00e4lteren Menschen beim technischen Zugang zum Internet unterst\u00fctzen. Beispielsweise bei der Wahl des passenden Endger\u00e4tes. Wir m\u00f6chten auch das Recht zur Internetnutzung in Heimen sicherstellen. Damit schaffen wir, dass m\u00f6glichst alle Menschen von der zunehmenden Digitalisierung profitieren und teilhaben k\u00f6nnen. Unseren vollst\u00e4ndigen Antrag gibt es hier.\u00a0Die Studie zur Internetnutzung \u00e4lterer Menschen der Bundesarbeitsgemeinschaft der Seniorenorganisationen e.V. kann man hier nachlesen.\u00a0Sei der erste, der diesen Beitrag teilt! Bitte dieses Feld leer lassen\ud83d\udc4b Unser NewsletterTragen Sie sich ein, um regelm\u00e4\u00dfig neue Infos in ihren  Posteingang zu bekommen.Wir senden keinen Spam! Erfahre mehr in unserer Datenschutzerkl\u00e4rung.Pr\u00fcfe deinen Posteingang oder Spam-Ordner, um dein Abonnement zu best\u00e4tigen.        2024-12-06Error: GraphComment couldn&#8217;t be load because your settings are invalid. Please visit your admin panel and go to the GraphComment section and enter a valid website URL\/ID.  Hier weiter lesen&#8230;"},{"@context":"https:\/\/schema.org\/","@type":"BreadcrumbList","itemListElement":[{"@type":"ListItem","position":1,"name":"Aus dem Landtag: Die digitale Kompetenz von Senorinnen und Senioren st\u00e4rken","item":"https:\/\/www.bachhausen.de\/aus-dem-landtag-die-digitale-kompetenz-von-senorinnen-und-senioren-staerken\/#breadcrumbitem"}]}]