[{"@context":"https:\/\/schema.org\/","@type":"NewsArticle","@id":"https:\/\/www.bachhausen.de\/autos-fliegen-zu-tief-politiker-fordern-seitenlinienradar-in-koeln-fuehlingen\/#NewsArticle","mainEntityOfPage":"https:\/\/www.bachhausen.de\/autos-fliegen-zu-tief-politiker-fordern-seitenlinienradar-in-koeln-fuehlingen\/","headline":"\u201eAutos fliegen zu tief\u201c: Politiker fordern \u201eSeitenlinienradar\u201c in K\u00f6ln-F\u00fchlingen","name":"\u201eAutos fliegen zu tief\u201c: Politiker fordern \u201eSeitenlinienradar\u201c in K\u00f6ln-F\u00fchlingen","description":"Immer \u00f6fter soll es in F\u00fchlingen zu Verst\u00f6\u00dfen gegen das Tempolimit kommen. Die Bezirksvertretung will jetzt dem Problem nun auf den Grund gehen.","datePublished":"2025-10-02","dateModified":"2025-10-02","author":{"@type":"Person","@id":"##Person","name":"K\u00f6lner Stadtanzeiger","url":"#","identifier":3,"image":{"@type":"ImageObject","@id":"https:\/\/secure.gravatar.com\/avatar\/a3f43e8250594c4ed8be9e86201eefa6cc06ef89c032788db696432ac7e77173?s=96&d=monsterid&r=g","url":"https:\/\/secure.gravatar.com\/avatar\/a3f43e8250594c4ed8be9e86201eefa6cc06ef89c032788db696432ac7e77173?s=96&d=monsterid&r=g","height":96,"width":96}},"publisher":{"@type":"Person","name":"Dirk Bachhausen","image":{"@type":"ImageObject","@id":"https:\/\/www.bachhausen.de\/wp-content\/uploads\/2019\/07\/dirk_profil-300x300.jpg","url":"https:\/\/www.bachhausen.de\/wp-content\/uploads\/2019\/07\/dirk_profil-300x300.jpg","width":600,"height":60}},"image":{"@type":"ImageObject","@id":"https:\/\/www.bachhausen.de\/wp-content\/uploads\/2019\/07\/dirk_profil-300x300.jpg","url":"https:\/\/www.bachhausen.de\/wp-content\/uploads\/2019\/07\/dirk_profil-300x300.jpg","width":100,"height":100},"url":"https:\/\/www.bachhausen.de\/autos-fliegen-zu-tief-politiker-fordern-seitenlinienradar-in-koeln-fuehlingen\/","about":["K\u00f6ln","Stadtbezirk Chorweiler"],"wordCount":25,"articleBody":"Immer \u00f6fter soll es in F\u00fchlingen zu Verst\u00f6\u00dfen gegen das Tempolimit kommen. Die Bezirksvertretung will jetzt dem Problem nun auf den Grund gehen."},{"@context":"https:\/\/schema.org\/","@type":"BreadcrumbList","itemListElement":[{"@type":"ListItem","position":1,"name":"\u201eAutos fliegen zu tief\u201c: Politiker fordern \u201eSeitenlinienradar\u201c in K\u00f6ln-F\u00fchlingen","item":"https:\/\/www.bachhausen.de\/autos-fliegen-zu-tief-politiker-fordern-seitenlinienradar-in-koeln-fuehlingen\/#breadcrumbitem"}]}]