[{"@context":"https:\/\/schema.org\/","@type":"NewsArticle","@id":"https:\/\/www.bachhausen.de\/bezirksvertretung-chorweiler-runder-tisch-soll-mobilitaet-in-den-fokus-ruecken\/#NewsArticle","mainEntityOfPage":"https:\/\/www.bachhausen.de\/bezirksvertretung-chorweiler-runder-tisch-soll-mobilitaet-in-den-fokus-ruecken\/","headline":"Bezirksvertretung Chorweiler: Runder Tisch soll Mobilit\u00e4t in den Fokus r\u00fccken","name":"Bezirksvertretung Chorweiler: Runder Tisch soll Mobilit\u00e4t in den Fokus r\u00fccken","description":"Von einem Ort zum anderen zu kommen, ist im K\u00f6lner Norden gar nicht so leicht. Politiker wollen Beteiligte an einen Runden Tisch bringen.","datePublished":"2026-03-28","dateModified":"2026-03-28","author":{"@type":"Person","@id":"##Person","name":"K\u00f6lner Stadtanzeiger","url":"#","identifier":3,"image":{"@type":"ImageObject","@id":"https:\/\/secure.gravatar.com\/avatar\/a3f43e8250594c4ed8be9e86201eefa6cc06ef89c032788db696432ac7e77173?s=96&d=monsterid&r=g","url":"https:\/\/secure.gravatar.com\/avatar\/a3f43e8250594c4ed8be9e86201eefa6cc06ef89c032788db696432ac7e77173?s=96&d=monsterid&r=g","height":96,"width":96}},"publisher":{"@type":"Person","name":"Dirk Bachhausen","image":{"@type":"ImageObject","@id":"https:\/\/www.bachhausen.de\/wp-content\/uploads\/2019\/07\/dirk_profil-300x300.jpg","url":"https:\/\/www.bachhausen.de\/wp-content\/uploads\/2019\/07\/dirk_profil-300x300.jpg","width":600,"height":60}},"image":{"@type":"ImageObject","@id":"https:\/\/www.bachhausen.de\/wp-content\/uploads\/2019\/07\/dirk_profil-300x300.jpg","url":"https:\/\/www.bachhausen.de\/wp-content\/uploads\/2019\/07\/dirk_profil-300x300.jpg","width":100,"height":100},"url":"https:\/\/www.bachhausen.de\/bezirksvertretung-chorweiler-runder-tisch-soll-mobilitaet-in-den-fokus-ruecken\/","about":["K\u00f6ln","Stadtbezirk Chorweiler"],"wordCount":24,"articleBody":"Von einem Ort zum anderen zu kommen, ist im K\u00f6lner Norden gar nicht so leicht. Politiker wollen Beteiligte an einen Runden Tisch bringen."},{"@context":"https:\/\/schema.org\/","@type":"BreadcrumbList","itemListElement":[{"@type":"ListItem","position":1,"name":"Bezirksvertretung Chorweiler: Runder Tisch soll Mobilit\u00e4t in den Fokus r\u00fccken","item":"https:\/\/www.bachhausen.de\/bezirksvertretung-chorweiler-runder-tisch-soll-mobilitaet-in-den-fokus-ruecken\/#breadcrumbitem"}]}]