[{"@context":"https:\/\/schema.org\/","@type":"NewsArticle","@id":"https:\/\/www.bachhausen.de\/buergerverein-merkenich-erweiterung-des-radweges-an-leverkusener-bruecke-gefordert\/#NewsArticle","mainEntityOfPage":"https:\/\/www.bachhausen.de\/buergerverein-merkenich-erweiterung-des-radweges-an-leverkusener-bruecke-gefordert\/","headline":"B\u00fcrgerverein Merkenich: Erweiterung des Radweges an Leverkusener Br\u00fccke gefordert","name":"B\u00fcrgerverein Merkenich: Erweiterung des Radweges an Leverkusener Br\u00fccke gefordert","description":"B\u00fcrgerverein MerkenichErweiterung des Radweges an Leverkusener Br\u00fccke gefordert Von Christopher Dr\u00f6ge 21.02.2025, 10:56 Uhr Lesezeit 3 Minuten Der Trampelpfad entlang der Autobahnb\u00f6schung k\u00f6nnte durch eine Verl\u00e4ngerung der Rampe ersetzt werden. Copyright: Christopher Dr\u00f6ge ANZEIGE Eine Verl\u00e4ngerung des Radwegs der Br\u00fcckenrampe bis zum Spoerkelhof w\u00fcrde Radpendler aus dem Wohngebiet heraushalten, argumentiert&#8230;","datePublished":"2025-02-21","dateModified":"2025-02-21","author":{"@type":"Person","@id":"##Person","name":"K\u00f6lner Stadtanzeiger","url":"#","identifier":3,"image":{"@type":"ImageObject","@id":"https:\/\/secure.gravatar.com\/avatar\/a3f43e8250594c4ed8be9e86201eefa6cc06ef89c032788db696432ac7e77173?s=96&d=monsterid&r=g","url":"https:\/\/secure.gravatar.com\/avatar\/a3f43e8250594c4ed8be9e86201eefa6cc06ef89c032788db696432ac7e77173?s=96&d=monsterid&r=g","height":96,"width":96}},"publisher":{"@type":"Person","name":"Dirk Bachhausen","image":{"@type":"ImageObject","@id":"https:\/\/www.bachhausen.de\/wp-content\/uploads\/2019\/07\/dirk_profil-300x300.jpg","url":"https:\/\/www.bachhausen.de\/wp-content\/uploads\/2019\/07\/dirk_profil-300x300.jpg","width":600,"height":60}},"image":{"@type":"ImageObject","@id":"https:\/\/static.ksta.de\/__images\/2025\/02\/20\/9d5e0c8a-8b71-4877-b897-70c73e9a98db.jpeg?q=75&q=70&w=2000&h=1126&fm=jpeg&s=a0bc71f96f2f70bd90a6d9787ff113d7","url":"https:\/\/static.ksta.de\/__images\/2025\/02\/20\/9d5e0c8a-8b71-4877-b897-70c73e9a98db.jpeg?q=75&q=70&w=2000&h=1126&fm=jpeg&s=a0bc71f96f2f70bd90a6d9787ff113d7","height":"","width":""},"url":"https:\/\/www.bachhausen.de\/buergerverein-merkenich-erweiterung-des-radweges-an-leverkusener-bruecke-gefordert\/","about":["Stadtbezirk Chorweiler"],"wordCount":711,"keywords":["brucke","burgerverein","erweiterung","gefordert","leverkusener","merkenich","radweges"],"articleBody":"B\u00fcrgerverein MerkenichErweiterung des Radweges an Leverkusener Br\u00fccke gefordertVon Christopher  Dr\u00f6ge21.02.2025, 10:56 UhrLesezeit 3 MinutenDer Trampelpfad entlang der Autobahnb\u00f6schung k\u00f6nnte durch eine Verl\u00e4ngerung der Rampe ersetzt werden.Copyright: Christopher Dr\u00f6geANZEIGEEine Verl\u00e4ngerung des Radwegs der Br\u00fcckenrampe bis zum Spoerkelhof w\u00fcrde Radpendler aus dem Wohngebiet heraushalten, argumentiert der B\u00fcrgerverein.Die Leverkusener Br\u00fccke stellt eine wichtige Verbindung f\u00fcr Pendler dar \u2013 nicht nur f\u00fcr die auf vier, sondern auch f\u00fcr die auf zwei R\u00e4dern: Nicht wenige nutzen Fahrrad oder Motorroller, um \u00fcber die Br\u00fccke zu ihrem Arbeitsplatz in Leverkusen oder K\u00f6ln zu gelangen.Da sich die Rampe zum Fu\u00df- und Radweg auf der s\u00fcdlichen Seite der Br\u00fccke am Ende der Kolmarer Stra\u00dfe befindet, f\u00fchrt die Route der Zweirad-Pendler mitten durch verkehrsberuhigte Wohnstra\u00dfen, vor allem \u00fcber die Jungbluthstra\u00dfe und die Stra\u00dfe Spoerkelhof.Der Radpendelverkehr passiert den Eingangsbereich der GGS Spoerkelhof, wo erh\u00f6hte Unfallgefahr besteht.Copyright: Christopher Dr\u00f6geGefahr durch hohes VerkehrsaufkommenLaut Bruno Klais, dem Vorsitzenden des Merkenicher B\u00fcrgervereins, ist das Verkehrsaufkommen nicht zu untersch\u00e4tzen. \u201eDas sind einige, die hier morgens und abends entlangfahren\u201c, sagt er. \u201eNicht wenige heizen dabei mit 40 Km\/h, weil sie es nat\u00fcrlich eilig haben\u201c.Alles zum Thema Rheinbr\u00fccke LeverkusenSorgen macht ihm dies vor allem wegen der Gemeinschaftsgrundschule (GGS) Spoerkelhof, die auf dem Weg liegt. \u201eViele Rad- und Mopedfahrer biegen direkt gegen\u00fcber dem Schultor in die Kolmarer Stra\u00dfe ein, in einen Abschnitt, der eben nicht verkehrsberuhigt ist. Mit einer verbesserten Radwegef\u00fchrung w\u00fcrde das Unfallrisiko erheblich reduziert.\u201cDaf\u00fcr setzt sich Klais mit dem B\u00fcrgerverein schon seit l\u00e4ngerem ein: Auf die Anregung des Vereins hin beschloss die Bezirksvertretung Chorweiler 2008 den Bau des Radwegs, der von der Emdener Stra\u00dfe entlang der Gleistrasse der KVB heute bis zur Endstation Merkenich am Spoerkelhof f\u00fchrt.Neue Ideen zur Erweiterung des RadwegsBeim Planfeststellungsverfahren zum Neubau der Leverkusener Br\u00fccke brachte er gemeinsam mit seinem Sohn Michael Klais 2017 dann eine neue Idee ins Gespr\u00e4ch: Eine Erweiterung des Radwegs entlang der Autobahnb\u00f6schung von der s\u00fcdlichen Auffahrtsrampe bis zum Spoerkelhof. \u201eDas w\u00fcrde f\u00fcr Zweiradpendler eine k\u00fcrzere und schnellere Route ohne die Schleifen und Umwege durch das Wohngebiet erm\u00f6glichen und den Schulweg f\u00fcr die Sch\u00fcler der GGS Spoerkelhof sicherer machen\u201c, so Klais.Auf der Route der m\u00f6glichen Erweiterung zwischen der B\u00f6schung und den angrenzenden G\u00e4rten verl\u00e4uft zurzeit ein Trampelpfad, den viele Anwohner als Abk\u00fcrzung zur Endstation der Linie 12 nutzen. Das B\u00fcro des K\u00f6lner Fahrradbeauftragten zeigte sich damals bereits offen f\u00fcr die Idee, hatte jedoch weder personelle noch finanzielle Kapazit\u00e4ten, um die Planung zu \u00fcbernehmen. Im urspr\u00fcnglichen Planfeststellungsverfahren wurde die Idee letztlich nicht ber\u00fccksichtigt.Inzwischen jedoch hat sich ein neues Zeitfenster ge\u00f6ffnet, denn die f\u00fcr den Br\u00fcckenbau zust\u00e4ndige Autobahn GmbH plant ohnehin den barrierefreien Ausbau der bestehenden Rampe, von der Radfahrer k\u00fcnftig \u00fcber einen bogenf\u00f6rmigen Weg in die Kolmarer Stra\u00dfe einbiegen k\u00f6nnen sollen. Auch durch den Einsatz des ADFC K\u00f6ln, sowie des SPD-Ortsvereinsvorsitzenden Mattis Dieterich, hatte es im Nachgang des Planfeststellungsverfahrens neue Gespr\u00e4che zwischen der Stadt K\u00f6ln und der Autobahn GmbH gegeben, in denen die Vorteile f\u00fcr den interkommunalen Radverkehr deutlich wurden.Die Autobahn GmbH hatte sich daraufhin bereit erkl\u00e4rt, die Vorplanung der Erweiterung in ihr eigenes Planungsverfahren mit einzubeziehen. Nach dieser Vorplanung soll der Verbindungsweg zum Spoerkelhof  3,5 Meter breit sein, mit Beleuchtung ausgestattet und als reiner Radweg geplant werden. Planung und Umsetzung liegen in der Hand der Autobahn GmbH, die Kosten von gut 1 Million Euro tr\u00e4gt die Stadt.Durch eine Beschlussvorlage, die demn\u00e4chst im Verkehrsausschuss auf der Tagesordnung steht, soll das Vorhaben nun in trockene T\u00fccher gebracht werden. \u201eWir freuen uns, dass unser Einsatz Wirkung zeigt und nun eine Entscheidung \u00fcber die Umsetzung bevorsteht\u201c, so Mattis Dieterich. Bruno Klais hingegen kann eine gewisse Nervosit\u00e4t nicht verhehlen. \u201eDie Autobahn GmbH ist dazu nur bereit, solange sie ihre eigenen Planungen durchf\u00fchrt\u201c, sagt er. \u201eSollte die Stadt K\u00f6ln den Beschluss verschlafen und die Finanzierung nicht sicherstellen, schlie\u00dft sich das Zeitfenster wieder.\u201c"},{"@context":"https:\/\/schema.org\/","@type":"BreadcrumbList","itemListElement":[{"@type":"ListItem","position":1,"name":"B\u00fcrgerverein Merkenich: Erweiterung des Radweges an Leverkusener Br\u00fccke gefordert","item":"https:\/\/www.bachhausen.de\/buergerverein-merkenich-erweiterung-des-radweges-an-leverkusener-bruecke-gefordert\/#breadcrumbitem"}]}]