[{"@context":"https:\/\/schema.org\/","@type":"NewsArticle","@id":"https:\/\/www.bachhausen.de\/bund-koeln-fordert-stadtrat-auf-mehr-fuer-den-laermschutz-zu-tun\/#NewsArticle","mainEntityOfPage":"https:\/\/www.bachhausen.de\/bund-koeln-fordert-stadtrat-auf-mehr-fuer-den-laermschutz-zu-tun\/","headline":"BUND K\u00f6ln fordert Stadtrat auf mehr f\u00fcr den L\u00e4rmschutz zu tun","name":"BUND K\u00f6ln fordert Stadtrat auf mehr f\u00fcr den L\u00e4rmschutz zu tun","description":"Report-K K\u00f6ln | Die Kreisgruppe K\u00f6ln des Bund f\u00fcr Umwelt und Naturschutz (BUND K\u00f6ln) fordert die K\u00f6lner Kommunalpolitik auf den L\u00e4rm \u2013 allen voran den Verkehrsl\u00e4rm \u2013 wirksam in der Stadt K\u00f6ln zu bek\u00e4mpfen und den L\u00e4rmaktionsplan fortzuschreiben. Der BUND K\u00f6ln hinterlegt dies mit konkreten Forderungen. Viele K\u00f6lner:innen betroffen Der&#8230;","datePublished":"2024-08-12","dateModified":"2024-08-12","author":{"@type":"Person","@id":"##Person","name":"Report K","url":"#","identifier":20,"image":{"@type":"ImageObject","@id":"https:\/\/secure.gravatar.com\/avatar\/36af2c4c1f6de1245282e2f6d3e4483d8c1fb911663df347a69e69f7ff897aac?s=96&d=monsterid&r=g","url":"https:\/\/secure.gravatar.com\/avatar\/36af2c4c1f6de1245282e2f6d3e4483d8c1fb911663df347a69e69f7ff897aac?s=96&d=monsterid&r=g","height":96,"width":96}},"publisher":{"@type":"Person","name":"Dirk Bachhausen","image":{"@type":"ImageObject","@id":"https:\/\/www.bachhausen.de\/wp-content\/uploads\/2019\/07\/dirk_profil-300x300.jpg","url":"https:\/\/www.bachhausen.de\/wp-content\/uploads\/2019\/07\/dirk_profil-300x300.jpg","width":600,"height":60}},"image":{"@type":"ImageObject","@id":"https:\/\/www.bachhausen.de\/wp-content\/uploads\/2024\/08\/laerm_12082024.png","url":"https:\/\/www.bachhausen.de\/wp-content\/uploads\/2024\/08\/laerm_12082024.png","height":768,"width":1024},"url":"https:\/\/www.bachhausen.de\/bund-koeln-fordert-stadtrat-auf-mehr-fuer-den-laermschutz-zu-tun\/","about":["K\u00f6ln"],"wordCount":325,"keywords":["fordert","larmschutz","stadtrat"],"articleBody":"Report-KK\u00f6ln | Die Kreisgruppe K\u00f6ln des Bund f\u00fcr Umwelt und Naturschutz (BUND K\u00f6ln) fordert die K\u00f6lner Kommunalpolitik auf den L\u00e4rm \u2013 allen voran den Verkehrsl\u00e4rm \u2013 wirksam in der Stadt K\u00f6ln zu bek\u00e4mpfen und den L\u00e4rmaktionsplan fortzuschreiben. Der BUND K\u00f6ln hinterlegt dies mit konkreten Forderungen.Viele K\u00f6lner:innen betroffenDer BUND K\u00f6ln spricht davon, dass 49,8 Prozent der K\u00f6lner:innen von Stra\u00dfenl\u00e4rm \u00fcber 55 Dezibel (L DEN &gt; 55 dB(A)) betroffen seien. Der BUND K\u00f6ln sieht die K\u00f6lner Kommunalpolitik in der Pflicht hier Abhilfe zu schaffen. Damit die entsprechenden Ressourcen zur Verf\u00fcgung stehen bezieht der Umweltverband sich auch auf die Ost-West-Achse und die derzeit im Stadtrat gef\u00fchrte Debatte und f\u00fcr den Herbst angek\u00fcndigte Entscheidung.Es sei nicht das Gebot der Stunde das von der Stadtverwaltung favorisierte Tunnelprojekt auf der Ost-West-Achse umzusetzen, so der BUND K\u00f6ln. Es sei wichtiger stattdessen das Stadtbahnnetz auszubauen sowie die Tangentialstrecken und Streckenverl\u00e4ngerungen voranzutreiben. W\u00fcrde K\u00f6ln den Tunnel bauen, dann fehlten Personalressourcen und finanzielle Mittel um diesen Ausbau voranzubringen.Flugl\u00e4rm und L\u00e4rm von der EisenbahnDer Verkehrsl\u00e4rm k\u00f6nnen effizient reduziert werden, so der BUND. Tempo 30 \u00fcberall dort, wo die Stra\u00dfen nicht zum Grundnetz des motorisierten Individualverkehrs z\u00e4hlten. Aber nicht nur die Autos oder Motorr\u00e4der erzeugten L\u00e4rm, sondern auch die Flugzeuge mit ihren Starts und Landungen am K\u00f6ln Bonn Airport oder die Eisenbahn. Alleine unter Flugl\u00e4rm \u00fcber 55 Dezibel litten 103.400 und unter dem L\u00e4rm der Z\u00fcge 92.600 K\u00f6lner:innen.Freizeitl\u00e4rm in K\u00f6lnEs sei aber nicht nur der Verkehrsl\u00e4rm, sondern auch Freizeitl\u00e4rm, wie etwa der L\u00e4rm von Technoveranstaltungen auf dem Herkulesberg, die f\u00fcr die K\u00f6lner:innen zur Belastung w\u00fcrden. Hiergegen klage bereits ein Anwohner, da er bei der Stadt K\u00f6ln sich bisher nicht ernst genommen f\u00fchlte. Zur Quelle wechseln"},{"@context":"https:\/\/schema.org\/","@type":"BreadcrumbList","itemListElement":[{"@type":"ListItem","position":1,"name":"BUND K\u00f6ln fordert Stadtrat auf mehr f\u00fcr den L\u00e4rmschutz zu tun","item":"https:\/\/www.bachhausen.de\/bund-koeln-fordert-stadtrat-auf-mehr-fuer-den-laermschutz-zu-tun\/#breadcrumbitem"}]}]