[{"@context":"https:\/\/schema.org\/","@type":"NewsArticle","@id":"https:\/\/www.bachhausen.de\/bundeswehr-aeussert-sich-zu-den-vorfaellen-in-der-luftwaffenkaserne-koeln-wahn\/#NewsArticle","mainEntityOfPage":"https:\/\/www.bachhausen.de\/bundeswehr-aeussert-sich-zu-den-vorfaellen-in-der-luftwaffenkaserne-koeln-wahn\/","headline":"Bundeswehr \u00e4u\u00dfert sich zu den Vorf\u00e4llen in der Luftwaffenkaserne K\u00f6ln-Wahn","name":"Bundeswehr \u00e4u\u00dfert sich zu den Vorf\u00e4llen in der Luftwaffenkaserne K\u00f6ln-Wahn","description":"Report-K Das Symbolbild zeigt einen Feldj\u00e4ger der Bundeswehr. | Foto: via dts nachrichtenagentur K\u00f6ln | Der Betrieb in der Luftwaffenkaserne in K\u00f6ln-Wahn l\u00e4uft wieder im Normalmodus. Die Sperrung der Kaserne wurde aufgehoben, teilt das Landeskommando NRW der Bundeswehr heute Nachmittag mit. Am gestrigen 14. August 2024 wurde an einem inneren&#8230;","datePublished":"2024-08-16","dateModified":"2024-08-16","author":{"@type":"Person","@id":"##Person","name":"Report K","url":"#","identifier":20,"image":{"@type":"ImageObject","@id":"https:\/\/secure.gravatar.com\/avatar\/36af2c4c1f6de1245282e2f6d3e4483d8c1fb911663df347a69e69f7ff897aac?s=96&d=monsterid&r=g","url":"https:\/\/secure.gravatar.com\/avatar\/36af2c4c1f6de1245282e2f6d3e4483d8c1fb911663df347a69e69f7ff897aac?s=96&d=monsterid&r=g","height":96,"width":96}},"publisher":{"@type":"Person","name":"Dirk Bachhausen","image":{"@type":"ImageObject","@id":"https:\/\/www.bachhausen.de\/wp-content\/uploads\/2019\/07\/dirk_profil-300x300.jpg","url":"https:\/\/www.bachhausen.de\/wp-content\/uploads\/2019\/07\/dirk_profil-300x300.jpg","width":600,"height":60}},"image":{"@type":"ImageObject","@id":"https:\/\/www.bachhausen.de\/wp-content\/uploads\/2024\/08\/dts_photo39329.jpg","url":"https:\/\/www.bachhausen.de\/wp-content\/uploads\/2024\/08\/dts_photo39329.jpg","height":0,"width":0},"url":"https:\/\/www.bachhausen.de\/bundeswehr-aeussert-sich-zu-den-vorfaellen-in-der-luftwaffenkaserne-koeln-wahn\/","about":["K\u00f6ln"],"wordCount":200,"keywords":["bundeswehr","luftwaffenkaserne","vorfallen"],"articleBody":"Report-KDas Symbolbild zeigt einen Feldj\u00e4ger der Bundeswehr. | Foto: via dts nachrichtenagenturK\u00f6ln | Der Betrieb in der Luftwaffenkaserne in K\u00f6ln-Wahn l\u00e4uft wieder im Normalmodus. Die Sperrung der Kaserne wurde aufgehoben, teilt das Landeskommando NRW der Bundeswehr heute Nachmittag mit.Am gestrigen 14. August 2024 wurde an einem inneren Zaun der Kaserne ein Loch entdeckt. Dieses lag in der N\u00e4he der Wasseraufbereitungsanlage der Kaserne. Die Bundeswehr sperrte die Kaserne vollst\u00e4ndig ab, da nicht ausgeschlossen werden konnte, dass sich noch Personen auf dem Gel\u00e4nde befanden. Das gesamte Gel\u00e4nde wurde von Feldj\u00e4gern der Bundeswehr durchsucht. Diese stellte fest, dass sich nur Menschen auf dem Gel\u00e4nde befanden, die auch die Befugnis dazu hatten.Am fr\u00fchen Nachmittag des gestrigen Mittwochs wurde daher der Zugang zur Kaserne wieder erm\u00f6glicht. Zudem wurde der Tagesdienstbetrieb wieder aufgenommen. Die Ermittlungen der Polizei und des Staatsschutzes dauerten an.Derzeit werden die Soldat:innen auf dem Kasernengel\u00e4nde mit Trinkwasser aus Flaschen und Kanistern versorgt. Die leitungsgebundene Trinkwasserversorgung und die Aufbereitungsanlage f\u00fcr das Wasser bleiben abgestellt. Die Bundeswehr will abwarten, was die Untersuchungen der Wasserproben ergeben. Das territoriale F\u00fchrungskommando der Bundeswehr nehme den Vorfall sehr ernst.Zur Quelle wechseln"},{"@context":"https:\/\/schema.org\/","@type":"BreadcrumbList","itemListElement":[{"@type":"ListItem","position":1,"name":"Bundeswehr \u00e4u\u00dfert sich zu den Vorf\u00e4llen in der Luftwaffenkaserne K\u00f6ln-Wahn","item":"https:\/\/www.bachhausen.de\/bundeswehr-aeussert-sich-zu-den-vorfaellen-in-der-luftwaffenkaserne-koeln-wahn\/#breadcrumbitem"}]}]