[{"@context":"https:\/\/schema.org\/","@type":"NewsArticle","@id":"https:\/\/www.bachhausen.de\/correctiv-erhaelt-den-leuchtturm-fuer-besondere-publizistische-leistungen-2024\/#NewsArticle","mainEntityOfPage":"https:\/\/www.bachhausen.de\/correctiv-erhaelt-den-leuchtturm-fuer-besondere-publizistische-leistungen-2024\/","headline":"CORRECTIV erh\u00e4lt den Leuchtturm f\u00fcr besondere publizistische Leistungen 2024","name":"CORRECTIV erh\u00e4lt den Leuchtturm f\u00fcr besondere publizistische Leistungen 2024","description":"Dieser Artikel stammt von CORRECTIV.Faktencheck \/ Zur Quelle wechseln Das war Teamarbeit: \u201eDiese Recherche w\u00e4re nicht m\u00f6glich gewesen, ohne die zehn Jahre, die CORRECTIV vorher gearbeitet und sich aufgebaut hat\u201c, sagte Jean Peters bei der Preisverleihung des Leuchtturms auf der Jahreskonferenz von Netzwerk Recherche \u00fcber die \u201eGeheimplan\u201c-Recherche. Der Verein vergab&#8230;","datePublished":"2024-07-20","dateModified":"2024-07-20","author":{"@type":"Person","@id":"##Person","name":"Correctiv.org","url":"#","identifier":15,"image":{"@type":"ImageObject","@id":"https:\/\/secure.gravatar.com\/avatar\/51a6c0962ec4a7a9fff8508f3b6a21069f40fbb9a1ee7294cca7a040ced87b6c?s=96&d=monsterid&r=g","url":"https:\/\/secure.gravatar.com\/avatar\/51a6c0962ec4a7a9fff8508f3b6a21069f40fbb9a1ee7294cca7a040ced87b6c?s=96&d=monsterid&r=g","height":96,"width":96}},"publisher":{"@type":"Person","name":"Dirk Bachhausen","image":{"@type":"ImageObject","@id":"https:\/\/www.bachhausen.de\/wp-content\/uploads\/2019\/07\/dirk_profil-300x300.jpg","url":"https:\/\/www.bachhausen.de\/wp-content\/uploads\/2019\/07\/dirk_profil-300x300.jpg","width":600,"height":60}},"image":{"@type":"ImageObject","@id":"https:\/\/www.bachhausen.de\/wp-content\/uploads\/2023\/09\/Zeitungsleser.webp","url":"https:\/\/www.bachhausen.de\/wp-content\/uploads\/2023\/09\/Zeitungsleser.webp","height":534,"width":800},"url":"https:\/\/www.bachhausen.de\/correctiv-erhaelt-den-leuchtturm-fuer-besondere-publizistische-leistungen-2024\/","video":{"@context":"http:\/\/schema.org\/","@type":"VideoObject","@id":"https:\/\/www.youtube.com\/watch?v=o3FsIiRGUY0#VideoObject","contentUrl":"https:\/\/www.youtube.com\/watch?v=o3FsIiRGUY0","name":"Leuchtturm f\u00fcr besondere publizistische Leistungen 2024","description":"#Hamburg #nr24 \nPreisverleihung und Laudatio\n\nLaudatio:\n\u00d6zge Inan, freie Journalistin und Autorin, Berlin\/M\u00fcnchen\n\nEin Livestream der Netzwerk Recherche - Jahreskonferenz 2024 Programm: https:\/\/netzwerkrecherche.org\/termine\/konferenzen\/jahreskonferenzen\/nr24\/programm\/","thumbnailUrl":["https:\/\/i.ytimg.com\/vi\/o3FsIiRGUY0\/default.jpg","https:\/\/i.ytimg.com\/vi\/o3FsIiRGUY0\/mqdefault.jpg","https:\/\/i.ytimg.com\/vi\/o3FsIiRGUY0\/hqdefault.jpg","https:\/\/i.ytimg.com\/vi\/o3FsIiRGUY0\/sddefault.jpg","https:\/\/i.ytimg.com\/vi\/o3FsIiRGUY0\/maxresdefault.jpg"],"uploadDate":"2024-07-20T01:40:34+00:00","duration":"PT18M15S","embedUrl":"https:\/\/www.youtube.com\/embed\/o3FsIiRGUY0","publisher":{"@type":"Organization","@id":"https:\/\/www.youtube.com\/channel\/UCkbZm8DfTRNScjklYPeW9jQ#Organization","url":"https:\/\/www.youtube.com\/channel\/UCkbZm8DfTRNScjklYPeW9jQ","name":"TIDETVhamburg","description":"TV & Radio abseits des Mainstreams. Medienkurse zur Weiterbildung. Gemeinn\u00fctzig. Unkommerziell. Werbefrei. Dein Sender zum Mitmachen. #TIDEhh\n\nTIDE wird gef\u00f6rdert durch die Freie und Hansestadt Hamburg, Beh\u00f6rde f\u00fcr Wissenschaft, Forschung und Gleichstellung (BWFGB). Einzelne Projekte werden gef\u00f6rdert von der Hamburger Beh\u00f6rde f\u00fcr Schule und Berufsbildung (BSB) und der Sozialbeh\u00f6rde.\n","logo":{"url":"https:\/\/yt3.ggpht.com\/VWDf1qXjAgqJCHOBFmp4HhIm093ufubbEYeSyssY5f3zG___L2jh1D1TxOAXHmuvwQ5Nl1xxsQ8=s800-c-k-c0x00ffffff-no-rj","width":800,"height":800,"@type":"ImageObject","@id":"https:\/\/www.youtube.com\/watch?v=o3FsIiRGUY0#VideoObject_publisher_logo_ImageObject"}},"potentialAction":{"@type":"SeekToAction","@id":"https:\/\/www.youtube.com\/watch?v=o3FsIiRGUY0#VideoObject_potentialAction","target":"https:\/\/www.youtube.com\/watch?v=o3FsIiRGUY0&t={seek_to_second_number}","startOffset-input":"required name=seek_to_second_number"},"interactionStatistic":[[{"@type":"InteractionCounter","@id":"https:\/\/www.youtube.com\/watch?v=o3FsIiRGUY0#VideoObject_interactionStatistic_WatchAction","interactionType":{"@type":"WatchAction"},"userInteractionCount":843}],{"@type":"InteractionCounter","@id":"https:\/\/www.youtube.com\/watch?v=o3FsIiRGUY0#VideoObject_interactionStatistic_LikeAction","interactionType":{"@type":"LikeAction"},"userInteractionCount":42}]},"about":["Politik"],"wordCount":544,"keywords":["besondere","correctiv","erhalt","leistungen","leuchtturm","publizistische"],"articleBody":"Dieser Artikel stammt von CORRECTIV.Faktencheck \/ Zur Quelle wechselnDas war Teamarbeit: \u201eDiese Recherche w\u00e4re nicht m\u00f6glich gewesen, ohne die zehn Jahre, die CORRECTIV vorher gearbeitet und sich aufgebaut hat\u201c, sagte Jean Peters bei der Preisverleihung des Leuchtturms auf der Jahreskonferenz von Netzwerk Recherche \u00fcber die \u201eGeheimplan\u201c-Recherche. Der Verein vergab in diesem Jahr den Leuchtturm an unser Medienhaus f\u00fcr den \u201eGeheimplan gegen Deutschland\u201c.Im Januar deckte unser Team ein Treffen von Rechtsextremisten, AfD-Politikern und Unternehmern in einer Villa in der N\u00e4he von Potsdam auf. Ihr Ziel: Die Vertreibung von Menschen aus Deutschland.\u00a0Nach der Ver\u00f6ffentlichung folgten wochenlange Demonstrationen in ganz Deutschland.\u00a0\u201eSelten hat eine einzelne Recherche einen solchen Impact gehabt und uns allen gezeigt, wie wichtig diese Art von Journalismus f\u00fcr unseren demokratischen Diskurs ist\u201c, begr\u00fcndete Daniel Drepper, Vorsitzender von Netzwerk Recherche, die Auszeichnung.Doch es gab nicht nur Zustimmung \u2014 unsere Redaktion ist seitdem massiven Anfeindungen und Drohungen ausgesetzt. Der Preis gilt daher dem gesamten Team, sagt Drepper: \u201eWir m\u00f6chten die Arbeit der Reporter:innen von Correctiv mit diesem Leuchtturm-Preis nicht nur auszeichnen, sondern auch der gesamten Redaktion symbolisch den R\u00fccken st\u00e4rken.\u201c Stellvertretend nahmen die Chefredaktion \u2013 Justus von Daniels und Anette Dowideit \u2013 sowie Marcus Bensmann, Jean Peters, Gabriela Keller und Mohamed Anwar aus der Redaktion den Preis entgegen.\u00a0Millionen Menschen auf der Stra\u00dfeIn ihrer Laudatio beschrieb die Journalistin und Autorin \u00d6zge Inan die Wirkung, die die Recherche auf sie hatte: Ihr sei das Blut in den Adern gefroren, als sie las, dass der rechtsextreme Teilnehmer Martin Sellner von der Identit\u00e4ren Bewegung und seine Mitstreiter offenbar die Zeit g\u00fcnstig f\u00fcr ihre \u201eRemigrations\u201c-Pl\u00e4ne hielten.\u00a0Positiv hingegen empfand sie die Reaktionen auf die Ver\u00f6ffentlichung: \u201eNach der Recherche haben wir gesehen, wie sehr die rassistischen Pl\u00e4ne die Menschen in diesem Land ersch\u00fcttern und anwidern.\u201c Mehr als zwei Millionen Menschen protestierten gegen die Vertreibungspl\u00e4ne. Inan nahm selbst an einer Demo in M\u00fcnchen teil und f\u00fchlte sich best\u00e4rkt: \u201eWir sind nicht allein!\u201c Die Menschen auf der Stra\u00dfe \u201ehaben unseren R\u00fccken, die lassen nicht zu, dass uns was passiert.\u201cZugleich richtete sie einen Appell an die Menschen in Deutschland, Rassismus und die Verletzung gegen die Menschenw\u00fcrde nicht zuzulassen:\u201eAsylrecht, das Recht auf Asyl, ist eine Lehre aus dem Nationalsozialismus. Es ist eine Lehre von der Katastrophe, die von hier, von diesem Boden aus, \u00fcber die Welt kam. Es darf nicht sein, dass es keine 100 Jahre sp\u00e4ter, mit der Begr\u00fcndung, es sei nicht mehr zeitgem\u00e4\u00df, pl\u00f6tzlich in Frage steht: Nicht hier, nicht auf diesem Boden!\u201cDie gesamte Laudatio k\u00f6nnen Sie hier anschauen.\u00a0Mit dem Leuchtturm werden au\u00dfergew\u00f6hnliche Recherchen ausgezeichnet, die besonders bedeutend f\u00fcr den \u00f6ffentlichen Diskurs sind. In den vergangenen Jahren ging der Preis unter anderem an Recherchen zu #MeToo, dem Tod von Jina Mahsa Amini oder die Aufdeckung der Relotius-F\u00e4lschungen. Auch der t\u00fcrkische Exiljournalist Can D\u00fcndar erhielt 2016 den Preis f\u00fcr seinen Kampf f\u00fcr die Pressefreiheit. Mit ihm gr\u00fcndeten wir die Plattform #\u00d6ZG\u00dcR\u00dcZ und legten so den Grundstein f\u00fcr CORRECTIV.Exile, um Exiljournalisten zu st\u00e4rken und ihnen eine Gemeinschaft zu bieten.\u00a0Zur Quelle wechselnAuthor: Anna Kassin"},{"@context":"https:\/\/schema.org\/","@type":"BreadcrumbList","itemListElement":[{"@type":"ListItem","position":1,"name":"CORRECTIV erh\u00e4lt den Leuchtturm f\u00fcr besondere publizistische Leistungen 2024","item":"https:\/\/www.bachhausen.de\/correctiv-erhaelt-den-leuchtturm-fuer-besondere-publizistische-leistungen-2024\/#breadcrumbitem"}]}]