[{"@context":"https:\/\/schema.org\/","@type":"NewsArticle","@id":"https:\/\/www.bachhausen.de\/debatte-um-jugendpflege-zwei-stellen-im-koelner-norden-bleiben-unbesetzt\/#NewsArticle","mainEntityOfPage":"https:\/\/www.bachhausen.de\/debatte-um-jugendpflege-zwei-stellen-im-koelner-norden-bleiben-unbesetzt\/","headline":"Debatte um Jugendpflege: Zwei Stellen im K\u00f6lner Norden bleiben unbesetzt","name":"Debatte um Jugendpflege: Zwei Stellen im K\u00f6lner Norden bleiben unbesetzt","description":"Aufgrund von Sparma\u00dfnahmen sollen die Jugendpflege-Stellen im K\u00f6lner Norden ein Jahr lang unbesetzt bleiben. Das wollen die Politiker nicht hinnehmen.","datePublished":"2025-08-07","dateModified":"2025-08-07","author":{"@type":"Person","@id":"##Person","name":"K\u00f6lner Stadtanzeiger","url":"#","identifier":3,"image":{"@type":"ImageObject","@id":"https:\/\/secure.gravatar.com\/avatar\/a3f43e8250594c4ed8be9e86201eefa6cc06ef89c032788db696432ac7e77173?s=96&d=monsterid&r=g","url":"https:\/\/secure.gravatar.com\/avatar\/a3f43e8250594c4ed8be9e86201eefa6cc06ef89c032788db696432ac7e77173?s=96&d=monsterid&r=g","height":96,"width":96}},"publisher":{"@type":"Person","name":"Dirk Bachhausen","image":{"@type":"ImageObject","@id":"https:\/\/www.bachhausen.de\/wp-content\/uploads\/2019\/07\/dirk_profil-300x300.jpg","url":"https:\/\/www.bachhausen.de\/wp-content\/uploads\/2019\/07\/dirk_profil-300x300.jpg","width":600,"height":60}},"image":{"@type":"ImageObject","@id":"https:\/\/www.bachhausen.de\/wp-content\/uploads\/2019\/07\/dirk_profil-300x300.jpg","url":"https:\/\/www.bachhausen.de\/wp-content\/uploads\/2019\/07\/dirk_profil-300x300.jpg","width":100,"height":100},"url":"https:\/\/www.bachhausen.de\/debatte-um-jugendpflege-zwei-stellen-im-koelner-norden-bleiben-unbesetzt\/","about":["K\u00f6ln","Stadtbezirk Chorweiler"],"wordCount":22,"articleBody":"Aufgrund von Sparma\u00dfnahmen sollen die Jugendpflege-Stellen im K\u00f6lner Norden ein Jahr lang unbesetzt bleiben. Das wollen die Politiker nicht hinnehmen."},{"@context":"https:\/\/schema.org\/","@type":"BreadcrumbList","itemListElement":[{"@type":"ListItem","position":1,"name":"Debatte um Jugendpflege: Zwei Stellen im K\u00f6lner Norden bleiben unbesetzt","item":"https:\/\/www.bachhausen.de\/debatte-um-jugendpflege-zwei-stellen-im-koelner-norden-bleiben-unbesetzt\/#breadcrumbitem"}]}]