[{"@context":"https:\/\/schema.org\/","@type":"NewsArticle","@id":"https:\/\/www.bachhausen.de\/der-afd-mann-der-deutschland-als-gmbh-bezeichnet\/#NewsArticle","mainEntityOfPage":"https:\/\/www.bachhausen.de\/der-afd-mann-der-deutschland-als-gmbh-bezeichnet\/","headline":"Der AfD-Mann, der Deutschland als GmbH bezeichnet","name":"Der AfD-Mann, der Deutschland als GmbH bezeichnet","description":"Dieser Artikel stammt von CORRECTIV.Faktencheck \/ Zur Quelle wechseln In den s\u00e4chsischen Landtag zieht wohl ein AfD-Mann ein, der das Parteiensystem \u201everabscheut\u201c. Georg Ferdinand Wiedeburg errang bei den Landtagswahlen im September ein Direktmandat. CORRECTIV liegt exklusiv eine Tonaufnahme vor, in der Wiedeburg am Rande eines Anti-Asyl-Protests am 31. Januar 2023&#8230;","datePublished":"2024-09-19","dateModified":"2024-09-19","author":{"@type":"Person","@id":"##Person","name":"Correctiv.org","url":"#","identifier":15,"image":{"@type":"ImageObject","@id":"https:\/\/secure.gravatar.com\/avatar\/51a6c0962ec4a7a9fff8508f3b6a21069f40fbb9a1ee7294cca7a040ced87b6c?s=96&d=monsterid&r=g","url":"https:\/\/secure.gravatar.com\/avatar\/51a6c0962ec4a7a9fff8508f3b6a21069f40fbb9a1ee7294cca7a040ced87b6c?s=96&d=monsterid&r=g","height":96,"width":96}},"publisher":{"@type":"Person","name":"Dirk Bachhausen","image":{"@type":"ImageObject","@id":"https:\/\/www.bachhausen.de\/wp-content\/uploads\/2019\/07\/dirk_profil-300x300.jpg","url":"https:\/\/www.bachhausen.de\/wp-content\/uploads\/2019\/07\/dirk_profil-300x300.jpg","width":600,"height":60}},"image":{"@type":"ImageObject","@id":"https:\/\/www.bachhausen.de\/wp-content\/uploads\/2023\/09\/Zeitungsleser.webp","url":"https:\/\/www.bachhausen.de\/wp-content\/uploads\/2023\/09\/Zeitungsleser.webp","height":534,"width":800},"url":"https:\/\/www.bachhausen.de\/der-afd-mann-der-deutschland-als-gmbh-bezeichnet\/","about":["Politik"],"wordCount":1015,"keywords":["bezeichnet","deutschland"],"articleBody":"Dieser Artikel stammt von CORRECTIV.Faktencheck \/ Zur Quelle wechselnIn den s\u00e4chsischen Landtag zieht wohl ein AfD-Mann ein, der das Parteiensystem \u201everabscheut\u201c. Georg Ferdinand Wiedeburg errang bei den Landtagswahlen im September ein Direktmandat. CORRECTIV liegt exklusiv eine Tonaufnahme vor, in der Wiedeburg am Rande eines Anti-Asyl-Protests am 31. Januar 2023 im nords\u00e4chsischen Strelln mit \u00c4u\u00dferungen auff\u00e4llt, die dem Reichsb\u00fcrger- und Souver\u00e4nisten-Milieu zugeordnet werden k\u00f6nnen.In der Aufnahme sagt er: \u201eWir verabscheuen diese Regierung, wir verabscheuen dieses Parteiensystem, was sich etabliert hat und sich den Staat zur Beute gemacht hat.\u201c Mindestens werfen seine \u00c4u\u00dferungen Fragen zu seiner demokratischen Haltung auf. Denn laut Wiedeburg ist die Bundesrepublik Deutschland eine GmbH und ein von Amerikanern \u201ebesetztes Land\u201c. Auf die Frage, welche seine Alternative zum politischen System sei, antwortete er: \u201eAufl\u00f6sung\u201c.Sein Fall hat Bedeutung \u00fcber seine Person hinaus. Er wirft die Frage auf, wie nah die AfD als solches\u00a0 Reichsb\u00fcrgern und Souver\u00e4nisten steht \u2013 ob sie sich so klar abgrenzt, wie sie behauptet. Oder ob der Geist der Ideologie, die die Bundesrepublik insgesamt nicht als souver\u00e4nen Staat anerkennt, tief in die Partei hinein wirkt. CORRECTIV hat die AfD im Bund und Sachsen gefragt, ob Wiedeburg damit die Parteilinie vertritt. Die AfD hat sich zu den Fragen nicht ge\u00e4u\u00dfert.AfD-Mann Wiedeburg zwischen Kommunalpolitik und ProtestorganisationWiedeburg ist schon l\u00e4nger politisch aktiv. Seit 2019 sitzt er f\u00fcr die AfD im Eilenburger Stadtrat. Nun ist er Fraktionsvorsitzender der AfD-Fraktion, die sich aus sieben AfD-Leuten und einem Mandat der rechtsextremen Kleinpartei \u201eFreie Sachsen\u201c zusammensetzt. In Eilenburg bilden Sie gemeinsam die st\u00e4rkste Fraktion. Und das, obwohl sich die Partei offiziell mit einer \u201eUnvereinbarkeitsliste f\u00fcr AfD-Mitgliedschaft\u201c von den \u201eFreien Sachsen\u201c abgrenzt, wie wir bereits in einem Video auf der Plattform Instagram berichteten.Der ehemalige Bauleiter ist in Eilenburg besonders als Initiator und Organisator zahlreicher rechter Stra\u00dfenproteste bekannt. Im Januar 2023 nahm er an einer von den \u201eFreien Sachsen\u201c angemeldeten Versammlung teil. Die Teilnehmer protestierten gegen 96 Gefl\u00fcchtete, die auf dem Gel\u00e4nde eines ehemaligen Munitionsdepots in Wohncontainern unterkommen sollten.Am Rande dieser Veranstaltung fiel Wiedeburg durch die \u00c4u\u00dferung verschiedener Verschw\u00f6rungsmythen auf: Deutschland sei von Amerikanern besetzt. Auf Nachfrage einer SPIEGEL TV-Journalistin, ob Deutschland eine GmbH sei, antwortete er mit \u201eJa\u201c. Der Zwei-plus-Vier-Vertrag sei \u201eUnsinn\u201c, weshalb er \u201eFreundschaft\u201c und einen \u201eFriedensvertrag\u201c mit Russland forderte. Dieser Verschw\u00f6rungserz\u00e4hlung zufolge befinden sich Deutschland und Russland offiziell im Kriegszustand. Eine Behauptung, die CORRECTIV bereits 2022 in einem Faktencheck widerlegte. \u201eRussland und Deutschland sind nat\u00fcrliche Partner\u201c, \u00e4u\u00dferte der Kreisvorsitzende der AfD Kreistagsfraktion Nordsachsen weiterhin. Auf Nachfrage von CORRECTIV, ob er an seinen Aussagen festhalte, antwortete er nicht.\u201eVerschw\u00f6rungsideologisch\u201c: Rechtsextremismusexperte ordnet Aussagen einDiese Behauptungen sind Chiffren. Sie werden h\u00e4ufig von Reichsb\u00fcrgern und verschw\u00f6rungsideologischen Souver\u00e4nisten genutzt, sagt Rechtsextremismusexperte Jan Rathje. Teile von Wiedeburgs Aussagen seien dem \u201everschw\u00f6rungsideologisch- souver\u00e4nistischen Milieu von Reichsb\u00fcrgern und Anderen zuzurechnen\u201c, so der Forscher beim Center f\u00fcr Monitoring, Analyse und Strategie, kurz CeMAS. \u201eReichsb\u00fcrger\u201c und \u201eSelbstverwalter\u201c \u2013 so lauten die amtlich genutzten Begriffe f\u00fcr Gruppierungen oder Einzelpersonen, die aus ideologischen Gr\u00fcnden die Bundesrepublik Deutschland ablehnen. Der Begriff verschw\u00f6rungsideologische Souver\u00e4nisten weitet den Blick auf ein vielschichtiges Milieu, dessen Mitglieder von Verschw\u00f6rungsideologien getrieben sind.Unsere Recherche zeigt: Die Narrative d\u00fcrften ihm auch heute nicht fern sein. In Delitzsch, einer Stadt in Nordsachsen, fand kurz vor der Landtagswahl eine \u00fcberparteiliche Kundgebung, organisiert von der prorussischen \u201ebundesweiten Interessengemeinschaft Aufbruch Deutschland\u201c, statt, die durch den rechtsextremen Ex-AfD-Politiker Andr\u00e9 Poggenburg vertreten wird. Auf der B\u00fchne prangt ein Banner mit der Aufschrift \u201eGegen transatlantische Fremdbestimmung und Besatzung. F\u00fcr Ausgleich mit Russland und Frieden in Europa\u201c. Georg Ferdinand Wiedeburg ist einer der AfD-Kandidaten zur Landtagswahl, die an dieser Veranstaltung teilnahmen.Wie nah ist die AfD an Reichsb\u00fcrgern und anderen Souver\u00e4nisten?Immer wieder fallen AfD-Mitglieder durch N\u00e4he zu verschw\u00f6rungsideologischen Souver\u00e4nisten und Reichsb\u00fcrgern auf. Vor einem Monat berichtete MDR Investigativ \u00fcber den AfD-Kandidaten David Kreiselmeier zur Oberb\u00fcrgermeisterwahl in Wei\u00dfwasser, einer Gro\u00dfen Kreisstadt in der Oberlausitz. Kreiselmeier soll offenbar ein Reichsb\u00fcrger sein, ergaben die MDR-Recherchen. Im Jahr 2022 soll er eine Initiativbewerbung an das \u201eK\u00f6nigreich Deutschland\u201c gesendet haben \u2013 eine der bedeutendsten Gruppierungen der Reichsb\u00fcrger-Szene. Ihr Ziel ist es laut Bundesamt f\u00fcr Verfassungsschutz, die \u201eg\u00fcltige Rechtsordnung der Bundesrepublik Deutschland au\u00dfer Kraft zu setzen und durch ein eigenes System zu ersetzen, in dem demokratische Grunds\u00e4tze und Gesetze wie auch staatliche Schutzvorschriften generell keine Geltung haben sollen.\u201cDer wohl pr\u00e4gnanteste Fall: Birgit Malsack-Winkemann sitzt seit einer Gro\u00dfrazzia gegen die \u201eReichsb\u00fcrger\u201c-Szene im Dezember 2022 in Untersuchungshaft. Der ehemaligen AfD-Bundestagsabgeordneten wird die Bildung bzw. Unterst\u00fctzung einer terroristischen Vereinigung, der sogenannten Patriotischen Union, vorgeworfen. Die Gruppe soll einen Umsturz unter Waffengewalt geplant haben.Laut Jan Rathje sind AfD-Anh\u00e4nger und Mitglieder aus verschiedenen Gr\u00fcnden durch Mitgliedschaften im Reichsb\u00fcrgermilieu aufgefallen. Die Partei mache sich f\u00fcr das Milieu attraktiv. So schrieb etwa die AfD in ihrem Grundsatzproblem 2016, \u201edass ein heimlicher Souver\u00e4n hinter allen Parteien in Deutschland stehen w\u00fcrde\u201c, so Rathje. Es ist ein Problem, wenn Menschen, die Deutschland als liberale Demokratie ablehnen, in Parlamente einziehen: Denn der Effekt sei, dass dies als zunehmend normaler erscheine, sagt Rathje. Nach dem Motto: \u201eWenn das der Kreistagsabgeordnete gesagt hat oder eine Person aus dem Landtag, hat das einen h\u00f6heren Stellenwert, als wenn es von einer Person ohne diese Machtressource ge\u00e4u\u00dfert wird.\u201cZudem: Sitzen Reichsb\u00fcrger und verschw\u00f6rungsideologische Souver\u00e4nisten in Parlamenten, bedeutet dies, dass der Bund oder ein Bundesland diese Menschen, die die Bundesrepublik gar nicht anerkennen, mit Steuergeldern bezahlen \u2013 daf\u00fcr, dass sie mit ihren Ideologien an der Zerst\u00f6rung der demokratischen Strukturen arbeiten, von denen sie bezahlt werden. Zum Beispiel, indem sie Organisationen, die f\u00fcr eine liberale, offene, demokratische Gesellschaft und f\u00fcr Menschenrechte einstehen, Hindernisse in den Weg legen k\u00f6nnen. Organisationen, die besonders in Sachsen wichtig sind.Recherche: Niclas FiegertRedaktion: Anette Dowideit, Martin B\u00f6hmer, Marcus BensmannFaktencheck: Marcus BensmannDesign: Ivo MayrZur Quelle wechselnAuthor: Martin B\u00f6hmer"},{"@context":"https:\/\/schema.org\/","@type":"BreadcrumbList","itemListElement":[{"@type":"ListItem","position":1,"name":"Der AfD-Mann, der Deutschland als GmbH bezeichnet","item":"https:\/\/www.bachhausen.de\/der-afd-mann-der-deutschland-als-gmbh-bezeichnet\/#breadcrumbitem"}]}]