[{"@context":"https:\/\/schema.org\/","@type":"NewsArticle","@id":"https:\/\/www.bachhausen.de\/der-fruehling-ist-da\/#NewsArticle","mainEntityOfPage":"https:\/\/www.bachhausen.de\/der-fruehling-ist-da\/","headline":"Der Fr\u00fchling ist da!","name":"Der Fr\u00fchling ist da!","description":"B\u00fcrgerverein Lindweiler e.V. Liebe Mitglieder des B\u00fcrgervereins Lindweiler, der Fr\u00fchling ist da \u2013 die Tage werden l\u00e4nger, die Sonne zeigt sich wieder h\u00e4ufiger und \u00fcberall beginnt es zu bl\u00fchen. Genau diese besondere Zeit m\u00f6chten wir gemeinsam mit euch feiern! Am 1. Mai ist es wieder so weit: Unser traditionelles Maifest&#8230;","datePublished":"2026-03-21","dateModified":"2026-03-21","author":{"@type":"Person","@id":"##Person","name":"Dirk Bachhausen","url":"#","identifier":22,"image":{"@type":"ImageObject","@id":"https:\/\/secure.gravatar.com\/avatar\/93ae70f78458966061adb399322453e29dbd2355588a233ff1df8b839ed01f72?s=96&d=monsterid&r=g","url":"https:\/\/secure.gravatar.com\/avatar\/93ae70f78458966061adb399322453e29dbd2355588a233ff1df8b839ed01f72?s=96&d=monsterid&r=g","height":96,"width":96}},"publisher":{"@type":"Person","name":"Dirk Bachhausen","image":{"@type":"ImageObject","@id":"https:\/\/www.bachhausen.de\/wp-content\/uploads\/2019\/07\/dirk_profil-300x300.jpg","url":"https:\/\/www.bachhausen.de\/wp-content\/uploads\/2019\/07\/dirk_profil-300x300.jpg","width":600,"height":60}},"image":{"@type":"ImageObject","@id":"https:\/\/www.bachhausen.de\/wp-content\/uploads\/2019\/07\/dirk_profil-300x300.jpg","url":"https:\/\/www.bachhausen.de\/wp-content\/uploads\/2019\/07\/dirk_profil-300x300.jpg","width":100,"height":100},"url":"https:\/\/www.bachhausen.de\/der-fruehling-ist-da\/","about":["Lindweiler"],"wordCount":74,"articleBody":"B\u00fcrgerverein Lindweiler e.V.Liebe Mitglieder des B\u00fcrgervereins Lindweiler, der Fr\u00fchling ist da \u2013 die Tage werden l\u00e4nger, die Sonne zeigt sich wieder h\u00e4ufiger und \u00fcberall beginnt es zu bl\u00fchen. Genau diese besondere Zeit m\u00f6chten wir gemeinsam mit euch feiern! Am 1. Mai ist es wieder so weit: Unser traditionelles Maifest steht vor der T\u00fcr. Ein Tag voller Begegnungen, guter Gespr\u00e4che, fr\u00f6hlicher Stimmung und gemeinsamer\u2026Quelle"},{"@context":"https:\/\/schema.org\/","@type":"BreadcrumbList","itemListElement":[{"@type":"ListItem","position":1,"name":"Der Fr\u00fchling ist da!","item":"https:\/\/www.bachhausen.de\/der-fruehling-ist-da\/#breadcrumbitem"}]}]