[{"@context":"https:\/\/schema.org\/","@type":"NewsArticle","@id":"https:\/\/www.bachhausen.de\/derstandard-at-hasskriminalitaet-u-haft-fuer-13-verdaechtige-verlaengert\/#NewsArticle","mainEntityOfPage":"https:\/\/www.bachhausen.de\/derstandard-at-hasskriminalitaet-u-haft-fuer-13-verdaechtige-verlaengert\/","headline":"derStandard.at: Hasskriminalit\u00e4t &#8211; U-Haft f\u00fcr 13 Verd\u00e4chtige verl\u00e4ngert","name":"derStandard.at: Hasskriminalit\u00e4t &#8211; U-Haft f\u00fcr 13 Verd\u00e4chtige verl\u00e4ngert","description":"Eine T\u00e4tergruppe hatte Opfer mit der Aussicht auf Dates in Fallen gelockt, sie misshandelt und gedem\u00fctigt. Bei einem Drittel der Betroffenen d\u00fcrfte es sich um Homosexuelle handeln Direktlink","datePublished":"2025-04-08","dateModified":"2025-04-08","author":{"@type":"Person","@id":"##Person","name":"Redaktion","url":"#","identifier":19,"image":{"@type":"ImageObject","@id":"https:\/\/secure.gravatar.com\/avatar\/?s=96&d=monsterid&r=g","url":"https:\/\/secure.gravatar.com\/avatar\/?s=96&d=monsterid&r=g","height":96,"width":96}},"publisher":{"@type":"Person","name":"Dirk Bachhausen","image":{"@type":"ImageObject","@id":"https:\/\/www.bachhausen.de\/wp-content\/uploads\/2019\/07\/dirk_profil-300x300.jpg","url":"https:\/\/www.bachhausen.de\/wp-content\/uploads\/2019\/07\/dirk_profil-300x300.jpg","width":600,"height":60}},"image":{"@type":"ImageObject","@id":"https:\/\/www.bachhausen.de\/wp-content\/uploads\/2023\/09\/Zeitungsleser.webp","url":"https:\/\/www.bachhausen.de\/wp-content\/uploads\/2023\/09\/Zeitungsleser.webp","height":534,"width":800},"url":"https:\/\/www.bachhausen.de\/derstandard-at-hasskriminalitaet-u-haft-fuer-13-verdaechtige-verlaengert\/","about":["Allgemein"],"wordCount":31,"keywords":["derstandard","hasskriminalitat","verdachtige","verlangert"],"articleBody":"Eine T\u00e4tergruppe hatte Opfer mit der Aussicht auf Dates in Fallen gelockt, sie misshandelt und gedem\u00fctigt. Bei einem Drittel der Betroffenen d\u00fcrfte es sich um Homosexuelle handeln Direktlink"},{"@context":"https:\/\/schema.org\/","@type":"BreadcrumbList","itemListElement":[{"@type":"ListItem","position":1,"name":"derStandard.at: Hasskriminalit\u00e4t &#8211; U-Haft f\u00fcr 13 Verd\u00e4chtige verl\u00e4ngert","item":"https:\/\/www.bachhausen.de\/derstandard-at-hasskriminalitaet-u-haft-fuer-13-verdaechtige-verlaengert\/#breadcrumbitem"}]}]