[{"@context":"https:\/\/schema.org\/","@type":"NewsArticle","@id":"https:\/\/www.bachhausen.de\/derstandard-at-kommentiert-orbans-pride-verbot-ist-ein-signal-an-rechte-kulturkaempfer-von-moskau-bis-washington\/#NewsArticle","mainEntityOfPage":"https:\/\/www.bachhausen.de\/derstandard-at-kommentiert-orbans-pride-verbot-ist-ein-signal-an-rechte-kulturkaempfer-von-moskau-bis-washington\/","headline":"derStandard.at kommentiert: Orb\u00e1ns Pride-Verbot ist ein Signal an rechte Kulturk\u00e4mpfer von Moskau bis Washington","name":"derStandard.at kommentiert: Orb\u00e1ns Pride-Verbot ist ein Signal an rechte Kulturk\u00e4mpfer von Moskau bis Washington","description":"Mit einem unwissenschaftlichen Jugendschutzargument hat Ungarn das LGBTIQ-Versammlungsrecht abgeschafft. Die Budapester Parade soll trotzdem stattfinden Direktlink","datePublished":"2025-03-20","dateModified":"2025-03-20","author":{"@type":"Person","@id":"##Person","name":"Redaktion","url":"#","identifier":19,"image":{"@type":"ImageObject","@id":"https:\/\/secure.gravatar.com\/avatar\/?s=96&d=monsterid&r=g","url":"https:\/\/secure.gravatar.com\/avatar\/?s=96&d=monsterid&r=g","height":96,"width":96}},"publisher":{"@type":"Person","name":"Dirk Bachhausen","image":{"@type":"ImageObject","@id":"https:\/\/www.bachhausen.de\/wp-content\/uploads\/2019\/07\/dirk_profil-300x300.jpg","url":"https:\/\/www.bachhausen.de\/wp-content\/uploads\/2019\/07\/dirk_profil-300x300.jpg","width":600,"height":60}},"image":{"@type":"ImageObject","@id":"https:\/\/www.bachhausen.de\/wp-content\/uploads\/2023\/09\/Zeitungsleser.webp","url":"https:\/\/www.bachhausen.de\/wp-content\/uploads\/2023\/09\/Zeitungsleser.webp","height":534,"width":800},"url":"https:\/\/www.bachhausen.de\/derstandard-at-kommentiert-orbans-pride-verbot-ist-ein-signal-an-rechte-kulturkaempfer-von-moskau-bis-washington\/","about":["Allgemein"],"wordCount":16,"keywords":["derstandard","kommentiert","orbans","pride","rechte","signal","verbot"],"articleBody":"Mit einem unwissenschaftlichen Jugendschutzargument hat Ungarn das LGBTIQ-Versammlungsrecht abgeschafft. Die Budapester Parade soll trotzdem stattfinden Direktlink"},{"@context":"https:\/\/schema.org\/","@type":"BreadcrumbList","itemListElement":[{"@type":"ListItem","position":1,"name":"derStandard.at kommentiert: Orb\u00e1ns Pride-Verbot ist ein Signal an rechte Kulturk\u00e4mpfer von Moskau bis Washington","item":"https:\/\/www.bachhausen.de\/derstandard-at-kommentiert-orbans-pride-verbot-ist-ein-signal-an-rechte-kulturkaempfer-von-moskau-bis-washington\/#breadcrumbitem"}]}]