[{"@context":"https:\/\/schema.org\/","@type":"NewsArticle","@id":"https:\/\/www.bachhausen.de\/derstandard-at-pride-parade-der-demokratiefeinde\/#NewsArticle","mainEntityOfPage":"https:\/\/www.bachhausen.de\/derstandard-at-pride-parade-der-demokratiefeinde\/","headline":"derStandard.at: Pride-Parade der Demokratiefeinde","name":"derStandard.at: Pride-Parade der Demokratiefeinde","description":"Viktor Orb\u00e1n hat s\u00e4mtlichen Unholden, die derzeit zum Gro\u00dfangriff auf die Demokratie antreten, die Latte ziemlich hoch gelegt Direktlink","datePublished":"2025-03-21","dateModified":"2025-03-21","author":{"@type":"Person","@id":"##Person","name":"Redaktion","url":"#","identifier":19,"image":{"@type":"ImageObject","@id":"https:\/\/secure.gravatar.com\/avatar\/?s=96&d=monsterid&r=g","url":"https:\/\/secure.gravatar.com\/avatar\/?s=96&d=monsterid&r=g","height":96,"width":96}},"publisher":{"@type":"Person","name":"Dirk Bachhausen","image":{"@type":"ImageObject","@id":"https:\/\/www.bachhausen.de\/wp-content\/uploads\/2019\/07\/dirk_profil-300x300.jpg","url":"https:\/\/www.bachhausen.de\/wp-content\/uploads\/2019\/07\/dirk_profil-300x300.jpg","width":600,"height":60}},"image":{"@type":"ImageObject","@id":"https:\/\/www.bachhausen.de\/wp-content\/uploads\/2023\/09\/Zeitungsleser.webp","url":"https:\/\/www.bachhausen.de\/wp-content\/uploads\/2023\/09\/Zeitungsleser.webp","height":534,"width":800},"url":"https:\/\/www.bachhausen.de\/derstandard-at-pride-parade-der-demokratiefeinde\/","about":["Allgemein"],"wordCount":22,"keywords":["demokratiefeinde","derstandard","parade","pride"],"articleBody":"Viktor Orb\u00e1n hat s\u00e4mtlichen Unholden, die derzeit zum Gro\u00dfangriff auf die Demokratie antreten, die Latte ziemlich hoch gelegt Direktlink"},{"@context":"https:\/\/schema.org\/","@type":"BreadcrumbList","itemListElement":[{"@type":"ListItem","position":1,"name":"derStandard.at: Pride-Parade der Demokratiefeinde","item":"https:\/\/www.bachhausen.de\/derstandard-at-pride-parade-der-demokratiefeinde\/#breadcrumbitem"}]}]